{"id":79186,"date":"2025-09-23T11:13:54","date_gmt":"2025-09-23T11:13:54","guid":{"rendered":"https:\/\/goiasemtempo.com.br\/home\/?p=79186"},"modified":"2025-09-23T11:13:54","modified_gmt":"2025-09-23T11:13:54","slug":"governo-de-goias-conquista-premio-nacional-por-excelencia-da-saude","status":"publish","type":"post","link":"https:\/\/goiasemtempo.com.br\/home\/governo-de-goias-conquista-premio-nacional-por-excelencia-da-saude\/","title":{"rendered":"Governo de Goi\u00e1s conquista pr\u00eamio nacional por excel\u00eancia da sa\u00fade"},"content":{"rendered":"<p>A Secretaria de Estado da Sa\u00fade (SES) conquistou o Pr\u00eamio Excel\u00eancia da Sa\u00fade promovido pelo Grupo M\u00eddia, uma das mais importantes premia\u00e7\u00f5es do Pa\u00eds nas \u00e1reas de gerenciamento, tecnologia e inova\u00e7\u00e3o. A cerim\u00f4nia de entrega da honraria foi realizada no \u00faltimo s\u00e1bado (20\/09), em Ribeir\u00e3o Preto (SP). A solenidade reuniu empres\u00e1rios, engenheiros e pesquisadores de v\u00e1rios Estados brasileiros.<\/p>\n<p>O titular da SES, Ras\u00edvel Santos, destacou que a conquista do Pr\u00eamio Excel\u00eancia em Sa\u00fade representa um cap\u00edtulo a mais na hist\u00f3ria de \u00eaxitos alcan\u00e7ados pela Sa\u00fade estadual. S\u00f3 neste semestre, a pasta recebeu quatro premia\u00e7\u00f5es. Em agosto, dois programas em inova\u00e7\u00e3o digital \u2013 Meu Prontu\u00e1rio Eletr\u00f4nico (Meu PEP) e Exames laboratoriais (Hemograma) usando FHIR \u2013 foram agraciados com o 1\u00ba e o 2\u00ba lugares no Pr\u00eamio da Associa\u00e7\u00e3o Brasileira das Entidades Estaduais de Tecnologia de Informa\u00e7\u00e3o e Comunica\u00e7\u00e3o (Abep-TIC).<\/p>\n<p>No in\u00edcio deste m\u00eas, a SES obteve a primeira coloca\u00e7\u00e3o no 2\u00ba Pr\u00eamio de Inova\u00e7\u00e3o do Setor P\u00fablico de Goi\u00e1s, tamb\u00e9m com o programa Meu PEP. Representantes do Grupo M\u00eddia destacaram que a escolha da\u00a0<a href=\"https:\/\/goias.gov.br\/saude\/\" target=\"_blank\" rel=\"noreferrer noopener\">SES<\/a>\u00a0se deu em reconhecimento aos investimentos em tecnologia voltada \u00e0 gest\u00e3o, fator que a destacou entre as institui\u00e7\u00f5es avaliadas.<\/p>\n<p><strong>Durante a solenidade, Ras\u00edvel Santos informou que o Governo de Goi\u00e1s tem como uma de suas prioridades o desenvolvimento e a implementa\u00e7\u00e3o constante de novas tecnologias na \u00e1rea da sa\u00fade.<\/strong><\/p>\n<p>Ele assinalou que os 25 hospitais e as 6 policl\u00ednicas de sa\u00fade localizados em munic\u00edpios estrat\u00e9gicos do territ\u00f3rio goiano utilizam as solu\u00e7\u00f5es tecnol\u00f3gicas para a gest\u00e3o oferecidas pela empresa MV, o que permite a integra\u00e7\u00e3o de dados assistenciais e a otimiza\u00e7\u00e3o de processos.<\/p>\n<p>O secret\u00e1rio afirmou que Goi\u00e1s, por meio de parceria com a Universidade Federal de Goi\u00e1s (UFG), \u00e9 o \u00fanico estado do pa\u00eds que realiza as publica\u00e7\u00f5es da sa\u00fade em HL7 FHIR, o que possibilita a interoperabilidade \u2013 acesso \u00e0s informa\u00e7\u00f5es cl\u00ednicas por outros sistemas e plataformas.<\/p>\n<p>Ele ressaltou que a interoperabilidade \u00e9 importante neste momento em que o Governo de Goi\u00e1s inaugura o Complexo Oncol\u00f3gico de Refer\u00eancia do Estado de Goi\u00e1s (Cora) para tratamento do c\u00e2ncer em crian\u00e7as e adolescentes.<\/p>\n<blockquote class=\"wp-block-quote is-layout-flow wp-block-quote-is-layout-flow\"><p>\u201cJ\u00e1 recebemos pacientes do Hospital do Amor, de Barretos, que vieram com a interoperabilidade\u201d, acentuou o titular da SES.<\/p><\/blockquote>\n<p>Essa quest\u00e3o, conforme diz, garante efici\u00eancia e otimiza o acesso da popula\u00e7\u00e3o aos servi\u00e7os, o que reduz as mortes evit\u00e1veis.<\/p>\n","protected":false},"excerpt":{"rendered":"<p>A Secretaria de Estado da Sa\u00fade (SES) conquistou o Pr\u00eamio Excel\u00eancia da Sa\u00fade promovido pelo Grupo M\u00eddia, uma das mais importantes premia\u00e7\u00f5es do Pa\u00eds nas \u00e1reas de gerenciamento, tecnologia e inova\u00e7\u00e3o. A cerim\u00f4nia de entrega da honraria foi realizada no \u00faltimo s\u00e1bado (20\/09), em Ribeir\u00e3o Preto (SP). A solenidade reuniu empres\u00e1rios, engenheiros e pesquisadores de &hellip;<\/p>\n","protected":false},"author":3,"featured_media":79187,"comment_status":"closed","ping_status":"open","sticky":false,"template":"","format":"standard","meta":{"_exactmetrics_skip_tracking":false,"_exactmetrics_sitenote_active":false,"_exactmetrics_sitenote_note":"","_exactmetrics_sitenote_category":0,"footnotes":""},"categories":[15,19,16],"tags":[],"_links":{"self":[{"href":"https:\/\/goiasemtempo.com.br\/home\/wp-json\/wp\/v2\/posts\/79186"}],"collection":[{"href":"https:\/\/goiasemtempo.com.br\/home\/wp-json\/wp\/v2\/posts"}],"about":[{"href":"https:\/\/goiasemtempo.com.br\/home\/wp-json\/wp\/v2\/types\/post"}],"author":[{"embeddable":true,"href":"https:\/\/goiasemtempo.com.br\/home\/wp-json\/wp\/v2\/users\/3"}],"replies":[{"embeddable":true,"href":"https:\/\/goiasemtempo.com.br\/home\/wp-json\/wp\/v2\/comments?post=79186"}],"version-history":[{"count":1,"href":"https:\/\/goiasemtempo.com.br\/home\/wp-json\/wp\/v2\/posts\/79186\/revisions"}],"predecessor-version":[{"id":79188,"href":"https:\/\/goiasemtempo.com.br\/home\/wp-json\/wp\/v2\/posts\/79186\/revisions\/79188"}],"wp:featuredmedia":[{"embeddable":true,"href":"https:\/\/goiasemtempo.com.br\/home\/wp-json\/wp\/v2\/media\/79187"}],"wp:attachment":[{"href":"https:\/\/goiasemtempo.com.br\/home\/wp-json\/wp\/v2\/media?parent=79186"}],"wp:term":[{"taxonomy":"category","embeddable":true,"href":"https:\/\/goiasemtempo.com.br\/home\/wp-json\/wp\/v2\/categories?post=79186"},{"taxonomy":"post_tag","embeddable":true,"href":"https:\/\/goiasemtempo.com.br\/home\/wp-json\/wp\/v2\/tags?post=79186"}],"curies":[{"name":"wp","href":"https:\/\/api.w.org\/{rel}","templated":true}]}}