{"id":79085,"date":"2025-09-11T15:39:28","date_gmt":"2025-09-11T15:39:28","guid":{"rendered":"https:\/\/goiasemtempo.com.br\/home\/?p=79085"},"modified":"2025-09-11T15:39:28","modified_gmt":"2025-09-11T15:39:28","slug":"ampliacao-do-sistema-de-abastecimento-de-agua-avanca-no-daia-em-anapolis","status":"publish","type":"post","link":"https:\/\/goiasemtempo.com.br\/home\/ampliacao-do-sistema-de-abastecimento-de-agua-avanca-no-daia-em-anapolis\/","title":{"rendered":"Amplia\u00e7\u00e3o do sistema de abastecimento de \u00e1gua avan\u00e7a no Daia em An\u00e1polis"},"content":{"rendered":"<p>A Companhia de Desenvolvimento Econ\u00f4mico de Goi\u00e1s (Codego) publicou, nesta segunda-feira (8), no Di\u00e1rio Oficial do Estado, dois termos aditivos referentes ao contrato com o Cons\u00f3rcio An\u00e1polis Saneamento. Os documentos tratam da amplia\u00e7\u00e3o do Sistema de Abastecimento de \u00c1gua do Distrito Agroindustrial de An\u00e1polis (Daia).<\/p>\n<p>De acordo com a publica\u00e7\u00e3o, o primeiro aditivo confirma a execu\u00e7\u00e3o de obras que incluem a constru\u00e7\u00e3o de dois reservat\u00f3rios met\u00e1licos, al\u00e9m da reforma de outro j\u00e1 existente, localizado na Esta\u00e7\u00e3o de Tratamento de \u00c1gua (ETA) do distrito. O contrato tamb\u00e9m prev\u00ea a instala\u00e7\u00e3o de um reservat\u00f3rio met\u00e1lico de 2.000 m\u00b3, no regime de execu\u00e7\u00e3o semi-integrada. O valor atualizado do contrato passa a ser de R$ 21,5 milh\u00f5es.<\/p>\n<p>J\u00e1 o segundo termo aditivo estabelece prazo adicional para execu\u00e7\u00e3o das obras, que dever\u00e3o ser conclu\u00eddas entre 24 de novembro de 2025 e 23 de novembro de 2026. O cronograma considera a ordem de in\u00edcio emitida em agosto e garante a continuidade dos servi\u00e7os de expans\u00e3o do sistema h\u00eddrico.<\/p>\n<p>Com a amplia\u00e7\u00e3o, a expectativa \u00e9 de que o Daia tenha maior seguran\u00e7a no fornecimento de \u00e1gua para atender a demanda crescente do polo industrial de An\u00e1polis, considerado estrat\u00e9gico para o desenvolvimento econ\u00f4mico do estado.<\/p>\n","protected":false},"excerpt":{"rendered":"<p>A Companhia de Desenvolvimento Econ\u00f4mico de Goi\u00e1s (Codego) publicou, nesta segunda-feira (8), no Di\u00e1rio Oficial do Estado, dois termos aditivos referentes ao contrato com o Cons\u00f3rcio An\u00e1polis Saneamento. Os documentos tratam da amplia\u00e7\u00e3o do Sistema de Abastecimento de \u00c1gua do Distrito Agroindustrial de An\u00e1polis (Daia). De acordo com a publica\u00e7\u00e3o, o primeiro aditivo confirma a &hellip;<\/p>\n","protected":false},"author":3,"featured_media":79086,"comment_status":"closed","ping_status":"open","sticky":false,"template":"","format":"standard","meta":{"_exactmetrics_skip_tracking":false,"_exactmetrics_sitenote_active":false,"_exactmetrics_sitenote_note":"","_exactmetrics_sitenote_category":0,"footnotes":""},"categories":[18],"tags":[],"_links":{"self":[{"href":"https:\/\/goiasemtempo.com.br\/home\/wp-json\/wp\/v2\/posts\/79085"}],"collection":[{"href":"https:\/\/goiasemtempo.com.br\/home\/wp-json\/wp\/v2\/posts"}],"about":[{"href":"https:\/\/goiasemtempo.com.br\/home\/wp-json\/wp\/v2\/types\/post"}],"author":[{"embeddable":true,"href":"https:\/\/goiasemtempo.com.br\/home\/wp-json\/wp\/v2\/users\/3"}],"replies":[{"embeddable":true,"href":"https:\/\/goiasemtempo.com.br\/home\/wp-json\/wp\/v2\/comments?post=79085"}],"version-history":[{"count":1,"href":"https:\/\/goiasemtempo.com.br\/home\/wp-json\/wp\/v2\/posts\/79085\/revisions"}],"predecessor-version":[{"id":79087,"href":"https:\/\/goiasemtempo.com.br\/home\/wp-json\/wp\/v2\/posts\/79085\/revisions\/79087"}],"wp:featuredmedia":[{"embeddable":true,"href":"https:\/\/goiasemtempo.com.br\/home\/wp-json\/wp\/v2\/media\/79086"}],"wp:attachment":[{"href":"https:\/\/goiasemtempo.com.br\/home\/wp-json\/wp\/v2\/media?parent=79085"}],"wp:term":[{"taxonomy":"category","embeddable":true,"href":"https:\/\/goiasemtempo.com.br\/home\/wp-json\/wp\/v2\/categories?post=79085"},{"taxonomy":"post_tag","embeddable":true,"href":"https:\/\/goiasemtempo.com.br\/home\/wp-json\/wp\/v2\/tags?post=79085"}],"curies":[{"name":"wp","href":"https:\/\/api.w.org\/{rel}","templated":true}]}}