{"id":78983,"date":"2025-08-28T20:52:50","date_gmt":"2025-08-28T20:52:50","guid":{"rendered":"https:\/\/goiasemtempo.com.br\/home\/?p=78983"},"modified":"2025-08-28T20:52:50","modified_gmt":"2025-08-28T20:52:50","slug":"acidente-com-carreta-deixa-3-feridos-e-congestionamento-quilometrico-na-br-060-entre-anapolis-e-brasilia","status":"publish","type":"post","link":"https:\/\/goiasemtempo.com.br\/home\/acidente-com-carreta-deixa-3-feridos-e-congestionamento-quilometrico-na-br-060-entre-anapolis-e-brasilia\/","title":{"rendered":"Acidente com carreta deixa 3 feridos e congestionamento quilom\u00e9trico na BR-060 entre An\u00e1polis e Bras\u00edlia"},"content":{"rendered":"<p>Tr\u00eas pessoas ficaram feridas ap\u00f3s uma\u00a0<a href=\"https:\/\/www.maisgoias.com.br\/cidades\/carreta-tomba-derrama-diesel-e-contamina-ponto-de-captacao-de-agua-em-senador-canedo\/\" target=\"_blank\" rel=\"noreferrer noopener\">carreta tombar<\/a>\u00a0e deixar o tr\u00e2nsito totalmente parado na manh\u00e3 desta quinta-feira (28\/8) na BR-060 no sentido An\u00e1polis-Bras\u00edlia, no trecho entre Abadi\u00e2nia e Alex\u00e2nia. Informa\u00e7\u00f5es preliminares apontam que o ve\u00edculo seguia sentido \u00e0 capital federal, atravessou a pista e tombou no sentido contr\u00e1rio por volta das 5h30. \u00c0s 8h10, a pista foi parcialmente liberada, de modo que carros de passeio conseguem passar lentamente. At\u00e9 a \u00faltima atualiza\u00e7\u00e3o, o congestionamento na via chegava a 8 km.<\/p>\n<p>Caminh\u00f5es e \u00f4nibus permanecem impedidos de seguir viagem no sentido Bras\u00edlia. Segundo informa\u00e7\u00f5es repassadas pela Triunfo Concebra, ve\u00edculos de passeio trafegam pelo acostamento at\u00e9 a passagem pelo\u00a0<a href=\"https:\/\/www.maisgoias.com.br\/cidades\/acidente-tira-vida-de-irmaos-na-br-153-em-rialma\/\" target=\"_blank\" rel=\"noreferrer noopener\">sinistro<\/a>. Ainda de acordo com a empresa, as tr\u00eas v\u00edtimas, que estavam no caminh\u00e3o, foram atendidas e encaminhadas ao Pronto Socorro de Abadi\u00e2nia. Duas delas est\u00e3o em estado moderado e uma em estado leve.<\/p>\n<div id=\"inread1\" class=\"square-ad\" data-google-query-id=\"CJ6ViP2wro8DFaJQuAQdLdAYow\">\n<div id=\"google_ads_iframe_\/176290677\/maisgoias\/inread1_0__container__\"><\/div>\n<\/div>\n<figure class=\"wp-block-image size-large\"><img fetchpriority=\"high\" decoding=\"async\" class=\"wp-image-982952\" src=\"https:\/\/uploads.maisgoias.com.br\/2025\/08\/2208c3f8-untitled-design-960x640.png\" sizes=\"auto, (max-width: 960px) 100vw, 960px\" srcset=\"https:\/\/uploads.maisgoias.com.br\/2025\/08\/2208c3f8-untitled-design-960x640.png 960w, https:\/\/uploads.maisgoias.com.br\/2025\/08\/2208c3f8-untitled-design-450x300.png 450w, https:\/\/uploads.maisgoias.com.br\/2025\/08\/2208c3f8-untitled-design-150x100.png 150w, https:\/\/uploads.maisgoias.com.br\/2025\/08\/2208c3f8-untitled-design-600x400.png 600w, https:\/\/uploads.maisgoias.com.br\/2025\/08\/2208c3f8-untitled-design-70x47.png 70w, https:\/\/uploads.maisgoias.com.br\/2025\/08\/2208c3f8-untitled-design-120x80.png 120w, https:\/\/uploads.maisgoias.com.br\/2025\/08\/2208c3f8-untitled-design-300x200.png 300w\" alt=\"\" width=\"960\" height=\"640\" \/><figcaption class=\"wp-element-caption\">Pista segue parcialmente interditada (Foto: Triunfo Concebra)<\/figcaption><\/figure>\n<p>A Pol\u00edcia Rodovi\u00e1ria Federal permanece no local e meia pista segue bloqueada para a retirada do ve\u00edculo tombado. Sem previs\u00e3o exata de libera\u00e7\u00e3o.<\/p>\n<h2 id=\"h-nota-triunfo-concebra\" class=\"wp-block-heading\">Nota Triunfo Concebra<\/h2>\n<p>\u201c<em>Hoje (28\/08), \u00e0s 5h41, na BR-060, km 46, em Alex\u00e2nia\/GO, ocorreu acidente do tipo tombamento de carreta ba\u00fa. Total de tr\u00eas pessoas envolvidas que foram atendidas pelo socorro m\u00e9dico da Triunfo Concebra, sendo duas em estado moderado e uma em estado leve encaminhadas ao Pronto Socorro de Abadi\u00e2nia.<\/em><\/p>\n<p><em>Em decorr\u00eancia do tombamento as pistas do sentido norte est\u00e3o interditadas. Os ve\u00edculos leves est\u00e3o conseguindo passar no acostamento do canteiro central.<\/em><\/p>\n","protected":false},"excerpt":{"rendered":"<p>Tr\u00eas pessoas ficaram feridas ap\u00f3s uma\u00a0carreta tombar\u00a0e deixar o tr\u00e2nsito totalmente parado na manh\u00e3 desta quinta-feira (28\/8) na BR-060 no sentido An\u00e1polis-Bras\u00edlia, no trecho entre Abadi\u00e2nia e Alex\u00e2nia. Informa\u00e7\u00f5es preliminares apontam que o ve\u00edculo seguia sentido \u00e0 capital federal, atravessou a pista e tombou no sentido contr\u00e1rio por volta das 5h30. \u00c0s 8h10, a pista &hellip;<\/p>\n","protected":false},"author":3,"featured_media":78984,"comment_status":"closed","ping_status":"open","sticky":false,"template":"","format":"standard","meta":{"_exactmetrics_skip_tracking":false,"_exactmetrics_sitenote_active":false,"_exactmetrics_sitenote_note":"","_exactmetrics_sitenote_category":0,"footnotes":""},"categories":[15,62],"tags":[],"_links":{"self":[{"href":"https:\/\/goiasemtempo.com.br\/home\/wp-json\/wp\/v2\/posts\/78983"}],"collection":[{"href":"https:\/\/goiasemtempo.com.br\/home\/wp-json\/wp\/v2\/posts"}],"about":[{"href":"https:\/\/goiasemtempo.com.br\/home\/wp-json\/wp\/v2\/types\/post"}],"author":[{"embeddable":true,"href":"https:\/\/goiasemtempo.com.br\/home\/wp-json\/wp\/v2\/users\/3"}],"replies":[{"embeddable":true,"href":"https:\/\/goiasemtempo.com.br\/home\/wp-json\/wp\/v2\/comments?post=78983"}],"version-history":[{"count":1,"href":"https:\/\/goiasemtempo.com.br\/home\/wp-json\/wp\/v2\/posts\/78983\/revisions"}],"predecessor-version":[{"id":78985,"href":"https:\/\/goiasemtempo.com.br\/home\/wp-json\/wp\/v2\/posts\/78983\/revisions\/78985"}],"wp:featuredmedia":[{"embeddable":true,"href":"https:\/\/goiasemtempo.com.br\/home\/wp-json\/wp\/v2\/media\/78984"}],"wp:attachment":[{"href":"https:\/\/goiasemtempo.com.br\/home\/wp-json\/wp\/v2\/media?parent=78983"}],"wp:term":[{"taxonomy":"category","embeddable":true,"href":"https:\/\/goiasemtempo.com.br\/home\/wp-json\/wp\/v2\/categories?post=78983"},{"taxonomy":"post_tag","embeddable":true,"href":"https:\/\/goiasemtempo.com.br\/home\/wp-json\/wp\/v2\/tags?post=78983"}],"curies":[{"name":"wp","href":"https:\/\/api.w.org\/{rel}","templated":true}]}}