{"id":7897,"date":"2017-12-31T19:51:04","date_gmt":"2017-12-31T19:51:04","guid":{"rendered":"http:\/\/goiasemtempo.com.br\/home\/?p=7897"},"modified":"2017-12-31T19:51:04","modified_gmt":"2017-12-31T19:51:04","slug":"trump-diz-um-pouco-de-aquecimento-global-cairia-bem-para-os-eua","status":"publish","type":"post","link":"https:\/\/goiasemtempo.com.br\/home\/trump-diz-um-pouco-de-aquecimento-global-cairia-bem-para-os-eua\/","title":{"rendered":"Trump diz um pouco de aquecimento global cairia bem para os EUA"},"content":{"rendered":"<p>Washington, 28 dez (EFE).- O presidente dos Estados Unidos, Donald Trump, questionou nesta quinta-feira a mudan\u00e7a clim\u00e1tica e disse que para seu pa\u00eds cairia bem um pouco de aquecimento global para combater as baixas temperaturas esperadas para este fim de ano.<\/p>\n<p>No leste, poderia ser a noite de Fim de Ano mais fria das j\u00e1 registradas. Talvez poder\u00edamos utilizar um pouco desse velho aquecimento global que o nosso pa\u00eds, mas n\u00e3o outros, ia pagar trilh\u00f5es de d\u00f3lares para combater. Abriguem-se!, disse Trump no Twitter.<\/p>\n<p>O presidente americano se referiu assim \u00e0 onda de frio que h\u00e1 dias afeta a costa nordeste e a regi\u00e3o do meio oeste do pa\u00eds e que se espera aumente este fim de semana.<\/p>\n<p>Em muitos munic\u00edpios foram registados recordes de temperaturas negativas, como Embarrass e Cotton, em Minesota, com 40 graus abaixo de zero; 35 graus negativos em Watertown, Nova York; e 20 graus negativos na cidade de Detroit, em Michigan.<\/p>\n<p>Nos pr\u00f3ximos dias s\u00e3o esperadas temperaturas ainda mais baixas, vento de origem \u00e1rtica e neve em boa parte do pa\u00eds.<\/p>\n<p>Com sua mensagem sobre a onda de frio, Trump revive sua particular pol\u00eamica sobre o aquecimento global, cuja exist\u00eancia negou e disse que \u00e9 uma inven\u00e7\u00e3o da China.<\/p>\n<p>Trump retirou em junho os EUA do Acordo de Paris numa controversa decis\u00e3o que deixa o pa\u00eds como o \u00fanico do mundo fora do tratado sobre a mudan\u00e7a clim\u00e1tica. EFE<\/p>\n","protected":false},"excerpt":{"rendered":"<p>Washington, 28 dez (EFE).- O presidente dos Estados Unidos, Donald Trump, questionou nesta quinta-feira a mudan\u00e7a clim\u00e1tica e disse que para seu pa\u00eds cairia bem um pouco de aquecimento global para combater as baixas temperaturas esperadas para este fim de ano. No leste, poderia ser a noite de Fim de Ano mais fria das j\u00e1 &hellip;<\/p>\n","protected":false},"author":2,"featured_media":7799,"comment_status":"open","ping_status":"open","sticky":false,"template":"","format":"standard","meta":{"_exactmetrics_skip_tracking":false,"_exactmetrics_sitenote_active":false,"_exactmetrics_sitenote_note":"","_exactmetrics_sitenote_category":0,"footnotes":""},"categories":[4],"tags":[],"_links":{"self":[{"href":"https:\/\/goiasemtempo.com.br\/home\/wp-json\/wp\/v2\/posts\/7897"}],"collection":[{"href":"https:\/\/goiasemtempo.com.br\/home\/wp-json\/wp\/v2\/posts"}],"about":[{"href":"https:\/\/goiasemtempo.com.br\/home\/wp-json\/wp\/v2\/types\/post"}],"author":[{"embeddable":true,"href":"https:\/\/goiasemtempo.com.br\/home\/wp-json\/wp\/v2\/users\/2"}],"replies":[{"embeddable":true,"href":"https:\/\/goiasemtempo.com.br\/home\/wp-json\/wp\/v2\/comments?post=7897"}],"version-history":[{"count":1,"href":"https:\/\/goiasemtempo.com.br\/home\/wp-json\/wp\/v2\/posts\/7897\/revisions"}],"predecessor-version":[{"id":7898,"href":"https:\/\/goiasemtempo.com.br\/home\/wp-json\/wp\/v2\/posts\/7897\/revisions\/7898"}],"wp:featuredmedia":[{"embeddable":true,"href":"https:\/\/goiasemtempo.com.br\/home\/wp-json\/wp\/v2\/media\/7799"}],"wp:attachment":[{"href":"https:\/\/goiasemtempo.com.br\/home\/wp-json\/wp\/v2\/media?parent=7897"}],"wp:term":[{"taxonomy":"category","embeddable":true,"href":"https:\/\/goiasemtempo.com.br\/home\/wp-json\/wp\/v2\/categories?post=7897"},{"taxonomy":"post_tag","embeddable":true,"href":"https:\/\/goiasemtempo.com.br\/home\/wp-json\/wp\/v2\/tags?post=7897"}],"curies":[{"name":"wp","href":"https:\/\/api.w.org\/{rel}","templated":true}]}}