{"id":78958,"date":"2025-08-26T20:22:09","date_gmt":"2025-08-26T20:22:09","guid":{"rendered":"https:\/\/goiasemtempo.com.br\/home\/?p=78958"},"modified":"2025-08-26T20:22:09","modified_gmt":"2025-08-26T20:22:09","slug":"zeca-pagodinho-encerramento-da-turne-40-anos-dia-30-de-agosto-no-goiania-arena","status":"publish","type":"post","link":"https:\/\/goiasemtempo.com.br\/home\/zeca-pagodinho-encerramento-da-turne-40-anos-dia-30-de-agosto-no-goiania-arena\/","title":{"rendered":"Zeca Pagodinho: Encerramento da Turn\u00ea \u2013 40 anos, dia 30 de Agosto, no Goi\u00e2nia Arena!"},"content":{"rendered":"<p style=\"font-weight: 400;\"><em>O sambista\u00a0<strong>Zeca Pagodinho<\/strong>\u00a0apresentar\u00e1 um dos \u00faltimos\u00a0<strong>shows de encerramento<\/strong>\u00a0da sua atual\u00a0<strong>turn\u00ea especial\u00a0<\/strong>de<strong>\u00a040 anos de carreira<\/strong>, na noite deste s\u00e1bado,\u00a0<strong>30 de Agosto<\/strong>, em um grande palco montado no\u00a0<strong>Goi\u00e2nia Arena<\/strong>. O evento promete levar o p\u00fablico a uma\u00a0<strong>viagem musical\u00a0<\/strong>e\u00a0<strong>visual<\/strong>\u00a0repleta de sucessos que marcaram \u00e9pocas, al\u00e9m de grandes\u00a0<strong>cl\u00e1ssicos\u00a0<\/strong>que comp\u00f5em a riqueza do<strong>\u00a0samba<\/strong>.<\/em><\/p>\n<p style=\"font-weight: 400;\"><em> O\u00a0<strong>repert\u00f3rio\u00a0<\/strong>passar\u00e1 por todas as fases de sua carreira, com can\u00e7\u00f5es que v\u00e3o desde \u201cQuando a Gira Girou, Vai Vadiar, Minha F\u00e9 e N\u00e3o Sou Mais Disso a Caviar, Faixa Amarela, Cora\u00e7\u00e3o em Desalinho, Deixa a Vida Me Levar e Verdade\u201d. <\/em><\/p>\n<p style=\"font-weight: 400;\"><em>O carioca\u00a0<strong>Zeca<\/strong>\u00a0marcou a\u00a0<strong>m\u00fasica brasileira<\/strong>\u00a0e se mostrou um grande defensor da cultura nacional, tendo recebido uma s\u00e9rie de pr\u00eamios dentro e fora do pa\u00eds pela sua contribui\u00e7\u00e3o. Os\u00a0\u00faltimos\u00a0<strong>ingressos<\/strong>\u00a0est\u00e3o \u00e0 venda no\u00a0<strong>site\u00a0<\/strong><\/em><a href=\"http:\/\/icones.com.br\/\" data-saferedirecturl=\"https:\/\/www.google.com\/url?q=http:\/\/icones.com.br\/&amp;source=gmail&amp;ust=1756318959484000&amp;usg=AOvVaw1H6nx7z5Ke6EHJIU4SJ_2V\"><strong><em>icones.com.br<\/em><\/strong><\/a><em>, com op\u00e7\u00f5es\u00a0<strong>a partir de R$ 80<\/strong>\u00a0(meia entrada solid\u00e1ria e casos previstos por Lei). Mais informa\u00e7\u00f5es dispon\u00edveis nas redes sociais dos organizadores: Oceania Eventos (@oceaniaeventos) e Global Music (@aglobalmusic).<\/em><\/p>\n<p style=\"font-weight: 400;\">\n<p style=\"font-weight: 400;\">&#8212;<strong>Sobre o Cantor &amp; a Turn\u00ea:<\/strong><\/p>\n<p style=\"font-weight: 400;\">Em seus 40 anos de carreira, o carioca Zeca Pagodinho marcou a m\u00fasica brasileira e se mostrou um grande defensor da cultura nacional, tendo recebido uma s\u00e9rie de pr\u00eamios dentro e fora do pa\u00eds pela sua contribui\u00e7\u00e3o. Ele, sempre descontra\u00eddo, far\u00e1 uma apresenta\u00e7\u00e3o especial de um dos seus \u00faltimos shows da sua recente turn\u00ea, na noite de s\u00e1bado, dia 30 de Agosto, no Goi\u00e2nia Arena.<\/p>\n<p style=\"font-weight: 400;\">Com uma infinidade de sucessos, Zeca apresentar\u00e1 um repert\u00f3rio que passa por todas as fases de sua carreira, com can\u00e7\u00f5es que foram desde Quando a Gira Girou, Vai Vadiar, Minha F\u00e9 e N\u00e3o Sou Mais Disso a Caviar, Faixa Amarela, Cora\u00e7\u00e3o em Desalinho, Deixa a Vida Me Levar e Verdade.<\/p>\n<p style=\"font-weight: 400;\">A turn\u00ea que teve in\u00edcio em fevereiro de 2024, no Rio de Janeiro, trar\u00e1 um palco com visual caprichado. E nos detalhes gr\u00e1ficos do tel\u00e3o, homenagens aos grandes bambas do samba, como Jorge Arag\u00e3o, Arlindo Cruz, Monarco, Alcione e, claro, de sua madrinha Beth Carvalho.<\/p>\n<p style=\"font-weight: 400;\"><strong>Confira o Set List completo do show:<\/strong><\/p>\n<p style=\"font-weight: 400;\"><strong>\u00a0<\/strong>1 &#8211; Camar\u00e3o que Dorme a Onda Leva<\/p>\n<p style=\"font-weight: 400;\">2 &#8211; Pisa Como Eu Pisei<\/p>\n<p style=\"font-weight: 400;\">3 -Ser Humano<\/p>\n<p style=\"font-weight: 400;\">4 &#8211; Quando a Gira Girou<\/p>\n<p style=\"font-weight: 400;\">5 &#8211; Lama nas Ruas<\/p>\n<p style=\"font-weight: 400;\">6 &#8211; Mais Feliz<\/p>\n<p style=\"font-weight: 400;\">7 &#8211; Mutir\u00e3o de Amor<\/p>\n<p style=\"font-weight: 400;\">8 &#8211; Minta Meu Sonho<\/p>\n<p style=\"font-weight: 400;\">9 &#8211; N\u00e3o Sou Mais Disso<\/p>\n<p style=\"font-weight: 400;\">10 &#8211; Vai Vadiar<\/p>\n<p style=\"font-weight: 400;\">11 &#8211; Judia de Mim<\/p>\n<p style=\"font-weight: 400;\">12 &#8211; Minha F\u00e9<\/p>\n<p style=\"font-weight: 400;\">13 &#8211; Patota do Cosme<\/p>\n<p style=\"font-weight: 400;\">14 &#8211; Ogum<\/p>\n<p style=\"font-weight: 400;\">15 &#8211; Instrumental \u2013 Amigo Velho<\/p>\n<p style=\"font-weight: 400;\">16 &#8211; Cad\u00ea Meu Amor \/ Seu Balanc\u00ea<\/p>\n<p style=\"font-weight: 400;\">17 &#8211; Faixa Amarela<\/p>\n<p style=\"font-weight: 400;\">18 &#8211; Maneiras<\/p>\n<p style=\"font-weight: 400;\">19 &#8211; Saudade Louca (participa\u00e7\u00e3o especial de Seu Jorge)<\/p>\n<p style=\"font-weight: 400;\">20 &#8211; Caviar<\/p>\n<p style=\"font-weight: 400;\">21 &#8211; Ratat\u00faia<\/p>\n<p style=\"font-weight: 400;\">22 &#8211; Vacil\u00e3o<\/p>\n<p style=\"font-weight: 400;\">23 &#8211; Casal Sem Vergonha<\/p>\n<p style=\"font-weight: 400;\">24 &#8211; Samba Pras Mo\u00e7as<\/p>\n<p style=\"font-weight: 400;\">25 &#8211; Vivo Isolado do Mundo<\/p>\n<p style=\"font-weight: 400;\">26 &#8211; Cora\u00e7\u00e3o em Desalinho<\/p>\n<p style=\"font-weight: 400;\">27 &#8211; Deixa a Vida Me Levar<\/p>\n<p style=\"font-weight: 400;\">\n<p style=\"font-weight: 400;\"><strong>Ingressos<\/strong><\/p>\n<p style=\"font-weight: 400;\">\n<p style=\"font-weight: 400;\">Os \u00faltimos ingressos est\u00e3o \u00e0 venda no site\u00a0<a href=\"https:\/\/www.icones.com.br\/evento\/450929-zeca-pagodinho-encerramento-da-turne-40-anos\" data-saferedirecturl=\"https:\/\/www.google.com\/url?q=https:\/\/www.icones.com.br\/evento\/450929-zeca-pagodinho-encerramento-da-turne-40-anos&amp;source=gmail&amp;ust=1756318959484000&amp;usg=AOvVaw2YgVZNpJ9GS8b9kBxElkv8\">https:\/\/www.icones.com.br\/evento\/450929-zeca-pagodinho-encerramento-da-turne-40-anos<\/a>\u00a0, nas op\u00e7\u00f5es de:<\/p>\n<p style=\"font-weight: 400;\">&#8211; R$\u00a080 (cadeira inferior),<\/p>\n<p style=\"font-weight: 400;\">&#8211; R$ 150 (setor ouro),<\/p>\n<p style=\"font-weight: 400;\">&#8211; R$ 190 (setor diamante),<\/p>\n<p style=\"font-weight: 400;\">&#8211; R$ 250 (setor premium),<\/p>\n<p style=\"font-weight: 400;\">&#8211; R$ 240 (Camarote Open Bar +18),<\/p>\n<p style=\"font-weight: 400;\">&#8211; E R$ 410 (\u201cDeixe a vida me levar\u201d).<\/p>\n<p style=\"font-weight: 400;\">\n<p style=\"font-weight: 400;\">Valores s\u00e3o para os casos de \u201cmeia\u201d previstos por lei e h\u00e1 tamb\u00e9m op\u00e7\u00f5es de meia entrada solid\u00e1ria (mediante doa\u00e7\u00e3o de 1kg de alimento).<\/p>\n<p style=\"font-weight: 400;\">Os mesmos podem ser adquiridos fisicamente na \u201cImports Carro de Luxo\u201d (Av- T63 N\u00b0 2255, Jardim Am\u00e9rica &#8211; Goi\u00e2nia \/ GO) e Cuba &amp; Caf\u00e9 Tabacaria (Av. T-63, n\u00b0 1838, Nova Su\u00ed\u00e7a \u2013 Goi\u00e2nia).<\/p>\n<p style=\"font-weight: 400;\"><strong>SERVI\u00c7O:<\/strong><\/p>\n<p style=\"font-weight: 400;\"><strong>\u00a0<\/strong><strong>Zeca Pagodinho \u2013 Encerramento da Turn\u00ea 40 anos<\/strong><\/p>\n<p style=\"font-weight: 400;\">Data: S\u00e1bado, dia 30 de Agosto de 2025.<\/p>\n<p style=\"font-weight: 400;\">Abertura dos port\u00f5es: 19h<\/p>\n<p style=\"font-weight: 400;\">In\u00edcio do show: 21h<\/p>\n<p style=\"font-weight: 400;\">Local:\u00a0Goi\u00e2nia\u00a0Arena\u00a0&#8211; Avenida Fued Jos\u00e9 Sebba SN &#8211; Jardim Goi\u00e1s, CEP: 74805-100 &#8211;\u00a0Goi\u00e2nia\/GO<\/p>\n<p style=\"font-weight: 400;\">Vendas: No site\u00a0<a href=\"https:\/\/www.icones.com.br\/evento\/450929-zeca-pagodinho-encerramento-da-turne-40-anos\" data-saferedirecturl=\"https:\/\/www.google.com\/url?q=https:\/\/www.icones.com.br\/evento\/450929-zeca-pagodinho-encerramento-da-turne-40-anos&amp;source=gmail&amp;ust=1756318959484000&amp;usg=AOvVaw2YgVZNpJ9GS8b9kBxElkv8\">https:\/\/www.icones.com.br\/evento\/450929-zeca-pagodinho-encerramento-da-turne-40-anos<\/a>\u00a0a partir de R$\u00a080 (cadeira inferior), j\u00e1 nos casos de \u201cmeia\u201d previstos por lei e h\u00e1 tamb\u00e9m op\u00e7\u00f5es de meia entrada solid\u00e1ria (mediante doa\u00e7\u00e3o de 1kg de alimento). Ou fisicamente na \u201cImports Carro de Luxo\u201d (Av- T63 N\u00b0 2255, Jardim Am\u00e9rica &#8211; Goi\u00e2nia \/ GO) e Cuba &amp; Caf\u00e9 Tabacaria (Av. T-63, n\u00b0 1838, Nova Su\u00ed\u00e7a \u2013 Goi\u00e2nia).<\/p>\n<p style=\"font-weight: 400;\">Produ\u00e7\u00e3o &amp; Informa\u00e7\u00f5es nas Redes Sociais:\u00a0@oceaniaeventos &amp; @aglobalmusic<\/p>\n<p style=\"font-weight: 400;\">Classifica\u00e7\u00e3o: 18 anos<\/p>\n<p style=\"font-weight: 400;\">Estacionamento terceirizado no local.<\/p>\n<p style=\"font-weight: 400;\"><img decoding=\"async\" src=\"https:\/\/goiasemtempo.com.br\/home\/wp-content\/uploads\/2025\/08\/zeca-capa.jpg\" \/><\/p>\n<p>&nbsp;<\/p>\n<p><img decoding=\"async\" src=\"https:\/\/goiasemtempo.com.br\/home\/wp-content\/uploads\/2025\/08\/zeca-palco-retratos-scaled.jpg\" \/><\/p>\n<p>&nbsp;<\/p>\n","protected":false},"excerpt":{"rendered":"<p>O sambista\u00a0Zeca Pagodinho\u00a0apresentar\u00e1 um dos \u00faltimos\u00a0shows de encerramento\u00a0da sua atual\u00a0turn\u00ea especial\u00a0de\u00a040 anos de carreira, na noite deste s\u00e1bado,\u00a030 de Agosto, em um grande palco montado no\u00a0Goi\u00e2nia Arena. O evento promete levar o p\u00fablico a uma\u00a0viagem musical\u00a0e\u00a0visual\u00a0repleta de sucessos que marcaram \u00e9pocas, al\u00e9m de grandes\u00a0cl\u00e1ssicos\u00a0que comp\u00f5em a riqueza do\u00a0samba. O\u00a0repert\u00f3rio\u00a0passar\u00e1 por todas as fases de sua &hellip;<\/p>\n","protected":false},"author":3,"featured_media":78961,"comment_status":"closed","ping_status":"open","sticky":false,"template":"","format":"standard","meta":{"_exactmetrics_skip_tracking":false,"_exactmetrics_sitenote_active":false,"_exactmetrics_sitenote_note":"","_exactmetrics_sitenote_category":0,"footnotes":""},"categories":[500,66,22],"tags":[],"_links":{"self":[{"href":"https:\/\/goiasemtempo.com.br\/home\/wp-json\/wp\/v2\/posts\/78958"}],"collection":[{"href":"https:\/\/goiasemtempo.com.br\/home\/wp-json\/wp\/v2\/posts"}],"about":[{"href":"https:\/\/goiasemtempo.com.br\/home\/wp-json\/wp\/v2\/types\/post"}],"author":[{"embeddable":true,"href":"https:\/\/goiasemtempo.com.br\/home\/wp-json\/wp\/v2\/users\/3"}],"replies":[{"embeddable":true,"href":"https:\/\/goiasemtempo.com.br\/home\/wp-json\/wp\/v2\/comments?post=78958"}],"version-history":[{"count":1,"href":"https:\/\/goiasemtempo.com.br\/home\/wp-json\/wp\/v2\/posts\/78958\/revisions"}],"predecessor-version":[{"id":78962,"href":"https:\/\/goiasemtempo.com.br\/home\/wp-json\/wp\/v2\/posts\/78958\/revisions\/78962"}],"wp:featuredmedia":[{"embeddable":true,"href":"https:\/\/goiasemtempo.com.br\/home\/wp-json\/wp\/v2\/media\/78961"}],"wp:attachment":[{"href":"https:\/\/goiasemtempo.com.br\/home\/wp-json\/wp\/v2\/media?parent=78958"}],"wp:term":[{"taxonomy":"category","embeddable":true,"href":"https:\/\/goiasemtempo.com.br\/home\/wp-json\/wp\/v2\/categories?post=78958"},{"taxonomy":"post_tag","embeddable":true,"href":"https:\/\/goiasemtempo.com.br\/home\/wp-json\/wp\/v2\/tags?post=78958"}],"curies":[{"name":"wp","href":"https:\/\/api.w.org\/{rel}","templated":true}]}}