{"id":78944,"date":"2025-08-26T12:42:51","date_gmt":"2025-08-26T12:42:51","guid":{"rendered":"https:\/\/goiasemtempo.com.br\/home\/?p=78944"},"modified":"2025-08-26T12:42:51","modified_gmt":"2025-08-26T12:42:51","slug":"psicologa-infantil-escondeu-marido-apos-ser-acusado-de-abusar-de-criancas-em-goiania-diz-pm","status":"publish","type":"post","link":"https:\/\/goiasemtempo.com.br\/home\/psicologa-infantil-escondeu-marido-apos-ser-acusado-de-abusar-de-criancas-em-goiania-diz-pm\/","title":{"rendered":"Psic\u00f3loga infantil escondeu marido ap\u00f3s ser acusado de abusar de crian\u00e7as em Goi\u00e2nia, diz PM"},"content":{"rendered":"<p>Um homem de 40 anos foi preso por equipes Rotam em Goi\u00e2nia, na tarde de domingo (24), acusado de praticar abuso contra pelo menos tr\u00eas meninas menores de idade. Uma delas, que hoje est\u00e1 com 15 anos, relatou ter sido violentada aos sete. Os crimes envolveriam outras duas crian\u00e7as de 13 e de seis anos, todas da mesma fam\u00edlia.<\/p>\n<div id=\"inread1\" class=\"square-ad\" data-google-query-id=\"CMfY0Pi_qI8DFVtauAQdtNMhZQ\">\n<div id=\"google_ads_iframe_\/176290677\/maisgoias\/inread1_0__container__\"><\/div>\n<\/div>\n<p>De acordo com a Pol\u00edcia Militar, o homem tem diversas passagens pela pol\u00edcia e dois mandados de pris\u00e3o pelo crime de estupro de vulner\u00e1vel. Ele estava foragido havia seis meses e foi localizado na resid\u00eancia da esposa dele, que \u00e9 psic\u00f3loga infantil e que teria auxiliado o criminoso a se esconder.<\/p>\n<p>Ap\u00f3s a pris\u00e3o, o homem foi encaminhado \u00e0 Central Geral de Flagrantes para as devidas provid\u00eancias legais.<\/p>\n<p><iframe id=\"instagram-embed-0\" class=\"instagram-media instagram-media-rendered\" src=\"https:\/\/www.instagram.com\/reel\/DNyO92V2Chn\/embed\/captioned\/?cr=1&amp;v=14&amp;wp=540&amp;rd=https%3A%2F%2Fwww.maisgoias.com.br&amp;rp=%2Fcidades%2Fpsicologa-infantil-escondeu-marido-acusado-de-abusar-de-criancas-em-goiania-diz-pm%2F#%7B%22ci%22%3A0%2C%22os%22%3A346.39999997615814%2C%22ls%22%3A45.699999928474426%2C%22le%22%3A339.5%7D\" height=\"1257\" frameborder=\"0\" scrolling=\"no\" allowfullscreen=\"allowfullscreen\" data-instgrm-payload-id=\"instagram-media-payload-0\" data-mce-fragment=\"1\"><\/iframe><\/p>\n<h2 id=\"h-estupro-de-vulneravel-em-goias\" class=\"wp-block-heading\">Estupro de vulner\u00e1vel em Goi\u00e1s<\/h2>\n<p>Goi\u00e1s registrou 793 casos de\u00a0<a href=\"https:\/\/www.maisgoias.com.br\/cidades\/mulher-e-presa-ao-consultar-processo-no-forum-de-caldas-novas\/\" target=\"_blank\" rel=\"noreferrer noopener\">estupro de vulner\u00e1vel<\/a>\u00a0contra crian\u00e7as e adolescentes nos quatro primeiros meses de 2025. Os dados s\u00e3o da Secretaria de Seguran\u00e7a P\u00fablica do Estado de Goi\u00e1s (SSP), que tamb\u00e9m incluem 458 notifica\u00e7\u00f5es de maus-tratos e 162 de importuna\u00e7\u00e3o sexual. J\u00e1 levantamento da Sociedade Brasileira de Pediatria exp\u00f5e que cerca de 80% das agress\u00f5es contra crian\u00e7as de at\u00e9 14 anos acontecem dentro de casa. Estes casos s\u00e3o frequentemente cometidos por familiares ou pessoas pr\u00f3ximas.<\/p>\n<p>Devido a esta situa\u00e7\u00e3o, o Tribunal de Justi\u00e7a do Estado de Goi\u00e1s (<a href=\"https:\/\/www.tjgo.jus.br\/\" target=\"_blank\" rel=\"noreferrer noopener\">TJGO<\/a>), por meio da Coordenadoria da Inf\u00e2ncia e Juventude, realiza a campanha de conscientiza\u00e7\u00e3o Maio Laranja para ampliar o debate social sobre um crime que, em sua maioria, ocorre em ambientes de confian\u00e7a da v\u00edtima. \u201cO agressor geralmente \u00e9 algu\u00e9m do conv\u00edvio da crian\u00e7a, e isso refor\u00e7a a necessidade de uma atua\u00e7\u00e3o integrada entre Justi\u00e7a, escolas, profissionais da sa\u00fade, seguran\u00e7a p\u00fablica e sociedade civil para romper o sil\u00eancio e garantir o acolhimento adequado \u00e0s v\u00edtimas\u201d, afirmou a coordenadora da Inf\u00e2ncia e Juventude do TJGO, ju\u00edza C\u00e9lia Regina Lara.<\/p>\n<p>Conforme a magistrada, qualquer cidad\u00e3o pode e deve denunciar situa\u00e7\u00f5es suspeitas, utilizando canais como o Disque 100, Pol\u00edcia Militar (190), Conselho Tutelar e Delegacias Especializadas. \u201cO Maio Laranja \u00e9 um chamado \u00e0 responsabilidade coletiva. O sil\u00eancio n\u00e3o pode proteger o agressor. A prote\u00e7\u00e3o das crian\u00e7as e adolescentes \u00e9 dever de todos n\u00f3s.\u201d<\/p>\n","protected":false},"excerpt":{"rendered":"<p>Um homem de 40 anos foi preso por equipes Rotam em Goi\u00e2nia, na tarde de domingo (24), acusado de praticar abuso contra pelo menos tr\u00eas meninas menores de idade. Uma delas, que hoje est\u00e1 com 15 anos, relatou ter sido violentada aos sete. Os crimes envolveriam outras duas crian\u00e7as de 13 e de seis anos, &hellip;<\/p>\n","protected":false},"author":3,"featured_media":78945,"comment_status":"closed","ping_status":"open","sticky":false,"template":"","format":"standard","meta":{"footnotes":""},"categories":[4],"tags":[],"class_list":["post-78944","post","type-post","status-publish","format-standard","has-post-thumbnail","hentry","category-ultimas-noticias"],"_links":{"self":[{"href":"https:\/\/goiasemtempo.com.br\/home\/wp-json\/wp\/v2\/posts\/78944","targetHints":{"allow":["GET"]}}],"collection":[{"href":"https:\/\/goiasemtempo.com.br\/home\/wp-json\/wp\/v2\/posts"}],"about":[{"href":"https:\/\/goiasemtempo.com.br\/home\/wp-json\/wp\/v2\/types\/post"}],"author":[{"embeddable":true,"href":"https:\/\/goiasemtempo.com.br\/home\/wp-json\/wp\/v2\/users\/3"}],"replies":[{"embeddable":true,"href":"https:\/\/goiasemtempo.com.br\/home\/wp-json\/wp\/v2\/comments?post=78944"}],"version-history":[{"count":1,"href":"https:\/\/goiasemtempo.com.br\/home\/wp-json\/wp\/v2\/posts\/78944\/revisions"}],"predecessor-version":[{"id":78946,"href":"https:\/\/goiasemtempo.com.br\/home\/wp-json\/wp\/v2\/posts\/78944\/revisions\/78946"}],"wp:featuredmedia":[{"embeddable":true,"href":"https:\/\/goiasemtempo.com.br\/home\/wp-json\/wp\/v2\/media\/78945"}],"wp:attachment":[{"href":"https:\/\/goiasemtempo.com.br\/home\/wp-json\/wp\/v2\/media?parent=78944"}],"wp:term":[{"taxonomy":"category","embeddable":true,"href":"https:\/\/goiasemtempo.com.br\/home\/wp-json\/wp\/v2\/categories?post=78944"},{"taxonomy":"post_tag","embeddable":true,"href":"https:\/\/goiasemtempo.com.br\/home\/wp-json\/wp\/v2\/tags?post=78944"}],"curies":[{"name":"wp","href":"https:\/\/api.w.org\/{rel}","templated":true}]}}