{"id":78932,"date":"2025-08-26T12:14:27","date_gmt":"2025-08-26T12:14:27","guid":{"rendered":"https:\/\/goiasemtempo.com.br\/home\/?p=78932"},"modified":"2025-08-26T12:28:23","modified_gmt":"2025-08-26T12:28:23","slug":"empreendedorismo-e-tema-de-debate-em-reuniao-da-acia","status":"publish","type":"post","link":"https:\/\/goiasemtempo.com.br\/home\/empreendedorismo-e-tema-de-debate-em-reuniao-da-acia\/","title":{"rendered":"Empreendedorismo \u00e9 tema de debate em reuni\u00e3o da ACIA"},"content":{"rendered":"<p>A Associa\u00e7\u00e3o Comercial e Industrial de An\u00e1polis (ACIA) promove, nesta quarta-feira (27), \u00e0s 18h30, a sua 64\u00aa Reuni\u00e3o Ordin\u00e1ria. O encontro ser\u00e1 realizado no audit\u00f3rio da entidade e ter\u00e1 como tema central o \u201cEmpreendedorismo como ferramenta de enfrentamento \u00e0 viol\u00eancia contra a mulher\u201d.<\/p>\n<p>A palestra ser\u00e1 conduzida pela advogada e professora universit\u00e1ria Dra. Mariana Maranh\u00e3o da Costa, doutora em Direito pelo UniCEUB, mestre em Direito, Rela\u00e7\u00f5es Internacionais e Desenvolvimento pela PUC-GO, al\u00e9m de especialista em Direito Tribut\u00e1rio. A convidada tamb\u00e9m possui gradua\u00e7\u00e3o em Direito e Rela\u00e7\u00f5es Internacionais e atua como pesquisadora na \u00e1rea.<\/p>\n<p>De acordo com a ACIA, a proposta \u00e9 promover um espa\u00e7o de reflex\u00e3o e aprendizado sobre como o fortalecimento do empreendedorismo feminino pode auxiliar na autonomia econ\u00f4mica e social das mulheres, contribuindo diretamente para a redu\u00e7\u00e3o de situa\u00e7\u00f5es de vulnerabilidade e viol\u00eancia de g\u00eanero.<\/p>\n<p>O evento integra a programa\u00e7\u00e3o do Agosto Lil\u00e1s, campanha nacional de conscientiza\u00e7\u00e3o e enfrentamento \u00e0 viol\u00eancia contra a mulher. A entidade refor\u00e7a que a reuni\u00e3o \u00e9 aberta ao p\u00fablico e considera a discuss\u00e3o \u201csuper necess\u00e1ria\u201d diante da relev\u00e2ncia do tema para a sociedade<\/p>\n","protected":false},"excerpt":{"rendered":"<p>A Associa\u00e7\u00e3o Comercial e Industrial de An\u00e1polis (ACIA) promove, nesta quarta-feira (27), \u00e0s 18h30, a sua 64\u00aa Reuni\u00e3o Ordin\u00e1ria. O encontro ser\u00e1 realizado no audit\u00f3rio da entidade e ter\u00e1 como tema central o \u201cEmpreendedorismo como ferramenta de enfrentamento \u00e0 viol\u00eancia contra a mulher\u201d. A palestra ser\u00e1 conduzida pela advogada e professora universit\u00e1ria Dra. Mariana Maranh\u00e3o &hellip;<\/p>\n","protected":false},"author":3,"featured_media":78933,"comment_status":"closed","ping_status":"open","sticky":false,"template":"","format":"standard","meta":{"_exactmetrics_skip_tracking":false,"_exactmetrics_sitenote_active":false,"_exactmetrics_sitenote_note":"","_exactmetrics_sitenote_category":0,"footnotes":""},"categories":[473],"tags":[],"_links":{"self":[{"href":"https:\/\/goiasemtempo.com.br\/home\/wp-json\/wp\/v2\/posts\/78932"}],"collection":[{"href":"https:\/\/goiasemtempo.com.br\/home\/wp-json\/wp\/v2\/posts"}],"about":[{"href":"https:\/\/goiasemtempo.com.br\/home\/wp-json\/wp\/v2\/types\/post"}],"author":[{"embeddable":true,"href":"https:\/\/goiasemtempo.com.br\/home\/wp-json\/wp\/v2\/users\/3"}],"replies":[{"embeddable":true,"href":"https:\/\/goiasemtempo.com.br\/home\/wp-json\/wp\/v2\/comments?post=78932"}],"version-history":[{"count":1,"href":"https:\/\/goiasemtempo.com.br\/home\/wp-json\/wp\/v2\/posts\/78932\/revisions"}],"predecessor-version":[{"id":78934,"href":"https:\/\/goiasemtempo.com.br\/home\/wp-json\/wp\/v2\/posts\/78932\/revisions\/78934"}],"wp:featuredmedia":[{"embeddable":true,"href":"https:\/\/goiasemtempo.com.br\/home\/wp-json\/wp\/v2\/media\/78933"}],"wp:attachment":[{"href":"https:\/\/goiasemtempo.com.br\/home\/wp-json\/wp\/v2\/media?parent=78932"}],"wp:term":[{"taxonomy":"category","embeddable":true,"href":"https:\/\/goiasemtempo.com.br\/home\/wp-json\/wp\/v2\/categories?post=78932"},{"taxonomy":"post_tag","embeddable":true,"href":"https:\/\/goiasemtempo.com.br\/home\/wp-json\/wp\/v2\/tags?post=78932"}],"curies":[{"name":"wp","href":"https:\/\/api.w.org\/{rel}","templated":true}]}}