{"id":78925,"date":"2025-08-25T19:55:56","date_gmt":"2025-08-25T19:55:56","guid":{"rendered":"https:\/\/goiasemtempo.com.br\/home\/?p=78925"},"modified":"2025-08-25T19:56:50","modified_gmt":"2025-08-25T19:56:50","slug":"ricardo-amorim-participa-de-imersao-estrategica-promovida-pela-alfa-educacao-executiva-unialfa-em-goiania","status":"publish","type":"post","link":"https:\/\/goiasemtempo.com.br\/home\/ricardo-amorim-participa-de-imersao-estrategica-promovida-pela-alfa-educacao-executiva-unialfa-em-goiania\/","title":{"rendered":"Ricardo Amorim participa de imers\u00e3o estrat\u00e9gica promovida pela ALFA Educa\u00e7\u00e3o Executiva \/ UNIALFA, em Goi\u00e2nia"},"content":{"rendered":"<p>A ALFA Educa\u00e7\u00e3o Executiva \/ UNIALFA realiza, no dia 26 de agosto, no Centro Cultural Oscar Niemeyer, em Goi\u00e2nia, a Alfa C-Level, uma imers\u00e3o estrat\u00e9gica voltada para executivos, l\u00edderes empresariais e profissionais que ocupam cargos de alta gest\u00e3o. Com uma programa\u00e7\u00e3o intensa das 8h \u00e0s 18h, o evento reunir\u00e1 grandes nomes do cen\u00e1rio nacional nas \u00e1reas de economia, gest\u00e3o, marketing, tecnologia, intelig\u00eancia artificial e lideran\u00e7a, oferecendo conte\u00fados pr\u00e1ticos e estrat\u00e9gias de alto impacto para a tomada de decis\u00e3o e gera\u00e7\u00e3o de resultados.<\/p>\n<p>Principal atra\u00e7\u00e3o do evento, o economista Ricardo Amorim, eleito pela revista Forbes como uma das 100 pessoas mais influentes do Brasil, vai compartilhar sua vis\u00e3o sobre os rumos da economia brasileira e internacional e como identificar oportunidades mesmo em cen\u00e1rios adversos. Amorim, conhecido por sua atua\u00e7\u00e3o no programa Manhattan Connection, \u00e9 autor de best-sellers e, atualmente, \u00e9 o maior influenciador brasileiro no LinkedIn.<\/p>\n<p><img decoding=\"async\" src=\"https:\/\/goiasemtempo.com.br\/home\/wp-content\/uploads\/2025\/08\/ricardo-amorim.jpg\" \/><\/p>\n<p>&nbsp;<\/p>\n","protected":false},"excerpt":{"rendered":"<p>A ALFA Educa\u00e7\u00e3o Executiva \/ UNIALFA realiza, no dia 26 de agosto, no Centro Cultural Oscar Niemeyer, em Goi\u00e2nia, a Alfa C-Level, uma imers\u00e3o estrat\u00e9gica voltada para executivos, l\u00edderes empresariais e profissionais que ocupam cargos de alta gest\u00e3o. Com uma programa\u00e7\u00e3o intensa das 8h \u00e0s 18h, o evento reunir\u00e1 grandes nomes do cen\u00e1rio nacional nas &hellip;<\/p>\n","protected":false},"author":3,"featured_media":78926,"comment_status":"closed","ping_status":"open","sticky":false,"template":"","format":"standard","meta":{"_exactmetrics_skip_tracking":false,"_exactmetrics_sitenote_active":false,"_exactmetrics_sitenote_note":"","_exactmetrics_sitenote_category":0,"footnotes":""},"categories":[473,519],"tags":[],"_links":{"self":[{"href":"https:\/\/goiasemtempo.com.br\/home\/wp-json\/wp\/v2\/posts\/78925"}],"collection":[{"href":"https:\/\/goiasemtempo.com.br\/home\/wp-json\/wp\/v2\/posts"}],"about":[{"href":"https:\/\/goiasemtempo.com.br\/home\/wp-json\/wp\/v2\/types\/post"}],"author":[{"embeddable":true,"href":"https:\/\/goiasemtempo.com.br\/home\/wp-json\/wp\/v2\/users\/3"}],"replies":[{"embeddable":true,"href":"https:\/\/goiasemtempo.com.br\/home\/wp-json\/wp\/v2\/comments?post=78925"}],"version-history":[{"count":2,"href":"https:\/\/goiasemtempo.com.br\/home\/wp-json\/wp\/v2\/posts\/78925\/revisions"}],"predecessor-version":[{"id":78928,"href":"https:\/\/goiasemtempo.com.br\/home\/wp-json\/wp\/v2\/posts\/78925\/revisions\/78928"}],"wp:featuredmedia":[{"embeddable":true,"href":"https:\/\/goiasemtempo.com.br\/home\/wp-json\/wp\/v2\/media\/78926"}],"wp:attachment":[{"href":"https:\/\/goiasemtempo.com.br\/home\/wp-json\/wp\/v2\/media?parent=78925"}],"wp:term":[{"taxonomy":"category","embeddable":true,"href":"https:\/\/goiasemtempo.com.br\/home\/wp-json\/wp\/v2\/categories?post=78925"},{"taxonomy":"post_tag","embeddable":true,"href":"https:\/\/goiasemtempo.com.br\/home\/wp-json\/wp\/v2\/tags?post=78925"}],"curies":[{"name":"wp","href":"https:\/\/api.w.org\/{rel}","templated":true}]}}