{"id":78875,"date":"2025-08-22T19:23:18","date_gmt":"2025-08-22T19:23:18","guid":{"rendered":"https:\/\/goiasemtempo.com.br\/home\/?p=78875"},"modified":"2025-08-25T14:49:02","modified_gmt":"2025-08-25T14:49:02","slug":"sebrae-lanca-pedra-fundamental-da-nova-sede-em-anapolis-e-programa-de-inovacao","status":"publish","type":"post","link":"https:\/\/goiasemtempo.com.br\/home\/sebrae-lanca-pedra-fundamental-da-nova-sede-em-anapolis-e-programa-de-inovacao\/","title":{"rendered":"Sebrae lan\u00e7a pedra fundamental da nova sede em An\u00e1polis e programa de inova\u00e7\u00e3o"},"content":{"rendered":"<p>O Sebrae Goi\u00e1s lan\u00e7ouna manh\u00e3 desta segunda-feira\u00a0 dia 25 de agosto, a pedra fundamental da nova sede da Regional Centro-Leste, em An\u00e1polis. A obra integra o Plano de Moderniza\u00e7\u00e3o da Estrutura de Atendimento da institui\u00e7\u00e3o e prev\u00ea um espa\u00e7o de 429,64 m\u00b2, pensado para oferecer mais tecnologia, acessibilidade e sustentabilidade no atendimento a empreendedores.<\/p>\n<p>A cerim\u00f4nia contou com a presen\u00e7a do presidente do Conselho Deliberativo Estadual do Sebrae Goi\u00e1s, <strong>Jos\u00e9<\/strong> <strong>M\u00e1rio Schreiner<\/strong>, que tamb\u00e9m preside a Federa\u00e7\u00e3o da Agricultura e Pecu\u00e1ria de Goi\u00e1s (Faeg) e \u00e9 vice-presidente da Confedera\u00e7\u00e3o da Agricultura e Pecu\u00e1ria do Brasil (CNA). O prefeito de An\u00e1polis, <strong>M\u00e1rcio C\u00f4rrea<\/strong>, empres\u00e1rios e representantes de institui\u00e7\u00f5es de ensino .<\/p>\n<p>De acordo com a institui\u00e7\u00e3o, o novo pr\u00e9dio ser\u00e1 refer\u00eancia em capacita\u00e7\u00e3o e apoio a pequenos neg\u00f3cios, com ambientes voltados para treinamentos, reuni\u00f5es e eventos. A expectativa \u00e9 de que a unidade reforce o papel estrat\u00e9gico de An\u00e1polis como polo de integra\u00e7\u00e3o regional, ampliando o alcance de programas e projetos voltados ao desenvolvimento econ\u00f4mico.<\/p>\n<p>O diretor superintendente do Sebrae Goi\u00e1s, Ant\u00f4nio Carlos de Souza Lima Neto, destacou que a constru\u00e7\u00e3o representa mais do que uma obra f\u00edsica. Segundo ele, a nova estrutura est\u00e1 alinhada a um conjunto de a\u00e7\u00f5es para modernizar o atendimento em todo o estado, com foco em tecnologia, melhoria da infraestrutura e fortalecimento do relacionamento com os clientes.<\/p>\n<p>J\u00e1 o gerente do Sebrae em An\u00e1polis, S\u00e9rgio Monturil, afirmou que a proposta \u00e9 oferecer um espa\u00e7o moderno e inovador: \u201cEstamos criando ambientes preparados para treinamentos, reuni\u00f5es e eventos que incentivem a troca de experi\u00eancias e o crescimento dos neg\u00f3cios\u201d, disse.<br \/>\nPrograma de inova\u00e7\u00e3o<\/p>\n<p>No mesmo dia, \u00e0s 9h30, o Sebrae promoveu , no CEITEC, o lan\u00e7amento do Programa Ecossistemas Locais de Inova\u00e7\u00e3o (ELI). A iniciativa busca integrar governo, empresas, institui\u00e7\u00f5es de ensino e sociedade civil na constru\u00e7\u00e3o de um ambiente favor\u00e1vel \u00e0 inova\u00e7\u00e3o, com o objetivo de gerar impacto econ\u00f4mico, social e tecnol\u00f3gico.<\/p>\n<p>De acordo com o Sebrae, o programa j\u00e1 apresentou resultados em cidades como Maring\u00e1 (PR) e Santa Rita do Sapuca\u00ed (MG), onde contribuiu para o surgimento de startups e atra\u00e7\u00e3o de investimentos. Em An\u00e1polis, a proposta \u00e9 posicionar o munic\u00edpio como refer\u00eancia em inova\u00e7\u00e3o em Goi\u00e1s.<\/p>\n","protected":false},"excerpt":{"rendered":"<p>O Sebrae Goi\u00e1s lan\u00e7ouna manh\u00e3 desta segunda-feira\u00a0 dia 25 de agosto, a pedra fundamental da nova sede da Regional Centro-Leste, em An\u00e1polis. A obra integra o Plano de Moderniza\u00e7\u00e3o da Estrutura de Atendimento da institui\u00e7\u00e3o e prev\u00ea um espa\u00e7o de 429,64 m\u00b2, pensado para oferecer mais tecnologia, acessibilidade e sustentabilidade no atendimento a empreendedores. A &hellip;<\/p>\n","protected":false},"author":3,"featured_media":78876,"comment_status":"closed","ping_status":"open","sticky":false,"template":"","format":"standard","meta":{"footnotes":""},"categories":[473,19],"tags":[],"class_list":["post-78875","post","type-post","status-publish","format-standard","has-post-thumbnail","hentry","category-empresas","category-manchete"],"_links":{"self":[{"href":"https:\/\/goiasemtempo.com.br\/home\/wp-json\/wp\/v2\/posts\/78875","targetHints":{"allow":["GET"]}}],"collection":[{"href":"https:\/\/goiasemtempo.com.br\/home\/wp-json\/wp\/v2\/posts"}],"about":[{"href":"https:\/\/goiasemtempo.com.br\/home\/wp-json\/wp\/v2\/types\/post"}],"author":[{"embeddable":true,"href":"https:\/\/goiasemtempo.com.br\/home\/wp-json\/wp\/v2\/users\/3"}],"replies":[{"embeddable":true,"href":"https:\/\/goiasemtempo.com.br\/home\/wp-json\/wp\/v2\/comments?post=78875"}],"version-history":[{"count":3,"href":"https:\/\/goiasemtempo.com.br\/home\/wp-json\/wp\/v2\/posts\/78875\/revisions"}],"predecessor-version":[{"id":78916,"href":"https:\/\/goiasemtempo.com.br\/home\/wp-json\/wp\/v2\/posts\/78875\/revisions\/78916"}],"wp:featuredmedia":[{"embeddable":true,"href":"https:\/\/goiasemtempo.com.br\/home\/wp-json\/wp\/v2\/media\/78876"}],"wp:attachment":[{"href":"https:\/\/goiasemtempo.com.br\/home\/wp-json\/wp\/v2\/media?parent=78875"}],"wp:term":[{"taxonomy":"category","embeddable":true,"href":"https:\/\/goiasemtempo.com.br\/home\/wp-json\/wp\/v2\/categories?post=78875"},{"taxonomy":"post_tag","embeddable":true,"href":"https:\/\/goiasemtempo.com.br\/home\/wp-json\/wp\/v2\/tags?post=78875"}],"curies":[{"name":"wp","href":"https:\/\/api.w.org\/{rel}","templated":true}]}}