{"id":7874,"date":"2017-12-31T19:42:16","date_gmt":"2017-12-31T19:42:16","guid":{"rendered":"http:\/\/goiasemtempo.com.br\/home\/?p=7874"},"modified":"2017-12-31T19:42:16","modified_gmt":"2017-12-31T19:42:16","slug":"ministro-diz-que-liberacao-de-r-2-bilhoes-nao-esta-associada-a-apoio-politico","status":"publish","type":"post","link":"https:\/\/goiasemtempo.com.br\/home\/ministro-diz-que-liberacao-de-r-2-bilhoes-nao-esta-associada-a-apoio-politico\/","title":{"rendered":"Ministro diz que libera\u00e7\u00e3o de R$ 2 bilh\u00f5es n\u00e3o est\u00e1 associada a apoio pol\u00edtico"},"content":{"rendered":"<p>O ministro da Secretaria de Governo, Carlos Marun, afirmou que a libera\u00e7\u00e3o de R$ 2 bilh\u00f5es a munic\u00edpios feita hoje (29) pelo presidente Michel Temer por medida provis\u00f3ria n\u00e3o est\u00e1 condicionada a apoio ao governo. \u201cN\u00e3o est\u00e1 associado a apoio nenhum. Tanto \u00e9 que a distribui\u00e7\u00e3o dos recursos ser\u00e1 feita em conformidade com o estabelecido na propor\u00e7\u00e3o da divis\u00e3o do FPM [Fundo de Participa\u00e7\u00e3o dos Munic\u00edpios\u201d.<\/p>\n<p>O repasse ser\u00e1 feito com base nas regras do fundo, que considera o n\u00famero de habitantes para a distribui\u00e7\u00e3o dos recursos. \u201cSer\u00e3o beneficiados munic\u00edpios com prefeitos de todos os partidos. Aqueles que tiverem responsabilidade, nos auxiliem. Aqueles que n\u00e3o, obviamente lamentamos, mas isso n\u00e3o interfere na distribui\u00e7\u00e3o\u201d, disse o ministro em entrevista no Pal\u00e1cio do Planalto.<br \/>\nBras\u00edlia &#8211; O ministro da Secretaria de Governo da Presid\u00eancia, Carlos Marun, fala \u00e0 imprensa, ap\u00f3s reuni\u00e3o com o presidente Michel Temer, no Pal\u00e1cio do Planalto (Fabio Rodrigues Pozzebom\/Ag\u00eancia Brasil)<\/p>\n<p>O ministro da Secretaria de Governo, Carlos Marun<\/p>\n<p>Esta semana, Marun havia dito que o governo esperava \u201creciprocidade\u201d de governadores com financiamentos pendentes em bancos p\u00fablicos para o convencimento de parlamentares para aprova\u00e7\u00e3o da reforma da Previd\u00eancia. A declara\u00e7\u00e3o repercutiu mal entre alguns governadores e ontem (28), o ministro divulgou uma nota negando ter associado os pagamentos ao apoio \u00e0 reforma.<\/p>\n<p>Sal\u00e1rio m\u00ednimo<\/p>\n<p>Marun tamb\u00e9m comentou o reajuste do sal\u00e1rio m\u00ednimo de R$ 937 para R$ 954 a partir de 1\u00b0 de janeiro. O novo valor, confirmado hoje em medida provis\u00f3ria, \u00e9 menor que o que constava no Or\u00e7amento de 2018 aprovado pelo Congresso, de R$ 965. Marun negou que o governo tenha reduzido o reajuste e disse que o aumento, de apenas 1,8%, foi definido em conformidade com a situa\u00e7\u00e3o econ\u00f4mica do pa\u00eds.<\/p>\n<p>\u201cQualquer tipo de reajuste no valor do sal\u00e1rio m\u00ednimo \u00e9 estabelecido com base na varia\u00e7\u00e3o do PIB [Produto Interno Bruto] e da infla\u00e7\u00e3o. Ent\u00e3o est\u00e1 sendo feito um c\u00e1lculo baseado no crescimento do PIB e na infla\u00e7\u00e3o. N\u00e3o existe redu\u00e7\u00e3o do sal\u00e1rio-m\u00ednimo. O que existe \u00e9 um aumento do sal\u00e1rio m\u00ednimo em conformidade com o crescimento da economia brasileira e com a infla\u00e7\u00e3o\u201d.<\/p>\n","protected":false},"excerpt":{"rendered":"<p>O ministro da Secretaria de Governo, Carlos Marun, afirmou que a libera\u00e7\u00e3o de R$ 2 bilh\u00f5es a munic\u00edpios feita hoje (29) pelo presidente Michel Temer por medida provis\u00f3ria n\u00e3o est\u00e1 condicionada a apoio ao governo. \u201cN\u00e3o est\u00e1 associado a apoio nenhum. Tanto \u00e9 que a distribui\u00e7\u00e3o dos recursos ser\u00e1 feita em conformidade com o estabelecido &hellip;<\/p>\n","protected":false},"author":2,"featured_media":7787,"comment_status":"open","ping_status":"open","sticky":false,"template":"","format":"standard","meta":{"footnotes":""},"categories":[4],"tags":[],"class_list":["post-7874","post","type-post","status-publish","format-standard","has-post-thumbnail","hentry","category-ultimas-noticias"],"_links":{"self":[{"href":"https:\/\/goiasemtempo.com.br\/home\/wp-json\/wp\/v2\/posts\/7874","targetHints":{"allow":["GET"]}}],"collection":[{"href":"https:\/\/goiasemtempo.com.br\/home\/wp-json\/wp\/v2\/posts"}],"about":[{"href":"https:\/\/goiasemtempo.com.br\/home\/wp-json\/wp\/v2\/types\/post"}],"author":[{"embeddable":true,"href":"https:\/\/goiasemtempo.com.br\/home\/wp-json\/wp\/v2\/users\/2"}],"replies":[{"embeddable":true,"href":"https:\/\/goiasemtempo.com.br\/home\/wp-json\/wp\/v2\/comments?post=7874"}],"version-history":[{"count":1,"href":"https:\/\/goiasemtempo.com.br\/home\/wp-json\/wp\/v2\/posts\/7874\/revisions"}],"predecessor-version":[{"id":7875,"href":"https:\/\/goiasemtempo.com.br\/home\/wp-json\/wp\/v2\/posts\/7874\/revisions\/7875"}],"wp:featuredmedia":[{"embeddable":true,"href":"https:\/\/goiasemtempo.com.br\/home\/wp-json\/wp\/v2\/media\/7787"}],"wp:attachment":[{"href":"https:\/\/goiasemtempo.com.br\/home\/wp-json\/wp\/v2\/media?parent=7874"}],"wp:term":[{"taxonomy":"category","embeddable":true,"href":"https:\/\/goiasemtempo.com.br\/home\/wp-json\/wp\/v2\/categories?post=7874"},{"taxonomy":"post_tag","embeddable":true,"href":"https:\/\/goiasemtempo.com.br\/home\/wp-json\/wp\/v2\/tags?post=7874"}],"curies":[{"name":"wp","href":"https:\/\/api.w.org\/{rel}","templated":true}]}}