{"id":78711,"date":"2025-08-14T19:10:47","date_gmt":"2025-08-14T19:10:47","guid":{"rendered":"https:\/\/goiasemtempo.com.br\/home\/?p=78711"},"modified":"2025-08-14T19:12:17","modified_gmt":"2025-08-14T19:12:17","slug":"pf-descobriu-esquema-na-prefeitura-de-sao-bernardo-de-surpresa-quando-fazia-outra-operacao","status":"publish","type":"post","link":"https:\/\/goiasemtempo.com.br\/home\/pf-descobriu-esquema-na-prefeitura-de-sao-bernardo-de-surpresa-quando-fazia-outra-operacao\/","title":{"rendered":"PF descobriu esquema na Prefeitura de S\u00e3o Bernardo ocasionalmente quando fazia outra opera\u00e7\u00e3o"},"content":{"rendered":"<p data-t=\"{&quot;n&quot;:&quot;blueLinks&quot;,&quot;t&quot;:13,&quot;a&quot;:&quot;click&quot;,&quot;b&quot;:76}\">A Pol\u00edcia Federal descobriu por acaso\u00a0<a href=\"https:\/\/g1.globo.com\/sp\/sao-paulo\/noticia\/2025\/08\/14\/apos-apreensao-de-r-14-milhoes-com-servidor-pf-faz-operacao-contra-esquema-de-corrupcao-na-prefeitura-de-sao-bernardo-do-campo-na-grande-sp.ghtml\" target=\"_blank\" rel=\"noopener\" data-t=\"{&quot;n&quot;:&quot;destination&quot;,&quot;t&quot;:13,&quot;a&quot;:&quot;click&quot;,&quot;b&quot;:1,&quot;c.t&quot;:7}\">o esquema de corrup\u00e7\u00e3o e lavagem de dinheiro na Prefeitura de S\u00e3o Bernardo do Campo<\/a>\u00a0ao encontrar cerca de R$ 14 milh\u00f5es com o servidor da Assembleia Legislativa de S\u00e3o Paulo (Alesp), Paulo Iran Paulino Costa, durante outra opera\u00e7\u00e3o.<\/p>\n<p data-t=\"{&quot;n&quot;:&quot;blueLinks&quot;,&quot;t&quot;:13,&quot;a&quot;:&quot;click&quot;,&quot;b&quot;:76}\">No dia 7 de julho, agentes apreenderam quase R$ 13 milh\u00f5es e US$ 157 mil em esp\u00e9cie no carro e apartamento do servidor. A Justi\u00e7a j\u00e1 decretou a pris\u00e3o preventiva dele, que est\u00e1 foragido. A defesa dele n\u00e3o foi localizada at\u00e9 a \u00faltima atualiza\u00e7\u00e3o da reportagem.<\/p>\n<div class=\"intra-article-module\" data-t=\"{&quot;n&quot;:&quot;intraArticle&quot;,&quot;t&quot;:13}\">\n<div class=\"articlePageIntraArticleFullWidth ad-slot-placeholder left-image-intra-ad full-bleed-image-intra-ad\" data-ad-index=\"0\">\n<div class=\"intra-article-ad-full left-image-intra-ad full-bleed-image-intra-ad\">\n<div><\/div>\n<\/div>\n<\/div>\n<\/div>\n<p data-t=\"{&quot;n&quot;:&quot;blueLinks&quot;,&quot;t&quot;:13,&quot;a&quot;:&quot;click&quot;,&quot;b&quot;:76}\">O esquema investigado pela PF funcionava por meio de uma complexa organiza\u00e7\u00e3o criminosa com o objetivo de desviar recursos p\u00fablicos e lavar dinheiro, envolvendo empresas nas \u00e1reas de obras, sa\u00fade e manuten\u00e7\u00e3o que mant\u00eam contratos com a prefeitura e a Funda\u00e7\u00e3o ABC.<\/p>\n<p data-t=\"{&quot;n&quot;:&quot;blueLinks&quot;,&quot;t&quot;:13,&quot;a&quot;:&quot;click&quot;,&quot;b&quot;:76}\">Segundo a inqu\u00e9rito policial, obtido pela TV Globo, Paulo Iran era principal operador financeiro do esquema, respons\u00e1vel pela arrecada\u00e7\u00e3o e distribui\u00e7\u00e3o dos valores pagos pelas empresas \u00e0 administra\u00e7\u00e3o municipal.<\/p>\n<p data-t=\"{&quot;n&quot;:&quot;blueLinks&quot;,&quot;t&quot;:13,&quot;a&quot;:&quot;click&quot;,&quot;b&quot;:76}\">Ele tamb\u00e9m organizava, controlava e efetuava o pagamento de despesas pessoais do prefeito, da primeira-dama e da filha deles, como despesas do cart\u00e3o de cr\u00e9dito, conta de telefone e mensalidades da faculdade de medicina da filha.<\/p>\n<div class=\"intra-article-module\" data-t=\"{&quot;n&quot;:&quot;intraArticle&quot;,&quot;t&quot;:13}\">\n<div class=\"articlePageIntraArticleFullWidth ad-slot-placeholder left-image-intra-ad full-bleed-image-intra-ad\" data-ad-index=\"1\">\n<div class=\"intra-article-ad-full left-image-intra-ad full-bleed-image-intra-ad\">\n<div id=\"adnxs-d15a9bef18614773a466\" class=\"full-bleed-image-intra-ad\">\n<div class=\"content\">\n<div class=\"hide-story-wrapper\">\n<div id=\"hide-story\" class=\"hide-story\"><\/div>\n<\/div>\n<\/div>\n<\/div>\n<\/div>\n<\/div>\n<\/div>\n<p class=\"continue-read-break\" data-t=\"{&quot;n&quot;:&quot;blueLinks&quot;,&quot;t&quot;:13,&quot;a&quot;:&quot;click&quot;,&quot;b&quot;:76}\">Paulo Iran tamb\u00e9m atuava como auxiliar legislativo no gabinete do deputado Rodrigo Moraes (PL) desde setembro de 2022. Segundo o portal da transpar\u00eancia da Alesp, ele recebia R$ 6.154,51 de sal\u00e1rio.<\/p>\n<p data-t=\"{&quot;n&quot;:&quot;blueLinks&quot;,&quot;t&quot;:13,&quot;a&quot;:&quot;click&quot;,&quot;b&quot;:76}\">Procurado, o deputado informou que o servidor ser\u00e1 exonerado. &#8220;No meu mandato n\u00e3o aceito qualquer suspeita de corrup\u00e7\u00e3o ou conduta indevida&#8221;, declarou.<\/p>\n<p data-t=\"{&quot;n&quot;:&quot;blueLinks&quot;,&quot;t&quot;:13,&quot;a&quot;:&quot;click&quot;,&quot;b&quot;:76}\">Os investigadores descobriram que Paulo Iran e Antonio Rene da Silva Chaga \u2014 outro alvo da investiga\u00e7\u00e3o que \u00e9 diretor de Departamento na Secretaria de Coordena\u00e7\u00e3o Governamental \u2014 se comunicavam por celulares clandestinos.<\/p>\n<p class=\"\" data-t=\"{&quot;n&quot;:&quot;blueLinks&quot;,&quot;t&quot;:13,&quot;a&quot;:&quot;click&quot;,&quot;b&quot;:76}\">Para gerenciar o controle de fluxo do caixa, Paulo Iran usava um m\u00e9todo informal. Ele escrevia as entradas e sa\u00eddas de dinheiro em &#8220;post-it&#8221;, de acordo com os investigadores.<\/p>\n<p data-t=\"{&quot;n&quot;:&quot;blueLinks&quot;,&quot;t&quot;:13,&quot;a&quot;:&quot;click&quot;,&quot;b&quot;:76}\">&#8220;Nesses di\u00e1logos e anota\u00e7\u00f5es, s\u00e3o frequentemente empregados c\u00f3digos, apelidos e refer\u00eancias veladas a nomes de pessoas f\u00edsicas e jur\u00eddicas, dificultando a rastreabilidade das opera\u00e7\u00f5es&#8221;, explica o delegado Daniel Penido Brito no inqu\u00e9rito.<\/p>\n<div class=\"intra-article-module\" data-t=\"{&quot;n&quot;:&quot;intraArticle&quot;,&quot;t&quot;:13}\">\n<div class=\"articlePageIntraArticleFullWidth ad-slot-placeholder left-image-intra-ad full-bleed-image-intra-ad\" data-ad-index=\"2\">\n<div class=\"intra-article-ad-full left-image-intra-ad full-bleed-image-intra-ad\">\n<div id=\"msnab2966597e264a9fb9c8\" class=\"full-bleed-image-intra-ad\">&#8220;A atua\u00e7\u00e3o de Paulo Iran Paulino Costa \u00e9, portanto, fundamental para a operacionaliza\u00e7\u00e3o e gest\u00e3o financeira do esquema criminoso efetivado pela organiza\u00e7\u00e3o criminosa, conectando empresas contratadas pela prefeitura ao chefe do executivo municipal e seus familiares&#8221;, complementa Brito.<\/div>\n<\/div>\n<\/div>\n<\/div>\n<p data-t=\"{&quot;n&quot;:&quot;blueLinks&quot;,&quot;t&quot;:13,&quot;a&quot;:&quot;click&quot;,&quot;b&quot;:76}\">Opera\u00e7\u00e3o Estafeta<\/p>\n<p data-t=\"{&quot;n&quot;:&quot;blueLinks&quot;,&quot;t&quot;:13,&quot;a&quot;:&quot;click&quot;,&quot;b&quot;:76}\">A PF cumpre nesta quinta-feira (14) 20 mandados de busca e apreens\u00e3o e medidas de quebra de sigilos banc\u00e1rio e fiscal nas cidades de S\u00e3o Paulo,\u00a0<a href=\"https:\/\/g1.globo.com\/sp\/sao-paulo\/cidade\/sao-bernardo-do-campo\/\" target=\"_blank\" rel=\"noopener\" data-t=\"{&quot;n&quot;:&quot;destination&quot;,&quot;t&quot;:13,&quot;a&quot;:&quot;click&quot;,&quot;b&quot;:1,&quot;c.t&quot;:7}\">S\u00e3o Bernardo do Campo<\/a>, Santo Andr\u00e9, Mau\u00e1 e Diadema.<\/p>\n<p data-t=\"{&quot;n&quot;:&quot;blueLinks&quot;,&quot;t&quot;:13,&quot;a&quot;:&quot;click&quot;,&quot;b&quot;:76}\">As ordens judiciais foram expedidas pelo Tribunal de Justi\u00e7a de S\u00e3o Paulo e incluem ainda afastamento de cargos p\u00fablicos e monitoramento eletr\u00f4nico de investigados.<\/p>\n<p data-t=\"{&quot;n&quot;:&quot;blueLinks&quot;,&quot;t&quot;:13,&quot;a&quot;:&quot;click&quot;,&quot;b&quot;:76}\">Com o afastamento do prefeito Marcelo Lima, quem assume o comando da cidade \u00e9 a vice-prefeita, Jessica Cormick, do Avante.\u00a0<a href=\"https:\/\/g1.globo.com\/sp\/sao-paulo\/noticia\/2025\/08\/14\/quem-e-a-vice-prefeita-que-assume-o-comando-de-sao-bernardo-apos-afastamento-do-prefeito-por-suspeita-de-corrupcao.ghtml\" target=\"_blank\" rel=\"noopener\" data-t=\"{&quot;n&quot;:&quot;destination&quot;,&quot;t&quot;:13,&quot;a&quot;:&quot;click&quot;,&quot;b&quot;:1,&quot;c.t&quot;:7}\">Aos 38 anos, ela \u00e9 sargento da Pol\u00edcia Militar e est\u00e1 no seu primeiro cargo p\u00fablico eletivo.<\/a><\/p>\n<div class=\"intra-article-module\" data-t=\"{&quot;n&quot;:&quot;intraArticle&quot;,&quot;t&quot;:13}\"><\/div>\n<p data-t=\"{&quot;n&quot;:&quot;blueLinks&quot;,&quot;t&quot;:13,&quot;a&quot;:&quot;click&quot;,&quot;b&quot;:76}\">Na opera\u00e7\u00e3o, batizada de Estafeta, foi preso em flagrante o empres\u00e1rio Edmilson Carvalho, s\u00f3cio da Terraplanagem Alzira Franco Ltda., que tem contrato com a prefeitura. Na casa dele, a PF apreendeu R$ 400 mil.<\/p>\n<p data-t=\"{&quot;n&quot;:&quot;blueLinks&quot;,&quot;t&quot;:13,&quot;a&quot;:&quot;click&quot;,&quot;b&quot;:76}\">Tamb\u00e9m foi preso Antonio Rene da Silva, que \u00e9 servidor da Prefeitura de S\u00e3o Bernardo e atua como Diretor de Departamento na Secretaria de Coordena\u00e7\u00e3o Governamental. Havia um mandado de pris\u00e3o contra ele.<\/p>\n<p data-t=\"{&quot;n&quot;:&quot;blueLinks&quot;,&quot;t&quot;:13,&quot;a&quot;:&quot;click&quot;,&quot;b&quot;:76}\">O atual presidente da C\u00e2mara Municipal da cidade e primo do prefeito, vereador Danilo Lima Ramos (Podemos), tamb\u00e9m \u00e9 alvo de buscas pela pol\u00edcia, assim como o suplente de vereador Ary Jos\u00e9 de Oliveira (PRTB).<\/p>\n<p data-t=\"{&quot;n&quot;:&quot;blueLinks&quot;,&quot;t&quot;:13,&quot;a&quot;:&quot;click&quot;,&quot;b&quot;:76}\">Os envolvidos poder\u00e3o responder por organiza\u00e7\u00e3o criminosa, lavagem de dinheiro, corrup\u00e7\u00e3o passiva e corrup\u00e7\u00e3o ativa.<\/p>\n<p data-t=\"{&quot;n&quot;:&quot;blueLinks&quot;,&quot;t&quot;:13,&quot;a&quot;:&quot;click&quot;,&quot;b&quot;:76}\">Procurada, a prefeitura afirmou que ir\u00e1 colaborar com a investiga\u00e7\u00e3o. &#8220;A gest\u00e3o municipal \u00e9 a principal interessada para que tudo seja devidamente apurado. Refor\u00e7amos que o epis\u00f3dio n\u00e3o afeta os servi\u00e7os na cidade&#8221;, disse a administra\u00e7\u00e3o municipal.<\/p>\n","protected":false},"excerpt":{"rendered":"<p>A Pol\u00edcia Federal descobriu por acaso\u00a0o esquema de corrup\u00e7\u00e3o e lavagem de dinheiro na Prefeitura de S\u00e3o Bernardo do Campo\u00a0ao encontrar cerca de R$ 14 milh\u00f5es com o servidor da Assembleia Legislativa de S\u00e3o Paulo (Alesp), Paulo Iran Paulino Costa, durante outra opera\u00e7\u00e3o. No dia 7 de julho, agentes apreenderam quase R$ 13 milh\u00f5es e &hellip;<\/p>\n","protected":false},"author":3,"featured_media":78712,"comment_status":"closed","ping_status":"open","sticky":false,"template":"","format":"standard","meta":{"footnotes":""},"categories":[4],"tags":[],"class_list":["post-78711","post","type-post","status-publish","format-standard","has-post-thumbnail","hentry","category-ultimas-noticias"],"_links":{"self":[{"href":"https:\/\/goiasemtempo.com.br\/home\/wp-json\/wp\/v2\/posts\/78711","targetHints":{"allow":["GET"]}}],"collection":[{"href":"https:\/\/goiasemtempo.com.br\/home\/wp-json\/wp\/v2\/posts"}],"about":[{"href":"https:\/\/goiasemtempo.com.br\/home\/wp-json\/wp\/v2\/types\/post"}],"author":[{"embeddable":true,"href":"https:\/\/goiasemtempo.com.br\/home\/wp-json\/wp\/v2\/users\/3"}],"replies":[{"embeddable":true,"href":"https:\/\/goiasemtempo.com.br\/home\/wp-json\/wp\/v2\/comments?post=78711"}],"version-history":[{"count":2,"href":"https:\/\/goiasemtempo.com.br\/home\/wp-json\/wp\/v2\/posts\/78711\/revisions"}],"predecessor-version":[{"id":78714,"href":"https:\/\/goiasemtempo.com.br\/home\/wp-json\/wp\/v2\/posts\/78711\/revisions\/78714"}],"wp:featuredmedia":[{"embeddable":true,"href":"https:\/\/goiasemtempo.com.br\/home\/wp-json\/wp\/v2\/media\/78712"}],"wp:attachment":[{"href":"https:\/\/goiasemtempo.com.br\/home\/wp-json\/wp\/v2\/media?parent=78711"}],"wp:term":[{"taxonomy":"category","embeddable":true,"href":"https:\/\/goiasemtempo.com.br\/home\/wp-json\/wp\/v2\/categories?post=78711"},{"taxonomy":"post_tag","embeddable":true,"href":"https:\/\/goiasemtempo.com.br\/home\/wp-json\/wp\/v2\/tags?post=78711"}],"curies":[{"name":"wp","href":"https:\/\/api.w.org\/{rel}","templated":true}]}}