{"id":78649,"date":"2025-08-13T15:03:46","date_gmt":"2025-08-13T15:03:46","guid":{"rendered":"https:\/\/goiasemtempo.com.br\/home\/?p=78649"},"modified":"2025-08-13T15:05:11","modified_gmt":"2025-08-13T15:05:11","slug":"ambev-realiza-mutirao-de-vagas-em-anapoli","status":"publish","type":"post","link":"https:\/\/goiasemtempo.com.br\/home\/ambev-realiza-mutirao-de-vagas-em-anapoli\/","title":{"rendered":"Ambev realiza mutir\u00e3o de vagas em An\u00e1polis"},"content":{"rendered":"<p>A Ambev vai promover, em 13 de agosto de 2025, um mutir\u00e3o de vagas para contrata\u00e7\u00e3o imediata de Operadores de Envase em sua Filial Cebrasa, em An\u00e1polis (GO). O evento ser\u00e1 realizado no SENAI Roberto Mange, no bairro de Jundia\u00ed. Interessados devem comparecer com curr\u00edculo atualizado e documentos pessoais em m\u00e3os, entre 09h e 16h.<br \/>\nA iniciativa busca impulsionar a empregabilidade na regi\u00e3o, oferecendo oportunidades para quem deseja fazer parte de um time de mais de 25 mil pessoas, que fomenta a economia brasileira, gerando quase 1 milh\u00e3o de empregos diretos, indiretos e induzidos, al\u00e9m de contribuir para um legado de d\u00e9cadas \u00e0 frente de uma das categorias mais vibrantes e conectadas \u00e0 cultura do pa\u00eds.<br \/>\nOs benef\u00edcios das vagas incluem plano de sa\u00fade e odontol\u00f3gico, telemedicina, seguro de vida, descontos em produtos, cesta de Natal, previd\u00eancia privada, restaurante subsidiado, vale-transporte ou fretado, abono assiduidade (14\u00ba sal\u00e1rio), aux\u00edlio creche ou profissional de cuidado infantil, e participa\u00e7\u00e3o nos lucros da opera\u00e7\u00e3o.<\/p>\n<p><strong><u>Requisitos da vaga<\/u>:<\/strong><\/p>\n<p>Ensino M\u00e9dio Completo;<\/p>\n<p>Disponibilidade para turnos da escala 6&#215;2;<\/p>\n<p>Desej\u00e1vel experi\u00eancia pr\u00e9via com produ\u00e7\u00e3o;<\/p>\n<p>Perfil &#8220;m\u00e3o na massa&#8221; e com sede de aprendizado;<\/p>\n<p>Boa capacidade de comunica\u00e7\u00e3o e trabalho em equipe;<\/p>\n<p>Responsabilidade e proatividade;<\/p>\n<p>Residir em An\u00e1polis.<br \/>\n<strong><u>Servi\u00e7o \u2013 Mutir\u00e3o de Vagas Ambev<\/u><\/strong><\/p>\n<p>Data: 13\/08\/2025<\/p>\n<p>Hor\u00e1rio: 09h &#8211; 16h<\/p>\n<p>Local: Senai Roberto Mange. Rua Engenheiro &#8211; R. Prof. Roberto Mange, n\u00b0 239 &#8211; Jundia\u00ed, An\u00e1polis &#8211; GO, 75053-520<\/p>\n<p>Vagas: Operador de Envase<\/p>\n<p>Levar: Curr\u00edculo atualizado e documentos pessoais<\/p>\n<p><img decoding=\"async\" src=\"https:\/\/goiasemtempo.com.br\/home\/wp-content\/uploads\/2025\/08\/amabev-vagas.png\" \/><\/p>\n","protected":false},"excerpt":{"rendered":"<p>A Ambev vai promover, em 13 de agosto de 2025, um mutir\u00e3o de vagas para contrata\u00e7\u00e3o imediata de Operadores de Envase em sua Filial Cebrasa, em An\u00e1polis (GO). O evento ser\u00e1 realizado no SENAI Roberto Mange, no bairro de Jundia\u00ed. Interessados devem comparecer com curr\u00edculo atualizado e documentos pessoais em m\u00e3os, entre 09h e 16h. &hellip;<\/p>\n","protected":false},"author":3,"featured_media":78652,"comment_status":"closed","ping_status":"open","sticky":false,"template":"","format":"standard","meta":{"_exactmetrics_skip_tracking":false,"_exactmetrics_sitenote_active":false,"_exactmetrics_sitenote_note":"","_exactmetrics_sitenote_category":0,"footnotes":""},"categories":[459,473],"tags":[],"_links":{"self":[{"href":"https:\/\/goiasemtempo.com.br\/home\/wp-json\/wp\/v2\/posts\/78649"}],"collection":[{"href":"https:\/\/goiasemtempo.com.br\/home\/wp-json\/wp\/v2\/posts"}],"about":[{"href":"https:\/\/goiasemtempo.com.br\/home\/wp-json\/wp\/v2\/types\/post"}],"author":[{"embeddable":true,"href":"https:\/\/goiasemtempo.com.br\/home\/wp-json\/wp\/v2\/users\/3"}],"replies":[{"embeddable":true,"href":"https:\/\/goiasemtempo.com.br\/home\/wp-json\/wp\/v2\/comments?post=78649"}],"version-history":[{"count":3,"href":"https:\/\/goiasemtempo.com.br\/home\/wp-json\/wp\/v2\/posts\/78649\/revisions"}],"predecessor-version":[{"id":78654,"href":"https:\/\/goiasemtempo.com.br\/home\/wp-json\/wp\/v2\/posts\/78649\/revisions\/78654"}],"wp:featuredmedia":[{"embeddable":true,"href":"https:\/\/goiasemtempo.com.br\/home\/wp-json\/wp\/v2\/media\/78652"}],"wp:attachment":[{"href":"https:\/\/goiasemtempo.com.br\/home\/wp-json\/wp\/v2\/media?parent=78649"}],"wp:term":[{"taxonomy":"category","embeddable":true,"href":"https:\/\/goiasemtempo.com.br\/home\/wp-json\/wp\/v2\/categories?post=78649"},{"taxonomy":"post_tag","embeddable":true,"href":"https:\/\/goiasemtempo.com.br\/home\/wp-json\/wp\/v2\/tags?post=78649"}],"curies":[{"name":"wp","href":"https:\/\/api.w.org\/{rel}","templated":true}]}}