{"id":78619,"date":"2025-08-11T15:58:04","date_gmt":"2025-08-11T15:58:04","guid":{"rendered":"https:\/\/goiasemtempo.com.br\/home\/?p=78619"},"modified":"2025-08-11T15:59:10","modified_gmt":"2025-08-11T15:59:10","slug":"cnh-social-presidente-do-detran-go-acusa-governo-federal-de-propaganda-enganosa","status":"publish","type":"post","link":"https:\/\/goiasemtempo.com.br\/home\/cnh-social-presidente-do-detran-go-acusa-governo-federal-de-propaganda-enganosa\/","title":{"rendered":"CNH Social: Presidente do Detran-GO acusa governo Lula de \u2018propaganda enganosa\u2019"},"content":{"rendered":"<p>O presidente do Departamento Estadual de Tr\u00e2nsito de Goi\u00e1s (<a href=\"https:\/\/www.maisgoias.com.br\/cidades\/medicos-do-detran-go-anunciam-nova-paralisacao-de-72-horas-a-partir-desta-quarta-30\/\">Detra<\/a><a href=\"https:\/\/www.maisgoias.com.br\/cidades\/medicos-do-detran-go-anunciam-nova-paralisacao-de-72-horas-a-partir-desta-quarta-30\/\" target=\"_blank\" rel=\"noreferrer noopener\">n-<\/a><a href=\"https:\/\/www.maisgoias.com.br\/cidades\/medicos-do-detran-go-anunciam-nova-paralisacao-de-72-horas-a-partir-desta-quarta-30\/\">GO<\/a>), Delegado Waldir Soares, acusou o governo federal de induzir a popula\u00e7\u00e3o ao erro ao divulgar que pessoas inscritas no Cadastro \u00danico (Cad\u00danico) poderiam obter a\u00a0<a href=\"https:\/\/www.maisgoias.com.br\/brasil\/carteira-nacional-de-habilitacao-tera-mudancas-em-2025-confira\/\" target=\"_blank\" rel=\"noreferrer noopener\">Carteira Nacional de Habilita\u00e7\u00e3o<\/a>\u00a0(CNH) gratuitamente nos Detrans de todo o pa\u00eds. A acusa\u00e7\u00e3o foi feita em coletiva com a imprensa concedida na manh\u00e3 desta segunda-feira (11).<\/p>\n<div id=\"inread1\" class=\"square-ad\" data-google-query-id=\"CO3y2pePg48DFSNPuAQdLWQ2hQ\">\n<div id=\"google_ads_iframe_\/176290677\/maisgoias\/inread1_0__container__\"><\/div>\n<\/div>\n<p>Ele classificou a iniciativa como \u201cpropaganda enganosa\u201d e disse que o caso ser\u00e1 levado \u00e0 Pol\u00edcia Federal, Minist\u00e9rio P\u00fablico Federal, Procon Estadual e Delegacia do Consumidor. O\u00a0<strong>Mais Goi\u00e1s<\/strong>\u00a0procurou a Secretaria de Comunica\u00e7\u00e3o do Governo Federal para ouvir sua vers\u00e3o, mas at\u00e9 o fechamento deste material n\u00e3o houve retorno.<\/p>\n<h2 id=\"h-propaganda-enganosa\" class=\"wp-block-heading\">\u2018Propaganda enganosa\u2019<\/h2>\n<p>De acordo com Waldir, a medida divulgada nas redes oficiais do governo e no portal da Secretaria Nacional de Tr\u00e2nsito (Senatran) n\u00e3o tem respaldo pr\u00e1tico, pois n\u00e3o h\u00e1 recursos garantidos nem regulamenta\u00e7\u00e3o para custear todas as etapas do processo de habilita\u00e7\u00e3o.<\/p>\n<p>\u201cO governo federal est\u00e1 enganando o cidad\u00e3o. Isso \u00e9 mentira, \u00e9 fake news. Amanh\u00e3 teremos pessoas gastando dinheiro e perdendo tempo no Detran por conta dessa fake do governo federal\u201d, afirmou durante coletiva \u00e0 imprensa.<\/p>\n<p>O presidente ressaltou que a Uni\u00e3o n\u00e3o pode impor aos Estados como usar os recursos das multas de tr\u00e2nsito, cuja arrecada\u00e7\u00e3o \u00e9 dividida entre Uni\u00e3o, Estados e munic\u00edpios. Ele tamb\u00e9m alertou que retirar verbas j\u00e1 destinadas \u00e0 fiscaliza\u00e7\u00e3o, engenharia de tr\u00e1fego e sinaliza\u00e7\u00e3o para bancar o programa pode comprometer a seguran\u00e7a vi\u00e1ria. \u201cEssa medida eleitoreira prejudicaria todos os projetos em andamento e aumentaria o n\u00famero de acidentes\u201d, disse.<\/p>\n<h2 id=\"h-direito-a-gratuidade\" class=\"wp-block-heading\">Direito \u00e0 gratuidade<\/h2>\n<p>Na pr\u00e1tica, afirma Waldir, quem procurar o Detran-GO com base na informa\u00e7\u00e3o federal n\u00e3o ter\u00e1 direito \u00e0 gratuidade. Ele explicou que o \u00f3rg\u00e3o prepara um novo modelo estadual de CNH Social, voltado a alunos de escolas p\u00fablicas e com credenciamento de instrutores, mas sem falsas promessas. \u201cHoje, CNH \u00e9 s\u00f3 para rico. Queremos mudar isso, mas n\u00e3o com mentira, n\u00e3o com fake\u201d, afirmou.<\/p>\n<p>A Associa\u00e7\u00e3o Nacional dos Detrans j\u00e1 enviou pedido formal \u00e0 Secom da Presid\u00eancia para alterar o conte\u00fado divulgado, mas, segundo Waldir, n\u00e3o houve resposta. Uma reuni\u00e3o entre presidentes de Detrans e a Senatran est\u00e1 prevista para esta quarta-feira (13) para tratar do impasse. \u201cVamos nos reunir, considerando que isso vai criar uma um grande tumulto. N\u00f3s n\u00e3o podemos enganar as pessoas\u201d, salientou.<\/p>\n","protected":false},"excerpt":{"rendered":"<p>O presidente do Departamento Estadual de Tr\u00e2nsito de Goi\u00e1s (Detran-GO), Delegado Waldir Soares, acusou o governo federal de induzir a popula\u00e7\u00e3o ao erro ao divulgar que pessoas inscritas no Cadastro \u00danico (Cad\u00danico) poderiam obter a\u00a0Carteira Nacional de Habilita\u00e7\u00e3o\u00a0(CNH) gratuitamente nos Detrans de todo o pa\u00eds. A acusa\u00e7\u00e3o foi feita em coletiva com a imprensa concedida &hellip;<\/p>\n","protected":false},"author":3,"featured_media":78620,"comment_status":"closed","ping_status":"open","sticky":false,"template":"","format":"standard","meta":{"_exactmetrics_skip_tracking":false,"_exactmetrics_sitenote_active":false,"_exactmetrics_sitenote_note":"","_exactmetrics_sitenote_category":0,"footnotes":""},"categories":[48,15,19,2],"tags":[],"_links":{"self":[{"href":"https:\/\/goiasemtempo.com.br\/home\/wp-json\/wp\/v2\/posts\/78619"}],"collection":[{"href":"https:\/\/goiasemtempo.com.br\/home\/wp-json\/wp\/v2\/posts"}],"about":[{"href":"https:\/\/goiasemtempo.com.br\/home\/wp-json\/wp\/v2\/types\/post"}],"author":[{"embeddable":true,"href":"https:\/\/goiasemtempo.com.br\/home\/wp-json\/wp\/v2\/users\/3"}],"replies":[{"embeddable":true,"href":"https:\/\/goiasemtempo.com.br\/home\/wp-json\/wp\/v2\/comments?post=78619"}],"version-history":[{"count":2,"href":"https:\/\/goiasemtempo.com.br\/home\/wp-json\/wp\/v2\/posts\/78619\/revisions"}],"predecessor-version":[{"id":78622,"href":"https:\/\/goiasemtempo.com.br\/home\/wp-json\/wp\/v2\/posts\/78619\/revisions\/78622"}],"wp:featuredmedia":[{"embeddable":true,"href":"https:\/\/goiasemtempo.com.br\/home\/wp-json\/wp\/v2\/media\/78620"}],"wp:attachment":[{"href":"https:\/\/goiasemtempo.com.br\/home\/wp-json\/wp\/v2\/media?parent=78619"}],"wp:term":[{"taxonomy":"category","embeddable":true,"href":"https:\/\/goiasemtempo.com.br\/home\/wp-json\/wp\/v2\/categories?post=78619"},{"taxonomy":"post_tag","embeddable":true,"href":"https:\/\/goiasemtempo.com.br\/home\/wp-json\/wp\/v2\/tags?post=78619"}],"curies":[{"name":"wp","href":"https:\/\/api.w.org\/{rel}","templated":true}]}}