{"id":78585,"date":"2025-08-10T16:08:44","date_gmt":"2025-08-10T16:08:44","guid":{"rendered":"https:\/\/goiasemtempo.com.br\/home\/?p=78585"},"modified":"2025-08-10T16:08:44","modified_gmt":"2025-08-10T16:08:44","slug":"saude-de-faustao-medico-da-detalhes-sobre-resposta-de-transplantes-e-respiracao-por-aparelhos","status":"publish","type":"post","link":"https:\/\/goiasemtempo.com.br\/home\/saude-de-faustao-medico-da-detalhes-sobre-resposta-de-transplantes-e-respiracao-por-aparelhos\/","title":{"rendered":"Sa\u00fade de Faust\u00e3o : M\u00e9dico d\u00e1 detalhes sobre resposta de transplantes e respira\u00e7\u00e3o por aparelhos"},"content":{"rendered":"<p data-t=\"{&quot;n&quot;:&quot;blueLinks&quot;,&quot;t&quot;:13,&quot;a&quot;:&quot;click&quot;,&quot;b&quot;:76}\">Internado no Hospital Israelita Albert Einstein, em S\u00e3o Paulo, o\u00a0<a href=\"https:\/\/www.purepeople.com.br\/noticia\/fausto-silva-internado-entenda-polemica-envolvendo-apresentador-e-empresa-patrocinadora-do-bbb-24_a387543\/1\" target=\"_blank\" rel=\"noopener\" data-t=\"{&quot;n&quot;:&quot;destination&quot;,&quot;t&quot;:13,&quot;a&quot;:&quot;click&quot;,&quot;b&quot;:1,&quot;c.t&quot;:7}\">apresentador Fausto Silva segue em situa\u00e7\u00e3o delicada<\/a>.\u00a0Desde 21 de maio, o comunicador sofre com uma infec\u00e7\u00e3o bacteriana grave que evoluiu para sepse, tipo de inflama\u00e7\u00e3o em todo o corpo que geralmente danifica \u00f3rg\u00e3os e tecidos.<\/p>\n<div class=\"intra-article-module\" data-t=\"{&quot;n&quot;:&quot;intraArticle&quot;,&quot;t&quot;:13}\">\n<div class=\"articlePageIntraArticleFullWidth ad-slot-placeholder left-image-intra-ad full-bleed-image-intra-ad\" data-ad-index=\"0\">\n<div class=\"intra-article-ad-full left-image-intra-ad full-bleed-image-intra-ad\">\n<div id=\"adnxs-31f8a35668ae43a4a8eb\" class=\"full-bleed-image-intra-ad\">\n<div class=\"content\">Nesse caso, <a href=\"https:\/\/www.purepeople.com.br\/noticia\/faustao-esta-vivo-filho-do-faustao-apresentador-joao-silva-quebra-silencio-e-atualiza-sobre-estado-de-saude-do-pai-em-nome-da-familia-ele-ta-indo_a410271\/1\" target=\"_blank\" rel=\"noopener\" data-t=\"{&quot;n&quot;:&quot;destination&quot;,&quot;t&quot;:13,&quot;a&quot;:&quot;click&quot;,&quot;b&quot;:1,&quot;c.t&quot;:7}\">Fausto est\u00e1 fazendo uso de aparelhos de ventila\u00e7\u00e3o mec\u00e2nica para melhorar a respira\u00e7\u00e3o<\/a>. Segundo o m\u00e9dico cardiologista Elisi\u00e1rio Junior, que falou sobre o assunto no podcast Ielcast, o apresentador n\u00e3o tem condi\u00e7\u00f5es de respirar espontaneamente.<\/div>\n<div><\/div>\n<\/div>\n<\/div>\n<\/div>\n<\/div>\n<p data-t=\"{&quot;n&quot;:&quot;blueLinks&quot;,&quot;t&quot;:13,&quot;a&quot;:&quot;click&quot;,&quot;b&quot;:76}\">\u201c<strong>Ele deve estar com muitas bact\u00e9rias resistentes, da\u00ed o tempo prolongado de interna\u00e7\u00e3o hospitalar. Perceba que ele est\u00e1 internado desde o dia 21 de maio agora deste ano, ent\u00e3o \u00e9 algo realmente muito preocupante. Infelizmente, as chances do Faust\u00e3o s\u00e3o m\u00ednimas<\/strong>&#8220;, diz o especialista.<\/p>\n<p class=\"continue-read-break\" data-t=\"{&quot;n&quot;:&quot;blueLinks&quot;,&quot;t&quot;:13,&quot;a&quot;:&quot;click&quot;,&quot;b&quot;:76}\">Fausto Silva passou por duas cirurgias recentemente. Em 6 de agosto, ele recebeu um transplante de f\u00edgado; no dia 7, foi submetido a um retransplante renal. Ambos os \u00f3rg\u00e3os vieram de um mesmo doador, um familiar do ex-apresentador da Globo, o que justifica ele n\u00e3o ter precisado entrar na fila para receber os \u00f3rg\u00e3os.<\/p>\n<div class=\"title-h2\">Faust\u00e3o teve prioridade no transplante?<\/div>\n<p data-t=\"{&quot;n&quot;:&quot;blueLinks&quot;,&quot;t&quot;:13,&quot;a&quot;:&quot;click&quot;,&quot;b&quot;:76}\">Ap\u00f3s rumores de que Faust\u00e3o pudesse ter sido beneficiado na fila de espera do transplante, o\u00a0<a href=\"https:\/\/www.purepeople.com.br\/noticia\/faustao-teve-prioridade-no-transplante-apos-polemicas-ministro-da-saude-se-pronuncia-sobre-estado-do-apresentador-fila-de-urgencia_a410288\/1\" target=\"_blank\" rel=\"noopener\" data-t=\"{&quot;n&quot;:&quot;destination&quot;,&quot;t&quot;:13,&quot;a&quot;:&quot;click&quot;,&quot;b&quot;:1,&quot;c.t&quot;:7}\">Ministro da Sa\u00fade, Alexandre Padilha, se pronunciou.<\/a><\/p>\n<p data-t=\"{&quot;n&quot;:&quot;blueLinks&quot;,&quot;t&quot;:13,&quot;a&quot;:&quot;click&quot;,&quot;b&quot;:76}\">&#8220;O Faust\u00e3o fez o transplante porque ele j\u00e1 estava na fila de urg\u00eancia. Casos como o dele s\u00e3o realizados mais r\u00e1pido, inclusive, por conta disso. Alguns deles, em at\u00e9 48 horas. S\u00f3 no ano passado, mais de 100 casos dos transplantes no Brasil pelo SUS, as pessoas fizeram dois ou mais transplantes&#8221;, explicou.<\/p>\n<p data-t=\"{&quot;n&quot;:&quot;blueLinks&quot;,&quot;t&quot;:13,&quot;a&quot;:&quot;click&quot;,&quot;b&quot;:76}\">\n","protected":false},"excerpt":{"rendered":"<p>Internado no Hospital Israelita Albert Einstein, em S\u00e3o Paulo, o\u00a0apresentador Fausto Silva segue em situa\u00e7\u00e3o delicada.\u00a0Desde 21 de maio, o comunicador sofre com uma infec\u00e7\u00e3o bacteriana grave que evoluiu para sepse, tipo de inflama\u00e7\u00e3o em todo o corpo que geralmente danifica \u00f3rg\u00e3os e tecidos. Nesse caso, Fausto est\u00e1 fazendo uso de aparelhos de ventila\u00e7\u00e3o mec\u00e2nica &hellip;<\/p>\n","protected":false},"author":3,"featured_media":78586,"comment_status":"closed","ping_status":"open","sticky":false,"template":"","format":"standard","meta":{"_exactmetrics_skip_tracking":false,"_exactmetrics_sitenote_active":false,"_exactmetrics_sitenote_note":"","_exactmetrics_sitenote_category":0,"footnotes":""},"categories":[472],"tags":[],"_links":{"self":[{"href":"https:\/\/goiasemtempo.com.br\/home\/wp-json\/wp\/v2\/posts\/78585"}],"collection":[{"href":"https:\/\/goiasemtempo.com.br\/home\/wp-json\/wp\/v2\/posts"}],"about":[{"href":"https:\/\/goiasemtempo.com.br\/home\/wp-json\/wp\/v2\/types\/post"}],"author":[{"embeddable":true,"href":"https:\/\/goiasemtempo.com.br\/home\/wp-json\/wp\/v2\/users\/3"}],"replies":[{"embeddable":true,"href":"https:\/\/goiasemtempo.com.br\/home\/wp-json\/wp\/v2\/comments?post=78585"}],"version-history":[{"count":1,"href":"https:\/\/goiasemtempo.com.br\/home\/wp-json\/wp\/v2\/posts\/78585\/revisions"}],"predecessor-version":[{"id":78587,"href":"https:\/\/goiasemtempo.com.br\/home\/wp-json\/wp\/v2\/posts\/78585\/revisions\/78587"}],"wp:featuredmedia":[{"embeddable":true,"href":"https:\/\/goiasemtempo.com.br\/home\/wp-json\/wp\/v2\/media\/78586"}],"wp:attachment":[{"href":"https:\/\/goiasemtempo.com.br\/home\/wp-json\/wp\/v2\/media?parent=78585"}],"wp:term":[{"taxonomy":"category","embeddable":true,"href":"https:\/\/goiasemtempo.com.br\/home\/wp-json\/wp\/v2\/categories?post=78585"},{"taxonomy":"post_tag","embeddable":true,"href":"https:\/\/goiasemtempo.com.br\/home\/wp-json\/wp\/v2\/tags?post=78585"}],"curies":[{"name":"wp","href":"https:\/\/api.w.org\/{rel}","templated":true}]}}