{"id":78562,"date":"2025-08-08T12:29:22","date_gmt":"2025-08-08T12:29:22","guid":{"rendered":"https:\/\/goiasemtempo.com.br\/home\/?p=78562"},"modified":"2025-08-08T12:29:22","modified_gmt":"2025-08-08T12:29:22","slug":"faustao-passou-por-transplante-de-figado-e-retransplante-renal-revela-boletim-medico","status":"publish","type":"post","link":"https:\/\/goiasemtempo.com.br\/home\/faustao-passou-por-transplante-de-figado-e-retransplante-renal-revela-boletim-medico\/","title":{"rendered":"Faust\u00e3o passou por transplante de f\u00edgado e retransplante renal, revela boletim m\u00e9dico"},"content":{"rendered":"<p data-t=\"{&quot;n&quot;:&quot;blueLinks&quot;,&quot;t&quot;:13,&quot;a&quot;:&quot;click&quot;,&quot;b&quot;:76}\">Ap\u00f3s a informa\u00e7\u00e3o de que Faust\u00e3o est\u00e1 internado no Einstein Hospital Israelita ser confirmada pela assessoria de imprensa do local , na noite desta quinta-feira, dia 7, foi divulgado o boletim m\u00e9dico do apresentador, que revela que ele est\u00e1 internado desde o dia 21 de maio devido a uma infec\u00e7\u00e3o bacteriana aguda com sepse, e que precisou passar por um transplante de f\u00edgado na \u00faltima quarta-feira, dia 6, e um retransplante renal nesta quinta-feira.<\/p>\n<div class=\"intra-article-module\" data-t=\"{&quot;n&quot;:&quot;intraArticle&quot;,&quot;t&quot;:13}\">\n<div class=\"articlePageIntraArticleFullWidth ad-slot-placeholder left-image-intra-ad full-bleed-image-intra-ad\" data-ad-index=\"0\">\n<div class=\"intra-article-ad-full left-image-intra-ad full-bleed-image-intra-ad\">\n<div>\n<div id=\"adnxs-5764bc065bc4450cbcca\" class=\"full-bleed-image-intra-ad\">Fausto Silva<a href=\"https:\/\/www.estrelando.com.br\/nota\/2025\/08\/07\/faustao-e-internado-com-infeccao-na-perna-diz-jornal-311352\" target=\"_blank\" rel=\"noopener\" data-t=\"{&quot;n&quot;:&quot;destination&quot;,&quot;t&quot;:13,&quot;a&quot;:&quot;click&quot;,&quot;b&quot;:1,&quot;c.t&quot;:7}\">\u00a0j\u00e1 passou por outros dois transplantes<\/a>, sendo um de cora\u00e7\u00e3o, em agosto de 2023, e outro renal, em fevereiro de 2024 &#8211; o qual ele realizou novamente agora.\u00a0O boletim ainda informa que o novo transplante de rim foi planejado h\u00e1 um ano, mas que aconteceu somente agora, ap\u00f3s o Einstein ser acionado pela Central de Transplantes do Estado de S\u00e3o Paulo e confirmar a compatibilidade dos \u00f3rg\u00e3os doados por doador \u00fanico.<\/div>\n<\/div>\n<\/div>\n<\/div>\n<\/div>\n<p data-t=\"{&quot;n&quot;:&quot;blueLinks&quot;,&quot;t&quot;:13,&quot;a&quot;:&quot;click&quot;,&quot;b&quot;:76}\">Confira abaixo o boletim m\u00e9dico na \u00edntegra:<\/p>\n<p data-t=\"{&quot;n&quot;:&quot;blueLinks&quot;,&quot;t&quot;:13,&quot;a&quot;:&quot;click&quot;,&quot;b&quot;:76}\"><i>S\u00e3o Paulo, 7 de agosto de 2025 \u2013\u00a0<a href=\"http:\/\/estrelando.r7.com\/celebridades\/nota\/2025\/07\/31\/joao-silva-abre-o-coracao-sobre-ser-lembrado-como-filho-de-faustao-sempre-achei-lindo-311018\" target=\"_blank\" rel=\"noopener\" data-t=\"{&quot;n&quot;:&quot;destination&quot;,&quot;t&quot;:13,&quot;a&quot;:&quot;click&quot;,&quot;b&quot;:1,&quot;c.t&quot;:7}\">Fausto Silva est\u00e1 internado no Einstein Hospital Israelita\u00a0<\/a>desde o dia 21 de maio de 2025 devido a uma infec\u00e7\u00e3o bacteriana aguda com sepse. Durante o per\u00edodo, passou por controle infeccioso e reabilita\u00e7\u00e3o cl\u00ednica e nutricional, para estabiliza\u00e7\u00e3o do quadro de sa\u00fade. O paciente foi submetido a um transplante de f\u00edgado nesta quarta-feira, 6 de agosto, combinado a um retransplante renal, planejado h\u00e1 um ano, e realizado hoje, 7 de agosto. Os procedimentos ocorreram ap\u00f3s o Einstein ser acionado pela Central de Transplantes do Estado de S\u00e3o Paulo e confirmar a compatibilidade dos \u00f3rg\u00e3os doados por doador \u00fanico.\u00a0<\/i><\/p>\n","protected":false},"excerpt":{"rendered":"<p>Ap\u00f3s a informa\u00e7\u00e3o de que Faust\u00e3o est\u00e1 internado no Einstein Hospital Israelita ser confirmada pela assessoria de imprensa do local , na noite desta quinta-feira, dia 7, foi divulgado o boletim m\u00e9dico do apresentador, que revela que ele est\u00e1 internado desde o dia 21 de maio devido a uma infec\u00e7\u00e3o bacteriana aguda com sepse, e &hellip;<\/p>\n","protected":false},"author":3,"featured_media":78563,"comment_status":"closed","ping_status":"open","sticky":false,"template":"","format":"standard","meta":{"_exactmetrics_skip_tracking":false,"_exactmetrics_sitenote_active":false,"_exactmetrics_sitenote_note":"","_exactmetrics_sitenote_category":0,"footnotes":""},"categories":[472],"tags":[],"_links":{"self":[{"href":"https:\/\/goiasemtempo.com.br\/home\/wp-json\/wp\/v2\/posts\/78562"}],"collection":[{"href":"https:\/\/goiasemtempo.com.br\/home\/wp-json\/wp\/v2\/posts"}],"about":[{"href":"https:\/\/goiasemtempo.com.br\/home\/wp-json\/wp\/v2\/types\/post"}],"author":[{"embeddable":true,"href":"https:\/\/goiasemtempo.com.br\/home\/wp-json\/wp\/v2\/users\/3"}],"replies":[{"embeddable":true,"href":"https:\/\/goiasemtempo.com.br\/home\/wp-json\/wp\/v2\/comments?post=78562"}],"version-history":[{"count":1,"href":"https:\/\/goiasemtempo.com.br\/home\/wp-json\/wp\/v2\/posts\/78562\/revisions"}],"predecessor-version":[{"id":78564,"href":"https:\/\/goiasemtempo.com.br\/home\/wp-json\/wp\/v2\/posts\/78562\/revisions\/78564"}],"wp:featuredmedia":[{"embeddable":true,"href":"https:\/\/goiasemtempo.com.br\/home\/wp-json\/wp\/v2\/media\/78563"}],"wp:attachment":[{"href":"https:\/\/goiasemtempo.com.br\/home\/wp-json\/wp\/v2\/media?parent=78562"}],"wp:term":[{"taxonomy":"category","embeddable":true,"href":"https:\/\/goiasemtempo.com.br\/home\/wp-json\/wp\/v2\/categories?post=78562"},{"taxonomy":"post_tag","embeddable":true,"href":"https:\/\/goiasemtempo.com.br\/home\/wp-json\/wp\/v2\/tags?post=78562"}],"curies":[{"name":"wp","href":"https:\/\/api.w.org\/{rel}","templated":true}]}}