{"id":78411,"date":"2025-08-01T19:50:15","date_gmt":"2025-08-01T19:50:15","guid":{"rendered":"https:\/\/goiasemtempo.com.br\/home\/?p=78411"},"modified":"2025-08-01T19:50:15","modified_gmt":"2025-08-01T19:50:15","slug":"por-abusos-representantes-de-25-paises-pressionam-governo-lula-a-retirar-cop30-de-belem","status":"publish","type":"post","link":"https:\/\/goiasemtempo.com.br\/home\/por-abusos-representantes-de-25-paises-pressionam-governo-lula-a-retirar-cop30-de-belem\/","title":{"rendered":"Por abusos , Representantes de 25 pa\u00edses pressionam governo Lula a retirar COP30 de Bel\u00e9m"},"content":{"rendered":"<p data-t=\"{&quot;n&quot;:&quot;blueLinks&quot;,&quot;t&quot;:13,&quot;a&quot;:&quot;click&quot;,&quot;b&quot;:76}\">Representantes de 25 pa\u00edses enviaram uma carta \u00e0 organiza\u00e7\u00e3o da COP30 e \u00e0 Conven\u00e7\u00e3o-Quadro das Na\u00e7\u00f5es Unidas sobre Mudan\u00e7a do Clima (UNFCCC) alertando para os riscos de manter integralmente a confer\u00eancia em Bel\u00e9m. A preocupa\u00e7\u00e3o central \u00e9 com os pre\u00e7os exorbitantes de hospedagem na capital paraense, al\u00e9m de dificuldades log\u00edsticas envolvendo transporte e seguran\u00e7a. A informa\u00e7\u00e3o foi\u00a0<a href=\"https:\/\/www1.folha.uol.com.br\/ambiente\/2025\/08\/representantes-de-25-paises-pressionam-governo-lula-para-tirar-cop30-de-belem.shtml\" target=\"_blank\" rel=\"noopener\" data-t=\"{&quot;n&quot;:&quot;destination&quot;,&quot;t&quot;:13,&quot;a&quot;:&quot;click&quot;,&quot;b&quot;:1,&quot;c.t&quot;:7}\">divulgada pela Folha de S.Paulo<\/a>.<\/p>\n<div class=\"intra-article-module\" data-t=\"{&quot;n&quot;:&quot;intraArticle&quot;,&quot;t&quot;:13}\">\n<div class=\"articlePageIntraArticleFullWidth ad-slot-placeholder left-image-intra-ad full-bleed-image-intra-ad\" data-ad-index=\"0\">\n<div class=\"intra-article-ad-full left-image-intra-ad full-bleed-image-intra-ad\">\n<div><\/div>\n<\/div>\n<\/div>\n<\/div>\n<p class=\"continue-read-break\" data-t=\"{&quot;n&quot;:&quot;blueLinks&quot;,&quot;t&quot;:13,&quot;a&quot;:&quot;click&quot;,&quot;b&quot;:76}\">No documento, os pa\u00edses reconhecem os esfor\u00e7os do governo do presidente Lula para sediar a COP30 e valorizam a escolha de Bel\u00e9m, que simboliza os desafios da Amaz\u00f4nia frente \u00e0s mudan\u00e7as clim\u00e1ticas. Ainda assim, os signat\u00e1rios cobram provid\u00eancias imediatas. \u201cSe a COP inteira for mesmo acontecer em Bel\u00e9m, essas condi\u00e7\u00f5es precisam ser garantidas\u201d, diz a carta. Eles destacam que participar do evento significa \u201cpoder viajar para Bel\u00e9m, ficar em acomoda\u00e7\u00f5es adequadas e acess\u00edveis, e ir ao pavilh\u00e3o e voltar de forma segura e eficiente em termos de tempo, inclusive tarde da noite\u201d.<\/p>\n<p data-t=\"{&quot;n&quot;:&quot;blueLinks&quot;,&quot;t&quot;:13,&quot;a&quot;:&quot;click&quot;,&quot;b&quot;:76}\">Entre os signat\u00e1rios est\u00e3o blocos como o Grupo de Negociadores Africanos e o Grupo dos Pa\u00edses Menos Desenvolvidos (LDC), al\u00e9m de na\u00e7\u00f5es ricas como \u00c1ustria, B\u00e9lgica, Canad\u00e1, Finl\u00e2ndia, Holanda, Noruega, Su\u00e9cia e Su\u00ed\u00e7a. A principal apreens\u00e3o est\u00e1 relacionada \u00e0 c\u00fapula de chefes de Estado, que re\u00fane o mais alto n\u00edvel de autoridades e antecede as negocia\u00e7\u00f5es centrais da COP. De acordo com a carta, nunca antes tantas delega\u00e7\u00f5es estavam sem saber como iriam participar do evento a apenas 100 dias do in\u00edcio.<\/p>\n<div class=\"intra-article-module\" data-t=\"{&quot;n&quot;:&quot;intraArticle&quot;,&quot;t&quot;:13}\">\n<div class=\"articlePageIntraArticleFullWidth ad-slot-placeholder left-image-intra-ad full-bleed-image-intra-ad\" data-ad-index=\"1\">\n<div class=\"intra-article-ad-full left-image-intra-ad full-bleed-image-intra-ad\">\n<div id=\"msn400e2c97fb5d494d9d01\" class=\"full-bleed-image-intra-ad\">\n<div class=\"content\">\n<div class=\"text\">\n<div id=\"abstract\" class=\"abstract\">\n<div class=\"call-to-action\">O diplomata Richard Muyungi, presidente do Grupo de Negociadores Africanos, refor\u00e7ou \u00e0 ag\u00eancia Reuters a necessidade de a\u00e7\u00e3o imediata: \u201cO Brasil tem muitas op\u00e7\u00f5es para termos uma COP melhor, uma boa COP. Por isso estamos pressionando para que o Brasil forne\u00e7a respostas melhores, em vez de nos dizer para limitar nossa delega\u00e7\u00e3o\u201d. A declara\u00e7\u00e3o evidencia a insatisfa\u00e7\u00e3o crescente com os altos pre\u00e7os e a escassez de leitos em Bel\u00e9m.<\/div>\n<div><\/div>\n<\/div>\n<\/div>\n<\/div>\n<\/div>\n<\/div>\n<\/div>\n<\/div>\n<p data-t=\"{&quot;n&quot;:&quot;blueLinks&quot;,&quot;t&quot;:13,&quot;a&quot;:&quot;click&quot;,&quot;b&quot;:76}\">A press\u00e3o internacional levou \u00e0 convoca\u00e7\u00e3o de uma reuni\u00e3o de emerg\u00eancia da UNFCCC em 29 de julho, voltada a tratar dos problemas log\u00edsticos. O governo brasileiro tem at\u00e9 11 de agosto para apresentar um plano de resposta. Segundo a secretaria extraordin\u00e1ria da COP30, n\u00e3o existe possibilidade de a confer\u00eancia ser realizada fora de Bel\u00e9m, embora solu\u00e7\u00f5es emergenciais estejam em curso. Entre elas, incluem-se investiga\u00e7\u00f5es sobre pr\u00e1ticas abusivas de hot\u00e9is, uso de Airbnb, mobiliza\u00e7\u00e3o de escolas e habita\u00e7\u00f5es do Minha Casa, Minha Vida, al\u00e9m da utiliza\u00e7\u00e3o de navios-cruzeiro para ampliar a capacidade de hospedagem.<\/p>\n<div class=\"intra-article-module\" data-t=\"{&quot;n&quot;:&quot;intraArticle&quot;,&quot;t&quot;:13}\">\n<div class=\"articlePageIntraArticleFullWidth ad-slot-placeholder left-image-intra-ad full-bleed-image-intra-ad\" data-ad-index=\"2\">\n<div class=\"intra-article-ad-full left-image-intra-ad full-bleed-image-intra-ad\">\n<div>\n<div id=\"adnxs-68f29e26da6f40ebbb36\" class=\"full-bleed-image-intra-ad\">O presidente da COP30, Andr\u00e9 Corr\u00eaa do Lago, reconheceu que h\u00e1 press\u00f5es para mudar a localiza\u00e7\u00e3o do evento: \u201cAcredito que talvez os hot\u00e9is n\u00e3o estejam se dando conta da crise que eles est\u00e3o provocando\u201d, disse. Desde o an\u00fancio de Bel\u00e9m como sede, os pre\u00e7os dispararam, comprometendo a participa\u00e7\u00e3o de delega\u00e7\u00f5es e sociedade civil. Para mitigar o problema, foi lan\u00e7ada uma plataforma de hospedagem voltada inicialmente a delega\u00e7\u00f5es de pa\u00edses em desenvolvimento, com di\u00e1rias a partir de US$ 200, mas a demanda continua superior \u00e0 oferta.<\/div>\n<\/div>\n<\/div>\n<\/div>\n<\/div>\n<p data-t=\"{&quot;n&quot;:&quot;blueLinks&quot;,&quot;t&quot;:13,&quot;a&quot;:&quot;click&quot;,&quot;b&quot;:76}\">Na carta, os pa\u00edses tamb\u00e9m criticam a possibilidade de compartilhamento de quartos para reduzir custos e destacam que a participa\u00e7\u00e3o plena da sociedade civil \u00e9 fundamental para o sucesso das negocia\u00e7\u00f5es. A mensagem final \u00e9 clara: \u201cSe essas condi\u00e7\u00f5es n\u00e3o forem atendidas para todos que precisam estar em nossas negocia\u00e7\u00f5es multilaterais, n\u00e3o teremos chance de chegar a um resultado de sucesso\u201d.<\/p>\n","protected":false},"excerpt":{"rendered":"<p>Representantes de 25 pa\u00edses enviaram uma carta \u00e0 organiza\u00e7\u00e3o da COP30 e \u00e0 Conven\u00e7\u00e3o-Quadro das Na\u00e7\u00f5es Unidas sobre Mudan\u00e7a do Clima (UNFCCC) alertando para os riscos de manter integralmente a confer\u00eancia em Bel\u00e9m. A preocupa\u00e7\u00e3o central \u00e9 com os pre\u00e7os exorbitantes de hospedagem na capital paraense, al\u00e9m de dificuldades log\u00edsticas envolvendo transporte e seguran\u00e7a. A &hellip;<\/p>\n","protected":false},"author":3,"featured_media":78412,"comment_status":"closed","ping_status":"open","sticky":false,"template":"","format":"standard","meta":{"_exactmetrics_skip_tracking":false,"_exactmetrics_sitenote_active":false,"_exactmetrics_sitenote_note":"","_exactmetrics_sitenote_category":0,"footnotes":""},"categories":[6,19,2],"tags":[],"_links":{"self":[{"href":"https:\/\/goiasemtempo.com.br\/home\/wp-json\/wp\/v2\/posts\/78411"}],"collection":[{"href":"https:\/\/goiasemtempo.com.br\/home\/wp-json\/wp\/v2\/posts"}],"about":[{"href":"https:\/\/goiasemtempo.com.br\/home\/wp-json\/wp\/v2\/types\/post"}],"author":[{"embeddable":true,"href":"https:\/\/goiasemtempo.com.br\/home\/wp-json\/wp\/v2\/users\/3"}],"replies":[{"embeddable":true,"href":"https:\/\/goiasemtempo.com.br\/home\/wp-json\/wp\/v2\/comments?post=78411"}],"version-history":[{"count":1,"href":"https:\/\/goiasemtempo.com.br\/home\/wp-json\/wp\/v2\/posts\/78411\/revisions"}],"predecessor-version":[{"id":78413,"href":"https:\/\/goiasemtempo.com.br\/home\/wp-json\/wp\/v2\/posts\/78411\/revisions\/78413"}],"wp:featuredmedia":[{"embeddable":true,"href":"https:\/\/goiasemtempo.com.br\/home\/wp-json\/wp\/v2\/media\/78412"}],"wp:attachment":[{"href":"https:\/\/goiasemtempo.com.br\/home\/wp-json\/wp\/v2\/media?parent=78411"}],"wp:term":[{"taxonomy":"category","embeddable":true,"href":"https:\/\/goiasemtempo.com.br\/home\/wp-json\/wp\/v2\/categories?post=78411"},{"taxonomy":"post_tag","embeddable":true,"href":"https:\/\/goiasemtempo.com.br\/home\/wp-json\/wp\/v2\/tags?post=78411"}],"curies":[{"name":"wp","href":"https:\/\/api.w.org\/{rel}","templated":true}]}}