{"id":78383,"date":"2025-07-28T15:17:20","date_gmt":"2025-07-28T15:17:20","guid":{"rendered":"https:\/\/goiasemtempo.com.br\/home\/?p=78383"},"modified":"2025-07-28T15:17:20","modified_gmt":"2025-07-28T15:17:20","slug":"na-cidade-de-goias-caiado-entrega-restauracao-do-palacio-da-instrucao","status":"publish","type":"post","link":"https:\/\/goiasemtempo.com.br\/home\/na-cidade-de-goias-caiado-entrega-restauracao-do-palacio-da-instrucao\/","title":{"rendered":"Na cidade de Goi\u00e1s, Caiado entrega restaura\u00e7\u00e3o do Pal\u00e1cio da Instru\u00e7\u00e3o"},"content":{"rendered":"<p>O governador Ronaldo Caiado, acompanhado da coordenadora do Goi\u00e1s Social, primeira-dama Gracinha Caiado, entregou, neste domingo (27\/07), a restaura\u00e7\u00e3o de um dos patrim\u00f4nios mais simb\u00f3licos da educa\u00e7\u00e3o e do Estado: o Pal\u00e1cio da Instru\u00e7\u00e3o, na cidade de Goi\u00e1s, constru\u00eddo com influ\u00eancias do Art D\u00e9co e do estilo colonial.<\/p>\n<p><strong>A inaugura\u00e7\u00e3o deu in\u00edcio \u00e0s comemora\u00e7\u00f5es pelos 298 anos do munic\u00edpio, celebrados em 25 de julho.<\/strong><\/p>\n<p>Com investimento de R$ 2,4 milh\u00f5es do Tesouro Estadual, a obra integra os esfor\u00e7os do Governo de Goi\u00e1s na manuten\u00e7\u00e3o da hist\u00f3ria arquitet\u00f4nica goiana e na melhoria da educa\u00e7\u00e3o. Caiado lembrou que a institui\u00e7\u00e3o \u00e9 a primeira escola do estado de Goi\u00e1s, j\u00e1 que no in\u00edcio de sua constru\u00e7\u00e3o, em 1927 \u2013 com a inaugura\u00e7\u00e3o em 1929 \u2013 a educa\u00e7\u00e3o era recebida em casa.<\/p>\n<blockquote class=\"wp-block-quote is-layout-flow wp-block-quote-is-layout-flow\"><p>\u201cAgora recuperamos esse pr\u00e9dio que tem o nome de Pal\u00e1cio da Instru\u00e7\u00e3o, tamanha a sua import\u00e2ncia. \u00c9 uma obra hist\u00f3rica, primeira dentro do modelo Art D\u00e9co que foi implantado em Goi\u00e1s. Vale a pena vir conhecer\u201d, incentivou.<\/p>\n<figure class=\"wp-block-image aligncenter size-full\"><img fetchpriority=\"high\" decoding=\"async\" class=\"wp-image-161956 entered litespeed-loaded\" src=\"https:\/\/agenciacoradenoticias.go.gov.br\/wp-content\/uploads\/2025\/07\/SECOM_CAIADO_ENTREGA_PALACIO-DA_INSTRUCAO_NA_CIDADE_DE_GOIAS-POR_LUCAS_DIENER_E_ANDRE_SADDI.1-scaled.jpeg\" sizes=\"(max-width: 2560px) 100vw, 2560px\" srcset=\"https:\/\/agenciacoradenoticias.go.gov.br\/wp-content\/uploads\/2025\/07\/SECOM_CAIADO_ENTREGA_PALACIO-DA_INSTRUCAO_NA_CIDADE_DE_GOIAS-POR_LUCAS_DIENER_E_ANDRE_SADDI.1-scaled.jpeg 2560w, https:\/\/agenciacoradenoticias.go.gov.br\/wp-content\/uploads\/2025\/07\/SECOM_CAIADO_ENTREGA_PALACIO-DA_INSTRUCAO_NA_CIDADE_DE_GOIAS-POR_LUCAS_DIENER_E_ANDRE_SADDI.1-300x187.jpeg 300w, https:\/\/agenciacoradenoticias.go.gov.br\/wp-content\/uploads\/2025\/07\/SECOM_CAIADO_ENTREGA_PALACIO-DA_INSTRUCAO_NA_CIDADE_DE_GOIAS-POR_LUCAS_DIENER_E_ANDRE_SADDI.1-768x479.jpeg 768w, https:\/\/agenciacoradenoticias.go.gov.br\/wp-content\/uploads\/2025\/07\/SECOM_CAIADO_ENTREGA_PALACIO-DA_INSTRUCAO_NA_CIDADE_DE_GOIAS-POR_LUCAS_DIENER_E_ANDRE_SADDI.1-1536x959.jpeg 1536w, https:\/\/agenciacoradenoticias.go.gov.br\/wp-content\/uploads\/2025\/07\/SECOM_CAIADO_ENTREGA_PALACIO-DA_INSTRUCAO_NA_CIDADE_DE_GOIAS-POR_LUCAS_DIENER_E_ANDRE_SADDI.1-2048x1278.jpeg 2048w, https:\/\/agenciacoradenoticias.go.gov.br\/wp-content\/uploads\/2025\/07\/SECOM_CAIADO_ENTREGA_PALACIO-DA_INSTRUCAO_NA_CIDADE_DE_GOIAS-POR_LUCAS_DIENER_E_ANDRE_SADDI.1-1215x758.jpeg 1215w\" alt=\"Na cidade de Goi\u00e1s, Caiado entrega restaura\u00e7\u00e3o do Pal\u00e1cio da Instru\u00e7\u00e3o\" width=\"2560\" height=\"1598\" data-lazyloaded=\"1\" data-src=\"https:\/\/agenciacoradenoticias.go.gov.br\/wp-content\/uploads\/2025\/07\/SECOM_CAIADO_ENTREGA_PALACIO-DA_INSTRUCAO_NA_CIDADE_DE_GOIAS-POR_LUCAS_DIENER_E_ANDRE_SADDI.1-scaled.jpeg\" data-srcset=\"https:\/\/agenciacoradenoticias.go.gov.br\/wp-content\/uploads\/2025\/07\/SECOM_CAIADO_ENTREGA_PALACIO-DA_INSTRUCAO_NA_CIDADE_DE_GOIAS-POR_LUCAS_DIENER_E_ANDRE_SADDI.1-scaled.jpeg 2560w, https:\/\/agenciacoradenoticias.go.gov.br\/wp-content\/uploads\/2025\/07\/SECOM_CAIADO_ENTREGA_PALACIO-DA_INSTRUCAO_NA_CIDADE_DE_GOIAS-POR_LUCAS_DIENER_E_ANDRE_SADDI.1-300x187.jpeg 300w, https:\/\/agenciacoradenoticias.go.gov.br\/wp-content\/uploads\/2025\/07\/SECOM_CAIADO_ENTREGA_PALACIO-DA_INSTRUCAO_NA_CIDADE_DE_GOIAS-POR_LUCAS_DIENER_E_ANDRE_SADDI.1-768x479.jpeg 768w, https:\/\/agenciacoradenoticias.go.gov.br\/wp-content\/uploads\/2025\/07\/SECOM_CAIADO_ENTREGA_PALACIO-DA_INSTRUCAO_NA_CIDADE_DE_GOIAS-POR_LUCAS_DIENER_E_ANDRE_SADDI.1-1536x959.jpeg 1536w, https:\/\/agenciacoradenoticias.go.gov.br\/wp-content\/uploads\/2025\/07\/SECOM_CAIADO_ENTREGA_PALACIO-DA_INSTRUCAO_NA_CIDADE_DE_GOIAS-POR_LUCAS_DIENER_E_ANDRE_SADDI.1-2048x1278.jpeg 2048w, https:\/\/agenciacoradenoticias.go.gov.br\/wp-content\/uploads\/2025\/07\/SECOM_CAIADO_ENTREGA_PALACIO-DA_INSTRUCAO_NA_CIDADE_DE_GOIAS-POR_LUCAS_DIENER_E_ANDRE_SADDI.1-1215x758.jpeg 1215w\" data-sizes=\"(max-width: 2560px) 100vw, 2560px\" data-ll-status=\"loaded\" \/><figcaption class=\"wp-element-caption\">Com investimento de R$ 2,4 milh\u00f5es do Tesouro Estadual, obra integra esfor\u00e7os do Governo de Goi\u00e1s na manuten\u00e7\u00e3o da hist\u00f3ria arquitet\u00f4nica goiana e na melhoria da educa\u00e7\u00e3o (Fotos: Lucas Diener e Andr\u00e9 Saddi)<\/figcaption><\/figure>\n<\/blockquote>\n<p>Durante a entrega, o governador comentou ainda os investimentos na educa\u00e7\u00e3o, que em seis anos e meio, atingiram o patamar de R$ 8,5 bilh\u00f5es.<\/p>\n<blockquote class=\"wp-block-quote is-layout-flow wp-block-quote-is-layout-flow\"><p>\u201cEstamos investindo, qualificando, ampliando e melhorando a educa\u00e7\u00e3o dos nossos jovens. \u00c9\u00a0o que me deixa muito orgulhoso\u201d, declarou.<\/p><\/blockquote>\n<p>A obra foi executada pela\u00a0<a href=\"https:\/\/goias.gov.br\/educacao\/\" target=\"_blank\" rel=\"noreferrer noopener\">Secretaria de Educa\u00e7\u00e3o de Goi\u00e1s (Seduc)<\/a>\u00a0e acompanhada por uma equipe do Instituto do Patrim\u00f4nio Hist\u00f3rico e Art\u00edstico Nacional (Iphan), j\u00e1 que o pr\u00e9dio \u00e9 tombado como patrim\u00f4nio hist\u00f3rico.<\/p>\n<p>O im\u00f3vel, que atualmente abriga a sede da Coordena\u00e7\u00e3o Regional de Educa\u00e7\u00e3o de Goi\u00e1s, passou por processo de recupera\u00e7\u00e3o da sua arquitetura original, incluindo a pintura dos sal\u00f5es.<\/p>\n<p>Foram executados servi\u00e7os de reparo e substitui\u00e7\u00e3o de telhas, recupera\u00e7\u00e3o de piso de madeira e forro, e restaura\u00e7\u00e3o de esquadrias originais. Tamb\u00e9m contou com adequa\u00e7\u00f5es para acessibilidade, instala\u00e7\u00e3o de canaletas com grelhas para drenagem e restaura\u00e7\u00e3o das instala\u00e7\u00f5es el\u00e9tricas e hidrossanit\u00e1rias.<\/p>\n<div class=\"wp-block-image\">\n<figure class=\"aligncenter size-full\"><img decoding=\"async\" class=\"wp-image-161955 entered litespeed-loaded\" src=\"https:\/\/agenciacoradenoticias.go.gov.br\/wp-content\/uploads\/2025\/07\/SECOM_CAIADO_ENTREGA_PALACIO-DA_INSTRUCAO_NA_CIDADE_DE_GOIAS-POR_LUCAS_DIENER_E_ANDRE_SADDI2.jpeg\" sizes=\"(max-width: 1280px) 100vw, 1280px\" srcset=\"https:\/\/agenciacoradenoticias.go.gov.br\/wp-content\/uploads\/2025\/07\/SECOM_CAIADO_ENTREGA_PALACIO-DA_INSTRUCAO_NA_CIDADE_DE_GOIAS-POR_LUCAS_DIENER_E_ANDRE_SADDI2.jpeg 1280w, https:\/\/agenciacoradenoticias.go.gov.br\/wp-content\/uploads\/2025\/07\/SECOM_CAIADO_ENTREGA_PALACIO-DA_INSTRUCAO_NA_CIDADE_DE_GOIAS-POR_LUCAS_DIENER_E_ANDRE_SADDI2-300x200.jpeg 300w, https:\/\/agenciacoradenoticias.go.gov.br\/wp-content\/uploads\/2025\/07\/SECOM_CAIADO_ENTREGA_PALACIO-DA_INSTRUCAO_NA_CIDADE_DE_GOIAS-POR_LUCAS_DIENER_E_ANDRE_SADDI2-768x512.jpeg 768w, https:\/\/agenciacoradenoticias.go.gov.br\/wp-content\/uploads\/2025\/07\/SECOM_CAIADO_ENTREGA_PALACIO-DA_INSTRUCAO_NA_CIDADE_DE_GOIAS-POR_LUCAS_DIENER_E_ANDRE_SADDI2-1215x810.jpeg 1215w\" alt=\"Na cidade de Goi\u00e1s, Caiado entrega restaura\u00e7\u00e3o do Pal\u00e1cio da Instru\u00e7\u00e3o\" width=\"1280\" height=\"853\" data-lazyloaded=\"1\" data-src=\"https:\/\/agenciacoradenoticias.go.gov.br\/wp-content\/uploads\/2025\/07\/SECOM_CAIADO_ENTREGA_PALACIO-DA_INSTRUCAO_NA_CIDADE_DE_GOIAS-POR_LUCAS_DIENER_E_ANDRE_SADDI2.jpeg\" data-srcset=\"https:\/\/agenciacoradenoticias.go.gov.br\/wp-content\/uploads\/2025\/07\/SECOM_CAIADO_ENTREGA_PALACIO-DA_INSTRUCAO_NA_CIDADE_DE_GOIAS-POR_LUCAS_DIENER_E_ANDRE_SADDI2.jpeg 1280w, https:\/\/agenciacoradenoticias.go.gov.br\/wp-content\/uploads\/2025\/07\/SECOM_CAIADO_ENTREGA_PALACIO-DA_INSTRUCAO_NA_CIDADE_DE_GOIAS-POR_LUCAS_DIENER_E_ANDRE_SADDI2-300x200.jpeg 300w, https:\/\/agenciacoradenoticias.go.gov.br\/wp-content\/uploads\/2025\/07\/SECOM_CAIADO_ENTREGA_PALACIO-DA_INSTRUCAO_NA_CIDADE_DE_GOIAS-POR_LUCAS_DIENER_E_ANDRE_SADDI2-768x512.jpeg 768w, https:\/\/agenciacoradenoticias.go.gov.br\/wp-content\/uploads\/2025\/07\/SECOM_CAIADO_ENTREGA_PALACIO-DA_INSTRUCAO_NA_CIDADE_DE_GOIAS-POR_LUCAS_DIENER_E_ANDRE_SADDI2-1215x810.jpeg 1215w\" data-sizes=\"(max-width: 1280px) 100vw, 1280px\" data-ll-status=\"loaded\" \/><figcaption class=\"wp-element-caption\">\u201cHoje, mais de 500 mil alunos da educa\u00e7\u00e3o de Goi\u00e1s t\u00eam uniformes, escolas dignas, boa alimenta\u00e7\u00e3o e chromebooks. N\u00e3o \u00e9 por acaso que Goi\u00e1s \u00e9 primeiro lugar na Educa\u00e7\u00e3o\u201d, acrescentou a primeira-dama, Gracinha Caiado (Fotos: Lucas Diener e Andr\u00e9 Saddi)<\/figcaption><\/figure>\n<\/div>\n<p>Gracinha Caiado destacou a seriedade com que o governo estadual trata a educa\u00e7\u00e3o goiana.<\/p>\n<blockquote class=\"wp-block-quote is-layout-flow wp-block-quote-is-layout-flow\"><p>\u201cHoje, os mais de 500 mil alunos da educa\u00e7\u00e3o de Goi\u00e1s t\u00eam uniformes, escolas dignas, boa alimenta\u00e7\u00e3o e chromebooks. Os alunos amam a sua escola, porque n\u00e3o se aprende se n\u00e3o gostar de estudar,\u201d frisou.<\/p><\/blockquote>\n<blockquote class=\"wp-block-quote is-layout-flow wp-block-quote-is-layout-flow\"><p>\u201cN\u00e3o \u00e9 por acaso que Goi\u00e1s \u00e9 primeiro lugar na Educa\u00e7\u00e3o\u201d, acrescentou.<\/p><\/blockquote>\n<p>Ao comentar\u00a0a reforma, o secret\u00e1rio-geral de Governo, Adriano da Rocha Lima, destacou que a educa\u00e7\u00e3o permite uma conex\u00e3o entre gera\u00e7\u00f5es ao explicar que o Pal\u00e1cio, em 1929, foi entregue pelo seu bisav\u00f4, Brasil Ramos Caiado, e hoje, quase um s\u00e9culo depois, \u00e9 reinaugurado por outro Caiado.<\/p>\n<blockquote class=\"wp-block-quote is-layout-flow wp-block-quote-is-layout-flow\"><p>\u201cEm 2025, celebramos o Estado que promove aos goianos a melhor educa\u00e7\u00e3o do Brasil. Estamos reinaugurando um pr\u00e9dio que simboliza a educa\u00e7\u00e3o que \u00e9 a primeira do pa\u00eds\u201d, afirmou.<\/p>\n<div class=\"wp-block-image\">\n<figure class=\"aligncenter size-full\"><img decoding=\"async\" class=\"wp-image-161954 entered litespeed-loaded\" src=\"https:\/\/agenciacoradenoticias.go.gov.br\/wp-content\/uploads\/2025\/07\/SECOM_CAIADO_ENTREGA_PALACIO-DA_INSTRUCAO_NA_CIDADE_DE_GOIAS-POR_LUCAS_DIENER_E_ANDRE_SADDI.3.jpeg\" sizes=\"(max-width: 1280px) 100vw, 1280px\" srcset=\"https:\/\/agenciacoradenoticias.go.gov.br\/wp-content\/uploads\/2025\/07\/SECOM_CAIADO_ENTREGA_PALACIO-DA_INSTRUCAO_NA_CIDADE_DE_GOIAS-POR_LUCAS_DIENER_E_ANDRE_SADDI.3.jpeg 1280w, https:\/\/agenciacoradenoticias.go.gov.br\/wp-content\/uploads\/2025\/07\/SECOM_CAIADO_ENTREGA_PALACIO-DA_INSTRUCAO_NA_CIDADE_DE_GOIAS-POR_LUCAS_DIENER_E_ANDRE_SADDI.3-300x200.jpeg 300w, https:\/\/agenciacoradenoticias.go.gov.br\/wp-content\/uploads\/2025\/07\/SECOM_CAIADO_ENTREGA_PALACIO-DA_INSTRUCAO_NA_CIDADE_DE_GOIAS-POR_LUCAS_DIENER_E_ANDRE_SADDI.3-768x512.jpeg 768w, https:\/\/agenciacoradenoticias.go.gov.br\/wp-content\/uploads\/2025\/07\/SECOM_CAIADO_ENTREGA_PALACIO-DA_INSTRUCAO_NA_CIDADE_DE_GOIAS-POR_LUCAS_DIENER_E_ANDRE_SADDI.3-1215x810.jpeg 1215w\" alt=\"Na cidade de Goi\u00e1s, Caiado entrega restaura\u00e7\u00e3o do Pal\u00e1cio da Instru\u00e7\u00e3o\" width=\"1280\" height=\"853\" data-lazyloaded=\"1\" data-src=\"https:\/\/agenciacoradenoticias.go.gov.br\/wp-content\/uploads\/2025\/07\/SECOM_CAIADO_ENTREGA_PALACIO-DA_INSTRUCAO_NA_CIDADE_DE_GOIAS-POR_LUCAS_DIENER_E_ANDRE_SADDI.3.jpeg\" data-srcset=\"https:\/\/agenciacoradenoticias.go.gov.br\/wp-content\/uploads\/2025\/07\/SECOM_CAIADO_ENTREGA_PALACIO-DA_INSTRUCAO_NA_CIDADE_DE_GOIAS-POR_LUCAS_DIENER_E_ANDRE_SADDI.3.jpeg 1280w, https:\/\/agenciacoradenoticias.go.gov.br\/wp-content\/uploads\/2025\/07\/SECOM_CAIADO_ENTREGA_PALACIO-DA_INSTRUCAO_NA_CIDADE_DE_GOIAS-POR_LUCAS_DIENER_E_ANDRE_SADDI.3-300x200.jpeg 300w, https:\/\/agenciacoradenoticias.go.gov.br\/wp-content\/uploads\/2025\/07\/SECOM_CAIADO_ENTREGA_PALACIO-DA_INSTRUCAO_NA_CIDADE_DE_GOIAS-POR_LUCAS_DIENER_E_ANDRE_SADDI.3-768x512.jpeg 768w, https:\/\/agenciacoradenoticias.go.gov.br\/wp-content\/uploads\/2025\/07\/SECOM_CAIADO_ENTREGA_PALACIO-DA_INSTRUCAO_NA_CIDADE_DE_GOIAS-POR_LUCAS_DIENER_E_ANDRE_SADDI.3-1215x810.jpeg 1215w\" data-sizes=\"(max-width: 1280px) 100vw, 1280px\" data-ll-status=\"loaded\" \/><figcaption class=\"wp-element-caption\">Inaugura\u00e7\u00e3o deu in\u00edcio \u00e0s comemora\u00e7\u00f5es pelos 298 anos do munic\u00edpio, celebrados em 25 de julho (Fotos: Lucas Diener e Andr\u00e9 Saddi)<\/figcaption><\/figure>\n<\/div>\n<\/blockquote>\n<p>A secret\u00e1ria de Educa\u00e7\u00e3o, F\u00e1tima Gavioli, informou que o espa\u00e7o estar\u00e1 aberto \u00e0 visita\u00e7\u00e3o para que a popula\u00e7\u00e3o possa conhecer esse s\u00edmbolo hist\u00f3rico da Educa\u00e7\u00e3o goiana.<\/p>\n<blockquote class=\"wp-block-quote is-layout-flow wp-block-quote-is-layout-flow\"><p>\u201cNessa gest\u00e3o de Ronaldo Caiado, o dinheiro apareceu para entregar obras como essa, uniformes, material escolar, forma\u00e7\u00e3o de professores. Este governo deu o tom e fechou as torneiras da corrup\u00e7\u00e3o \u201c, destacou Gavioli.<\/p>\n<div class=\"wp-block-image\">\n<figure class=\"aligncenter size-full\"><img loading=\"lazy\" decoding=\"async\" class=\"wp-image-161965 entered litespeed-loaded\" src=\"https:\/\/agenciacoradenoticias.go.gov.br\/wp-content\/uploads\/2025\/07\/SECOM_CAIADO_ENTREGA_PALACIO-DA_INSTRUCAO_NA_CIDADE_DE_GOIAS-POR_LUCAS_DIENER_E_ANDRE_SADDI.6-scaled.jpeg\" sizes=\"(max-width: 2560px) 100vw, 2560px\" srcset=\"https:\/\/agenciacoradenoticias.go.gov.br\/wp-content\/uploads\/2025\/07\/SECOM_CAIADO_ENTREGA_PALACIO-DA_INSTRUCAO_NA_CIDADE_DE_GOIAS-POR_LUCAS_DIENER_E_ANDRE_SADDI.6-scaled.jpeg 2560w, https:\/\/agenciacoradenoticias.go.gov.br\/wp-content\/uploads\/2025\/07\/SECOM_CAIADO_ENTREGA_PALACIO-DA_INSTRUCAO_NA_CIDADE_DE_GOIAS-POR_LUCAS_DIENER_E_ANDRE_SADDI.6-300x200.jpeg 300w, https:\/\/agenciacoradenoticias.go.gov.br\/wp-content\/uploads\/2025\/07\/SECOM_CAIADO_ENTREGA_PALACIO-DA_INSTRUCAO_NA_CIDADE_DE_GOIAS-POR_LUCAS_DIENER_E_ANDRE_SADDI.6-768x512.jpeg 768w, https:\/\/agenciacoradenoticias.go.gov.br\/wp-content\/uploads\/2025\/07\/SECOM_CAIADO_ENTREGA_PALACIO-DA_INSTRUCAO_NA_CIDADE_DE_GOIAS-POR_LUCAS_DIENER_E_ANDRE_SADDI.6-1536x1025.jpeg 1536w, https:\/\/agenciacoradenoticias.go.gov.br\/wp-content\/uploads\/2025\/07\/SECOM_CAIADO_ENTREGA_PALACIO-DA_INSTRUCAO_NA_CIDADE_DE_GOIAS-POR_LUCAS_DIENER_E_ANDRE_SADDI.6-2048x1366.jpeg 2048w, https:\/\/agenciacoradenoticias.go.gov.br\/wp-content\/uploads\/2025\/07\/SECOM_CAIADO_ENTREGA_PALACIO-DA_INSTRUCAO_NA_CIDADE_DE_GOIAS-POR_LUCAS_DIENER_E_ANDRE_SADDI.6-1215x810.jpeg 1215w\" alt=\"\" width=\"2560\" height=\"1708\" data-lazyloaded=\"1\" data-src=\"https:\/\/agenciacoradenoticias.go.gov.br\/wp-content\/uploads\/2025\/07\/SECOM_CAIADO_ENTREGA_PALACIO-DA_INSTRUCAO_NA_CIDADE_DE_GOIAS-POR_LUCAS_DIENER_E_ANDRE_SADDI.6-scaled.jpeg\" data-srcset=\"https:\/\/agenciacoradenoticias.go.gov.br\/wp-content\/uploads\/2025\/07\/SECOM_CAIADO_ENTREGA_PALACIO-DA_INSTRUCAO_NA_CIDADE_DE_GOIAS-POR_LUCAS_DIENER_E_ANDRE_SADDI.6-scaled.jpeg 2560w, https:\/\/agenciacoradenoticias.go.gov.br\/wp-content\/uploads\/2025\/07\/SECOM_CAIADO_ENTREGA_PALACIO-DA_INSTRUCAO_NA_CIDADE_DE_GOIAS-POR_LUCAS_DIENER_E_ANDRE_SADDI.6-300x200.jpeg 300w, https:\/\/agenciacoradenoticias.go.gov.br\/wp-content\/uploads\/2025\/07\/SECOM_CAIADO_ENTREGA_PALACIO-DA_INSTRUCAO_NA_CIDADE_DE_GOIAS-POR_LUCAS_DIENER_E_ANDRE_SADDI.6-768x512.jpeg 768w, https:\/\/agenciacoradenoticias.go.gov.br\/wp-content\/uploads\/2025\/07\/SECOM_CAIADO_ENTREGA_PALACIO-DA_INSTRUCAO_NA_CIDADE_DE_GOIAS-POR_LUCAS_DIENER_E_ANDRE_SADDI.6-1536x1025.jpeg 1536w, https:\/\/agenciacoradenoticias.go.gov.br\/wp-content\/uploads\/2025\/07\/SECOM_CAIADO_ENTREGA_PALACIO-DA_INSTRUCAO_NA_CIDADE_DE_GOIAS-POR_LUCAS_DIENER_E_ANDRE_SADDI.6-2048x1366.jpeg 2048w, https:\/\/agenciacoradenoticias.go.gov.br\/wp-content\/uploads\/2025\/07\/SECOM_CAIADO_ENTREGA_PALACIO-DA_INSTRUCAO_NA_CIDADE_DE_GOIAS-POR_LUCAS_DIENER_E_ANDRE_SADDI.6-1215x810.jpeg 1215w\" data-sizes=\"(max-width: 2560px) 100vw, 2560px\" data-ll-status=\"loaded\" \/><figcaption class=\"wp-element-caption\">Pal\u00e1cio da Instru\u00e7\u00e3o, reinaugurado pelo governador neste domingo (27\/07), foi entregue pelo seu bisav\u00f4, Brasil Ramos Caiado, em 1929. Constru\u00eddo com influ\u00eancias do Art D\u00e9co e do estilo colonial, \u00e9 um dos patrim\u00f4nios mais simb\u00f3licos da educa\u00e7\u00e3o e do Estado (Fotos: Lucas Diener e Andr\u00e9 Saddi)<\/figcaption><\/figure>\n<\/div>\n<\/blockquote>\n<h2 class=\"wp-block-heading\">Pal\u00e1cio da Instru\u00e7\u00e3o \u2013 hist\u00f3rico<\/h2>\n<p>Essa \u00e9 a segunda reforma realizada no Pal\u00e1cio da Instru\u00e7\u00e3o na atual gest\u00e3o estadual. Entre 2020 e 2021, o espa\u00e7o recebeu investimento de R$ 888 mil para a demoli\u00e7\u00e3o da quadra esportiva que cobria a fachada do pr\u00e9dio hist\u00f3rico e sua reconstru\u00e7\u00e3o no fundo do pal\u00e1cio.<\/p>\n<p>Tamb\u00e9m foram executados servi\u00e7os de paisagismo, implanta\u00e7\u00e3o de uma pra\u00e7a-jardim e a recupera\u00e7\u00e3o de parte da estrutura. As interven\u00e7\u00f5es foram entregues em julho de 2021, durante as comemora\u00e7\u00f5es dos 294 anos da primeira capital do Estado.<\/p>\n<p>O prefeito da cidade de Goi\u00e1s, Aderson Gouveia, agradeceu a parceria do governador Ronaldo Caiado, inclusive com o programa Alfa Mais que contribui com os munic\u00edpios para a alfabetiza\u00e7\u00e3o na idade certa.<\/p>\n<blockquote class=\"wp-block-quote is-layout-flow wp-block-quote-is-layout-flow\"><p>\u201cFico feliz com a entrega de mais um s\u00edmbolo da cidade e pelo investimento em educa\u00e7\u00e3o, que \u00e9 a chave, \u00e9 a luz que transforma realidades\u201d, afirmou o gestor municipal.<\/p>\n<div class=\"wp-block-image\">\n<figure class=\"aligncenter size-full\"><img loading=\"lazy\" decoding=\"async\" class=\"wp-image-161966 entered litespeed-loaded\" src=\"https:\/\/agenciacoradenoticias.go.gov.br\/wp-content\/uploads\/2025\/07\/SECOM_CAIADO_NO_CINE-TEATRO_SAO_JOAQUIM_COM_REPRESENTANTES_DA_EDUCACAO_POR_LUCAS_DIENER_E_ANDRE_SADDI.1.jpeg\" sizes=\"(max-width: 1280px) 100vw, 1280px\" srcset=\"https:\/\/agenciacoradenoticias.go.gov.br\/wp-content\/uploads\/2025\/07\/SECOM_CAIADO_NO_CINE-TEATRO_SAO_JOAQUIM_COM_REPRESENTANTES_DA_EDUCACAO_POR_LUCAS_DIENER_E_ANDRE_SADDI.1.jpeg 1280w, https:\/\/agenciacoradenoticias.go.gov.br\/wp-content\/uploads\/2025\/07\/SECOM_CAIADO_NO_CINE-TEATRO_SAO_JOAQUIM_COM_REPRESENTANTES_DA_EDUCACAO_POR_LUCAS_DIENER_E_ANDRE_SADDI.1-300x200.jpeg 300w, https:\/\/agenciacoradenoticias.go.gov.br\/wp-content\/uploads\/2025\/07\/SECOM_CAIADO_NO_CINE-TEATRO_SAO_JOAQUIM_COM_REPRESENTANTES_DA_EDUCACAO_POR_LUCAS_DIENER_E_ANDRE_SADDI.1-768x512.jpeg 768w, https:\/\/agenciacoradenoticias.go.gov.br\/wp-content\/uploads\/2025\/07\/SECOM_CAIADO_NO_CINE-TEATRO_SAO_JOAQUIM_COM_REPRESENTANTES_DA_EDUCACAO_POR_LUCAS_DIENER_E_ANDRE_SADDI.1-1215x810.jpeg 1215w\" alt=\"\" width=\"1280\" height=\"853\" data-lazyloaded=\"1\" data-src=\"https:\/\/agenciacoradenoticias.go.gov.br\/wp-content\/uploads\/2025\/07\/SECOM_CAIADO_NO_CINE-TEATRO_SAO_JOAQUIM_COM_REPRESENTANTES_DA_EDUCACAO_POR_LUCAS_DIENER_E_ANDRE_SADDI.1.jpeg\" data-srcset=\"https:\/\/agenciacoradenoticias.go.gov.br\/wp-content\/uploads\/2025\/07\/SECOM_CAIADO_NO_CINE-TEATRO_SAO_JOAQUIM_COM_REPRESENTANTES_DA_EDUCACAO_POR_LUCAS_DIENER_E_ANDRE_SADDI.1.jpeg 1280w, https:\/\/agenciacoradenoticias.go.gov.br\/wp-content\/uploads\/2025\/07\/SECOM_CAIADO_NO_CINE-TEATRO_SAO_JOAQUIM_COM_REPRESENTANTES_DA_EDUCACAO_POR_LUCAS_DIENER_E_ANDRE_SADDI.1-300x200.jpeg 300w, https:\/\/agenciacoradenoticias.go.gov.br\/wp-content\/uploads\/2025\/07\/SECOM_CAIADO_NO_CINE-TEATRO_SAO_JOAQUIM_COM_REPRESENTANTES_DA_EDUCACAO_POR_LUCAS_DIENER_E_ANDRE_SADDI.1-768x512.jpeg 768w, https:\/\/agenciacoradenoticias.go.gov.br\/wp-content\/uploads\/2025\/07\/SECOM_CAIADO_NO_CINE-TEATRO_SAO_JOAQUIM_COM_REPRESENTANTES_DA_EDUCACAO_POR_LUCAS_DIENER_E_ANDRE_SADDI.1-1215x810.jpeg 1215w\" data-sizes=\"(max-width: 1280px) 100vw, 1280px\" data-ll-status=\"loaded\" \/><figcaption class=\"wp-element-caption\">Antes da inaugura\u00e7\u00e3o, governador se re\u00fane com os coordenadores regionais de Educa\u00e7\u00e3o no Teatro S\u00e3o Joaquim (Fotos: Lucas Diener e Andr\u00e9 Saddi)<\/figcaption><\/figure>\n<\/div>\n<\/blockquote>\n<h2 class=\"wp-block-heading\">Encontro<\/h2>\n<p>Antes da inaugura\u00e7\u00e3o, mais cedo, Caiado se reuniu com os gestores das Regionais de Educa\u00e7\u00e3o do Estado, no Teatro S\u00e3o Joaquim. Durante o encontro, foram apresentados ao governador os avan\u00e7os do setor em Goi\u00e1s no primeiro semestre de 2025, entre eles, a conquista do segundo lugar do Estado na alfabetiza\u00e7\u00e3o na idade certa.<\/p>\n<blockquote class=\"wp-block-quote is-layout-flow wp-block-quote-is-layout-flow\"><p>\u201cO que vejo \u00e9 que tem vida dentro da secretaria. \u00c9 uma paix\u00e3o que assumimos, e Gra\u00e7as a Deus, alcan\u00e7amos resultados surpreendentes\u201d, agradeceu o governador.<\/p>\n<div class=\"wp-block-media-text is-stacked-on-mobile\">\n<figure class=\"wp-block-media-text__media\"><video src=\"https:\/\/agenciacoradenoticias.go.gov.br\/wp-content\/uploads\/2025\/07\/WhatsApp-Video-2025-07-28-at-07.32.30.mp4\" controls=\"controls\" width=\"300\" height=\"150\" data-mce-fragment=\"1\"><\/video><\/figure>\n<div class=\"wp-block-media-text__content\">\n<p>&nbsp;<\/p>\n<\/div>\n<\/div>\n<\/blockquote>\n","protected":false},"excerpt":{"rendered":"<p>O governador Ronaldo Caiado, acompanhado da coordenadora do Goi\u00e1s Social, primeira-dama Gracinha Caiado, entregou, neste domingo (27\/07), a restaura\u00e7\u00e3o de um dos patrim\u00f4nios mais simb\u00f3licos da educa\u00e7\u00e3o e do Estado: o Pal\u00e1cio da Instru\u00e7\u00e3o, na cidade de Goi\u00e1s, constru\u00eddo com influ\u00eancias do Art D\u00e9co e do estilo colonial. A inaugura\u00e7\u00e3o deu in\u00edcio \u00e0s comemora\u00e7\u00f5es pelos &hellip;<\/p>\n","protected":false},"author":3,"featured_media":78384,"comment_status":"closed","ping_status":"open","sticky":false,"template":"","format":"standard","meta":{"_exactmetrics_skip_tracking":false,"_exactmetrics_sitenote_active":false,"_exactmetrics_sitenote_note":"","_exactmetrics_sitenote_category":0,"footnotes":""},"categories":[7,15,19],"tags":[],"_links":{"self":[{"href":"https:\/\/goiasemtempo.com.br\/home\/wp-json\/wp\/v2\/posts\/78383"}],"collection":[{"href":"https:\/\/goiasemtempo.com.br\/home\/wp-json\/wp\/v2\/posts"}],"about":[{"href":"https:\/\/goiasemtempo.com.br\/home\/wp-json\/wp\/v2\/types\/post"}],"author":[{"embeddable":true,"href":"https:\/\/goiasemtempo.com.br\/home\/wp-json\/wp\/v2\/users\/3"}],"replies":[{"embeddable":true,"href":"https:\/\/goiasemtempo.com.br\/home\/wp-json\/wp\/v2\/comments?post=78383"}],"version-history":[{"count":1,"href":"https:\/\/goiasemtempo.com.br\/home\/wp-json\/wp\/v2\/posts\/78383\/revisions"}],"predecessor-version":[{"id":78385,"href":"https:\/\/goiasemtempo.com.br\/home\/wp-json\/wp\/v2\/posts\/78383\/revisions\/78385"}],"wp:featuredmedia":[{"embeddable":true,"href":"https:\/\/goiasemtempo.com.br\/home\/wp-json\/wp\/v2\/media\/78384"}],"wp:attachment":[{"href":"https:\/\/goiasemtempo.com.br\/home\/wp-json\/wp\/v2\/media?parent=78383"}],"wp:term":[{"taxonomy":"category","embeddable":true,"href":"https:\/\/goiasemtempo.com.br\/home\/wp-json\/wp\/v2\/categories?post=78383"},{"taxonomy":"post_tag","embeddable":true,"href":"https:\/\/goiasemtempo.com.br\/home\/wp-json\/wp\/v2\/tags?post=78383"}],"curies":[{"name":"wp","href":"https:\/\/api.w.org\/{rel}","templated":true}]}}