{"id":78238,"date":"2025-07-17T20:42:15","date_gmt":"2025-07-17T20:42:15","guid":{"rendered":"https:\/\/goiasemtempo.com.br\/home\/?p=78238"},"modified":"2025-07-17T20:42:15","modified_gmt":"2025-07-17T20:42:15","slug":"obra-do-complexo-regulador-em-anapolis-devera-ser-concluida-ate-setembro-garante-secretario","status":"publish","type":"post","link":"https:\/\/goiasemtempo.com.br\/home\/obra-do-complexo-regulador-em-anapolis-devera-ser-concluida-ate-setembro-garante-secretario\/","title":{"rendered":"Obra do Complexo Regulador em An\u00e1polis dever\u00e1 ser conclu\u00edda at\u00e9 setembro, garante secret\u00e1rio"},"content":{"rendered":"<p>A reforma do pr\u00e9dio que abrigar\u00e1 o Complexo Regulador em An\u00e1polis j\u00e1 come\u00e7ou e deve ser conclu\u00edda at\u00e9 agosto ou setembro deste ano. A previs\u00e3o foi feita pelo secret\u00e1rio estadual de Sa\u00fade, Ras\u00edvel dos Reis, em entrevista ao DM An\u00e1polis. A unidade funcionar\u00e1 na regi\u00e3o do Distrito Agroindustrial de An\u00e1polis (Daia) e ser\u00e1 a base do Cons\u00f3rcio Intermunicipal de Sa\u00fade do Centro-Norte Goiano (Cisceno), respons\u00e1vel pela nova gest\u00e3o regionalizada do Samu.<\/p>\n<p>\u201cA gente j\u00e1 licitou e j\u00e1 iniciou a reforma. A gente espera finalizar at\u00e9 agosto ou setembro. J\u00e1 vamos receber os materiais, come\u00e7ar as capacita\u00e7\u00f5es e usar o espa\u00e7o para treinamento das pessoas. A ideia \u00e9 sediar ali tr\u00eas componentes important\u00edssimos: a sede do cons\u00f3rcio, a central de regula\u00e7\u00e3o do Samu e tamb\u00e9m a sala de regula\u00e7\u00e3o de leitos da macrorregi\u00e3o centro-norte\u201d, afirmou o secret\u00e1rio.<\/p>\n<p>A constitui\u00e7\u00e3o do cons\u00f3rcio foi antecipada com ades\u00e3o inicial de cinco prefeituras. O objetivo, segundo Ras\u00edvel Reis, era permitir a formaliza\u00e7\u00e3o dos primeiros conv\u00eanios de repasse e viabilizar o in\u00edcio das obras. O investimento total previsto pelo Governo de Goi\u00e1s \u00e9 de R$ 25 milh\u00f5es, dos quais R$ 8 milh\u00f5es s\u00e3o destinados \u00e0 reforma da sede do complexo regulador.<\/p>\n<p>An\u00e1polis ainda n\u00e3o formalizou a ades\u00e3o, mas mant\u00e9m di\u00e1logo com o governo sobre a entrada no cons\u00f3rcio. A expectativa da Secretaria Estadual de Sa\u00fade \u00e9 que todos os 60 munic\u00edpios da macrorregi\u00e3o Centro-Norte formalizem ades\u00e3o ao Cisceno at\u00e9 o fim deste m\u00eas.<\/p>\n<p>\u201cA reuni\u00e3o com o governador agora na quinta-feira foi exatamente para pedir a ades\u00e3o dos outros prefeitos que ainda n\u00e3o aderiram. A gente espera que at\u00e9 o final deste m\u00eas todos tenham aderido. S\u00f3 depende do funcionamento das c\u00e2maras municipais, por causa do recesso. Mas assim que voltarem, esperamos alcan\u00e7ar a totalidade\u201d, disse o secret\u00e1rio.<\/p>\n<p>Com a ades\u00e3o completa, o cons\u00f3rcio poder\u00e1 realizar nova elei\u00e7\u00e3o para presid\u00eancia e conselho fiscal. O Estado projeta ampliar a frota da Rede de Urg\u00eancia e Emerg\u00eancia, com o refor\u00e7o de ambul\u00e2ncias, motol\u00e2ncias e at\u00e9 dois helic\u00f3pteros para atendimento na regi\u00e3o. A divis\u00e3o do custeio do Samu ser\u00e1 feita com 41% de recursos estaduais, 34% federais e 25% dos munic\u00edpios consorciados.<\/p>\n<p>A cria\u00e7\u00e3o do Cisceno integra a pol\u00edtica estadual de regionaliza\u00e7\u00e3o da sa\u00fade, defendida pelo governador Ronaldo Caiado como estrat\u00e9gia para ampliar o acesso a atendimentos de m\u00e9dia e alta complexidade. O cons\u00f3rcio ser\u00e1 o primeiro do tipo em Goi\u00e1s e pode servir de modelo para outras regi\u00f5es.<\/p>\n","protected":false},"excerpt":{"rendered":"<p>A reforma do pr\u00e9dio que abrigar\u00e1 o Complexo Regulador em An\u00e1polis j\u00e1 come\u00e7ou e deve ser conclu\u00edda at\u00e9 agosto ou setembro deste ano. A previs\u00e3o foi feita pelo secret\u00e1rio estadual de Sa\u00fade, Ras\u00edvel dos Reis, em entrevista ao DM An\u00e1polis. A unidade funcionar\u00e1 na regi\u00e3o do Distrito Agroindustrial de An\u00e1polis (Daia) e ser\u00e1 a base &hellip;<\/p>\n","protected":false},"author":3,"featured_media":78239,"comment_status":"closed","ping_status":"open","sticky":false,"template":"","format":"standard","meta":{"footnotes":""},"categories":[18,16],"tags":[],"class_list":["post-78238","post","type-post","status-publish","format-standard","has-post-thumbnail","hentry","category-anapolis","category-saude"],"_links":{"self":[{"href":"https:\/\/goiasemtempo.com.br\/home\/wp-json\/wp\/v2\/posts\/78238","targetHints":{"allow":["GET"]}}],"collection":[{"href":"https:\/\/goiasemtempo.com.br\/home\/wp-json\/wp\/v2\/posts"}],"about":[{"href":"https:\/\/goiasemtempo.com.br\/home\/wp-json\/wp\/v2\/types\/post"}],"author":[{"embeddable":true,"href":"https:\/\/goiasemtempo.com.br\/home\/wp-json\/wp\/v2\/users\/3"}],"replies":[{"embeddable":true,"href":"https:\/\/goiasemtempo.com.br\/home\/wp-json\/wp\/v2\/comments?post=78238"}],"version-history":[{"count":1,"href":"https:\/\/goiasemtempo.com.br\/home\/wp-json\/wp\/v2\/posts\/78238\/revisions"}],"predecessor-version":[{"id":78240,"href":"https:\/\/goiasemtempo.com.br\/home\/wp-json\/wp\/v2\/posts\/78238\/revisions\/78240"}],"wp:featuredmedia":[{"embeddable":true,"href":"https:\/\/goiasemtempo.com.br\/home\/wp-json\/wp\/v2\/media\/78239"}],"wp:attachment":[{"href":"https:\/\/goiasemtempo.com.br\/home\/wp-json\/wp\/v2\/media?parent=78238"}],"wp:term":[{"taxonomy":"category","embeddable":true,"href":"https:\/\/goiasemtempo.com.br\/home\/wp-json\/wp\/v2\/categories?post=78238"},{"taxonomy":"post_tag","embeddable":true,"href":"https:\/\/goiasemtempo.com.br\/home\/wp-json\/wp\/v2\/tags?post=78238"}],"curies":[{"name":"wp","href":"https:\/\/api.w.org\/{rel}","templated":true}]}}