{"id":78221,"date":"2025-07-16T19:38:39","date_gmt":"2025-07-16T19:38:39","guid":{"rendered":"https:\/\/goiasemtempo.com.br\/home\/?p=78221"},"modified":"2025-07-16T19:38:39","modified_gmt":"2025-07-16T19:38:39","slug":"sebrae-goias-e-prefeitura-de-anapolis-inauguram-segunda-sala-do-empreendedor-na-secretaria-de-assistencia-social","status":"publish","type":"post","link":"https:\/\/goiasemtempo.com.br\/home\/sebrae-goias-e-prefeitura-de-anapolis-inauguram-segunda-sala-do-empreendedor-na-secretaria-de-assistencia-social\/","title":{"rendered":"SEBRAE Goi\u00e1s e Prefeitura de An\u00e1polis inauguram Segunda Sala do Empreendedor, na Secretaria de Assist\u00eancia Social"},"content":{"rendered":"<p>No dia 18 de julho, An\u00e1polis ganha um importante espa\u00e7o de apoio aos microempreendedores: a Sala do Empreendedor dentro da Secretaria Municipal de Assist\u00eancia Social, resultado da parceria entre a Prefeitura e o Sebrae Goi\u00e1s. O objetivo \u00e9 oferecer suporte espec\u00edfico a quem vive em situa\u00e7\u00e3o de vulnerabilidade e quer sair da informalidade. Toda imprensa est\u00e1 convidada.<\/p>\n<p>A secret\u00e1ria Jordana de Faria Pena ressalta que o espa\u00e7o ser\u00e1 dedicado a pessoas simples, muitas benefici\u00e1rias do Programa Bolsa Fam\u00edlia, que precisam de orienta\u00e7\u00e3o cuidadosa para formalizar seus neg\u00f3cios e acessar benef\u00edcios, como emiss\u00e3o de notas fiscais e organiza\u00e7\u00e3o tribut\u00e1ria.<\/p>\n<p><strong>Sala do Empreendedor, porta para a formaliza\u00e7\u00e3o e autonomia<\/strong><\/p>\n<p>A Sala dentro desse espa\u00e7o surge, sobretudo, da necessidade de ajudar quem tem medo de perder o Bolsa Fam\u00edlia ao formalizar seu trabalho, uma preocupa\u00e7\u00e3o comum at\u00e9 a recente mudan\u00e7a na lei. Desde junho de 2025, benefici\u00e1rios que viram sua renda aumentar por meio da formaliza\u00e7\u00e3o podem manter parte do benef\u00edcio por at\u00e9 12 meses, se a renda familiar n\u00e3o ultrapassar R$ 706 por pessoa. Quem j\u00e1 estava na regra antiga tem at\u00e9 24 meses de prote\u00e7\u00e3o.<\/p>\n<p>\u201cA formaliza\u00e7\u00e3o traz seguran\u00e7a e oportunidade e faz parte do compromisso do prefeito M\u00e1rcio em abrir portas de sa\u00edda da pobreza por meio do empreendedorismo e da gera\u00e7\u00e3o de emprego\u201d, afirma Jordana.<\/p>\n<p>\u201c\u00c9 fundamental que a popula\u00e7\u00e3o conhe\u00e7a a Sala do Empreendedor em busca do empreendedorismo e do crescimento\u201d, refor\u00e7a Robson Tolentino, analista do Sebrae Goi\u00e1s.<\/p>\n<p>O papel do Sebrae e o Programa Cidade Empreendedora<br \/>\nInserida no programa Cidade Empreendedora, a Sala do Empreendedor conta com o apoio t\u00e9cnico do Sebrae para orientar e capacitar os servidores da prefeitura a atender de maneira adequada os futuros empreendedores. S\u00e9rgio Monturil, gerente do Sebrae na Regional Centro-Leste, explica que a iniciativa vai muito al\u00e9m do atendimento.<\/p>\n<p>\u201cVamos ajudar a separar as finan\u00e7as pessoais das contas do neg\u00f3cio, realizar orienta\u00e7\u00e3o sobre emiss\u00e3o das notas fiscais e formalizar CNPJ, al\u00e9m de oferecer capacita\u00e7\u00f5es\u201d, diz ele. O foco s\u00e3o microempreendedores informais que buscam crescer com seguran\u00e7a e dignidade e tamb\u00e9m estimular o empreendedorismo \u00e0queles que j\u00e1 desempenham alguma atividade que possa ser remunerada.<\/p>\n<p>Espa\u00e7o Social Conex\u00e3o Mulher<br \/>\nNa inaugura\u00e7\u00e3o, ser\u00e1 dada aten\u00e7\u00e3o especial a mulheres em situa\u00e7\u00e3o de vulnerabilidade e v\u00edtimas de viol\u00eancia, que poder\u00e3o se inscrever para o Espa\u00e7o Social Conex\u00e3o Mulher. Essa iniciativa permitir\u00e1 que selecionadas participem da ExpoAna 2025, exibindo e vendendo seus produtos durante a feira.<br \/>\nJordana explica que o estande dentro da ExpoAna \u00e9 em parceria com o Sebrae e ressalta que essa \u00e9 uma forma concreta de apoiar a reconstru\u00e7\u00e3o da vida dessas mulheres, oferecendo-lhes visibilidade e oportunidade de neg\u00f3cios.<\/p>\n<p><strong>Atendimento<\/strong><\/p>\n<p>A partir da inaugura\u00e7\u00e3o, a Sala do Empreendedor estar\u00e1 aberta ao p\u00fablico de segunda a sexta, no pr\u00e9dio da Secretaria Municipal de Assist\u00eancia Social (Av. Brasil Sul, 200 \u2013 Cidade Jardim). O atendimento ser\u00e1 voltado, especialmente, para quem j\u00e1 \u00e9 assistido pela rede socioassistencial e quer come\u00e7ar um pequeno neg\u00f3cio, se formalizar como MEI ou receber orienta\u00e7\u00e3o para crescer.<br \/>\nAl\u00e9m disso, a popula\u00e7\u00e3o em geral tamb\u00e9m pode buscar atendimento do SEBRAE em outros tr\u00eas pontos estrat\u00e9gicos na cidade:<\/p>\n<p><strong>* Ag\u00eancia Regional Sebrae<\/strong> \u2013 Av. Minas Gerais, 135 &#8211; Jundia\u00ed | (62) 3329-2300<br \/>\n<strong>* CEITEC An\u00e1polis<\/strong> \u2013 Av. Profa. Zenaide de Calle Roriz, 1350 &#8211; Jundia\u00ed | (62) 3902-1222<br \/>\n<strong>* ACIA An\u00e1polis<\/strong> \u2013 Rua Manoel D\u2019Abadia, 335 &#8211; Centro | (62) 4014-7000<\/p>\n<p>Para participar das a\u00e7\u00f5es espec\u00edficas da secretaria, como cursos, inser\u00e7\u00e3o em vagas de trabalho ou feiras como a ExpoAna, o primeiro passo \u00e9 procurar a Secretaria e fazer o cadastro com a equipe t\u00e9cnica.<\/p>\n<p><img decoding=\"async\" src=\"https:\/\/goiasemtempo.com.br\/home\/wp-content\/uploads\/2025\/07\/sala-do-empreendedor-1.jpg\" \/><\/p>\n<p><img decoding=\"async\" src=\"https:\/\/goiasemtempo.com.br\/home\/wp-content\/uploads\/2025\/07\/sala-do-empreendedor-2.jpg\" \/><\/p>\n<p>&nbsp;<\/p>\n","protected":false},"excerpt":{"rendered":"<p>No dia 18 de julho, An\u00e1polis ganha um importante espa\u00e7o de apoio aos microempreendedores: a Sala do Empreendedor dentro da Secretaria Municipal de Assist\u00eancia Social, resultado da parceria entre a Prefeitura e o Sebrae Goi\u00e1s. O objetivo \u00e9 oferecer suporte espec\u00edfico a quem vive em situa\u00e7\u00e3o de vulnerabilidade e quer sair da informalidade. Toda imprensa &hellip;<\/p>\n","protected":false},"author":3,"featured_media":78224,"comment_status":"closed","ping_status":"open","sticky":false,"template":"","format":"standard","meta":{"_exactmetrics_skip_tracking":false,"_exactmetrics_sitenote_active":false,"_exactmetrics_sitenote_note":"","_exactmetrics_sitenote_category":0,"footnotes":""},"categories":[473,519,22],"tags":[],"_links":{"self":[{"href":"https:\/\/goiasemtempo.com.br\/home\/wp-json\/wp\/v2\/posts\/78221"}],"collection":[{"href":"https:\/\/goiasemtempo.com.br\/home\/wp-json\/wp\/v2\/posts"}],"about":[{"href":"https:\/\/goiasemtempo.com.br\/home\/wp-json\/wp\/v2\/types\/post"}],"author":[{"embeddable":true,"href":"https:\/\/goiasemtempo.com.br\/home\/wp-json\/wp\/v2\/users\/3"}],"replies":[{"embeddable":true,"href":"https:\/\/goiasemtempo.com.br\/home\/wp-json\/wp\/v2\/comments?post=78221"}],"version-history":[{"count":1,"href":"https:\/\/goiasemtempo.com.br\/home\/wp-json\/wp\/v2\/posts\/78221\/revisions"}],"predecessor-version":[{"id":78225,"href":"https:\/\/goiasemtempo.com.br\/home\/wp-json\/wp\/v2\/posts\/78221\/revisions\/78225"}],"wp:featuredmedia":[{"embeddable":true,"href":"https:\/\/goiasemtempo.com.br\/home\/wp-json\/wp\/v2\/media\/78224"}],"wp:attachment":[{"href":"https:\/\/goiasemtempo.com.br\/home\/wp-json\/wp\/v2\/media?parent=78221"}],"wp:term":[{"taxonomy":"category","embeddable":true,"href":"https:\/\/goiasemtempo.com.br\/home\/wp-json\/wp\/v2\/categories?post=78221"},{"taxonomy":"post_tag","embeddable":true,"href":"https:\/\/goiasemtempo.com.br\/home\/wp-json\/wp\/v2\/tags?post=78221"}],"curies":[{"name":"wp","href":"https:\/\/api.w.org\/{rel}","templated":true}]}}