{"id":78205,"date":"2025-07-16T13:41:51","date_gmt":"2025-07-16T13:41:51","guid":{"rendered":"https:\/\/goiasemtempo.com.br\/home\/?p=78205"},"modified":"2025-07-17T13:36:20","modified_gmt":"2025-07-17T13:36:20","slug":"acidente-envolvendo-3-veiculos-deixa-ao-menos-5-mortos-na-br-153-em-goias","status":"publish","type":"post","link":"https:\/\/goiasemtempo.com.br\/home\/acidente-envolvendo-3-veiculos-deixa-ao-menos-5-mortos-na-br-153-em-goias\/","title":{"rendered":"Acidente envolvendo 3 ve\u00edculos deixa ao menos 5 mortos na BR-153 em Goi\u00e1s"},"content":{"rendered":"<p>Um acidente envolvendo um caminh\u00e3o, um \u00f4nibus e um micro-\u00f4nibus deixou ao menos 5 mortos em Porangatu, no interior de Goi\u00e1s. A colis\u00e3o aconteceu no km 2 da<strong><a href=\"https:\/\/www.maisgoias.com.br\/brasil\/duas-criancas-de-rio-verde-morrem-em-grave-acidente-na-br-153\/\" target=\"_blank\" rel=\"noreferrer noopener\">\u00a0BR-153<\/a><\/strong>, na madrugada desta quarta-feira (16\/7).Segundo o Corpo de Bombeiros, h\u00e1 pessoas presas \u00e0s ferragens e o resgate ainda est\u00e1 em andamento.<\/p>\n<div id=\"chunk-f0ep\">\n<div class=\"mc-column content-text active-extra-styles \" data-block-type=\"unstyled\" data-block-weight=\"41\" data-block-id=\"8\">\n<p class=\" content-text__container \" data-track-category=\"Link no Texto\" data-track-links=\"\" data-mrf-recirculation=\"Mat\u00e9ria - Links no Texto\">Ainda conforme informa\u00e7\u00f5es preliminares da PRF, a carreta invadiu a contram\u00e3o e bateu de frente com o primeiro \u00f4nibus do comboio, que transportava 25 alunos, dois motoristas e um orientador. Contudo, apenas a per\u00edcia poder\u00e1 confirmar as circunst\u00e2ncias da batida.<\/p>\n<\/div>\n<\/div>\n<div id=\"chunk-ec9vr\">\n<div class=\"mc-column content-text active-extra-styles \" data-block-type=\"unstyled\" data-block-weight=\"16\" data-block-id=\"9\">\n<p class=\" content-text__container \" data-track-category=\"Link no Texto\" data-track-links=\"\" data-mrf-recirculation=\"Mat\u00e9ria - Links no Texto\">Ainda n\u00e3o h\u00e1 informa\u00e7\u00e3o sobre a indentidade das v\u00edtimas. Veja quem s\u00e3o elas, segundo a PRF:<\/p>\n<\/div>\n<\/div>\n<div id=\"chunk-cpj27\">\n<div class=\"mc-column content-text active-extra-styles\" data-block-type=\"raw\" data-block-weight=\"9\" data-block-id=\"10\">\n<ul class=\"content-unordered-list\">\n<li>Motorista do micro-\u00f4nibus atingido;<\/li>\n<li>Tr\u00eas estudantes;<\/li>\n<li>Motorista da carreta.<\/li>\n<\/ul>\n<p>No caminh\u00e3o tamb\u00e9m estava um passageiro que teve ferimentos graves, segundo a pol\u00edcia. O segundo \u00f4nibus do comboio de estudantes tamb\u00e9m foi atingido na batida, mas nenhum passageiro ficou ferido.<\/p>\n<\/div>\n<\/div>\n<div id=\"chunk-f5sl3\">\n<div class=\"mc-column content-text active-extra-styles \" data-block-type=\"unstyled\" data-block-weight=\"49\" data-block-id=\"16\">\n<p class=\" content-text__container \" data-track-category=\"Link no Texto\" data-track-links=\"\" data-mrf-recirculation=\"Mat\u00e9ria - Links no Texto\">De acordo com a Ecovias Araguaia, concession\u00e1ria respons\u00e1vel pela via, os sobreviventes est\u00e3o sendo encaminhados para o Hospital Municipal Henrique Santilo, em Porangatu, e para o Hospital Municipal de Alvorada, no Tocantins. Tamb\u00e9m est\u00e3o no local o Servi\u00e7o de Atendimento M\u00f3vel de Urg\u00eancia (Samu) e a Pol\u00edcia T\u00e9cnico-Cient\u00edfica.<\/p>\n<\/div>\n<\/div>\n<div id=\"chunk-fd19u\">\n<div class=\"mc-column content-text active-extra-styles \" data-block-type=\"unstyled\" data-block-weight=\"11\" data-block-id=\"17\">O trecho da BR-153 em que houve o acidente ficou totalmente interditado das 4h30 at\u00e9 as 9h, quando foi liberado.<\/div>\n<\/div>\n<div id=\"chunk-euq1i\">\n<div class=\"row medium-uncollapsed content-media content-photo\" data-block-type=\"backstage-photo\" data-block-id=\"19\">\n<div class=\" mc-column content-media__container\">\n<div class=\"content-media-container glb-skeleton-box\">\n<figure class=\"content-media-figure\"><img decoding=\"async\" class=\"i-amphtml-fill-content i-amphtml-replaced-content\" src=\"https:\/\/s2-g1.glbimg.com\/tECT5ubckGA79qn1gwiv35vk-T0=\/0x0:1200x2153\/984x0\/smart\/filters:strip_icc()\/i.s3.glbimg.com\/v1\/AUTH_59edd422c0c84a879bd37670ae4f538a\/internal_photos\/bs\/2025\/I\/y\/BWkSNPQyKKGAOxrWFvjg\/250716-mapa-acidente-goias.jpg\" sizes=\"(max-width: 1366px) 648px, 100vw\" srcset=\"https:\/\/s2-g1.glbimg.com\/a0VHwFYHrDJDAM5oHti7VI_JtdE=\/0x0:1200x2153\/1000x0\/smart\/filters:strip_icc()\/i.s3.glbimg.com\/v1\/AUTH_59edd422c0c84a879bd37670ae4f538a\/internal_photos\/bs\/2025\/I\/y\/BWkSNPQyKKGAOxrWFvjg\/250716-mapa-acidente-goias.jpg 1000w, https:\/\/s2-g1.glbimg.com\/tECT5ubckGA79qn1gwiv35vk-T0=\/0x0:1200x2153\/984x0\/smart\/filters:strip_icc()\/i.s3.glbimg.com\/v1\/AUTH_59edd422c0c84a879bd37670ae4f538a\/internal_photos\/bs\/2025\/I\/y\/BWkSNPQyKKGAOxrWFvjg\/250716-mapa-acidente-goias.jpg 984w, https:\/\/s2-g1.glbimg.com\/keq0ySIxPwbyyaiueDdXneCZQD8=\/0x0:1200x2153\/640x0\/smart\/filters:strip_icc()\/i.s3.glbimg.com\/v1\/AUTH_59edd422c0c84a879bd37670ae4f538a\/internal_photos\/bs\/2025\/I\/y\/BWkSNPQyKKGAOxrWFvjg\/250716-mapa-acidente-goias.jpg 640w, https:\/\/s2-g1.glbimg.com\/DOIh6u2tpPj8fJvA28HoISs0w9I=\/0x0:1200x2153\/600x0\/smart\/filters:strip_icc()\/i.s3.glbimg.com\/v1\/AUTH_59edd422c0c84a879bd37670ae4f538a\/internal_photos\/bs\/2025\/I\/y\/BWkSNPQyKKGAOxrWFvjg\/250716-mapa-acidente-goias.jpg 600w\" alt=\"Acidente na BR-153 em Goi\u00e1s \u2014 Foto: Arte g1\" \/><\/figure>\n<\/div>\n<p class=\"content-media__description \">Acidente na BR-153 em Goi\u00e1s \u2014 Foto: Arte g1<\/p>\n<\/div>\n<\/div>\n<\/div>\n<div id=\"chunk-3pnj2\">\n<div class=\"mc-column content-text active-extra-styles\" data-block-type=\"raw\" data-block-weight=\"3\" data-block-id=\"20\">\n<div class=\"content-intertitle\">\n<h2>Governador lamenta mortes<\/h2>\n<\/div>\n<p>&nbsp;<\/p>\n<\/div>\n<\/div>\n<div id=\"chunk-f2u8u\">\n<div class=\"mc-column content-text active-extra-styles \" data-block-type=\"unstyled\" data-block-weight=\"40\" data-block-id=\"21\">\n<p class=\" content-text__container \" data-track-category=\"Link no Texto\" data-track-links=\"\" data-mrf-recirculation=\"Mat\u00e9ria - Links no Texto\">Em nota, o governador em exerc\u00edcio do Estado de Goi\u00e1s, Daniel Vilela,<a class=\"\" href=\"https:\/\/g1.globo.com\/go\/goias\/transito\/noticia\/2025\/07\/16\/governador-lamenta-acidente-na-br-153-que-envolveu-estudantes-que-sairam-do-para-para-congresso-em-goiania-vidas-tragicamente-interrompidas.ghtml\" data-mrf-link=\"https:\/\/g1.globo.com\/go\/goias\/transito\/noticia\/2025\/07\/16\/governador-lamenta-acidente-na-br-153-que-envolveu-estudantes-que-sairam-do-para-para-congresso-em-goiania-vidas-tragicamente-interrompidas.ghtml\">\u00a0lamentou as mortes e manifestou solidariedade \u00e0s fam\u00edlias das v\u00edtimas<\/a>. Ele ressaltou que o governo est\u00e1 \u00e0 disposi\u00e7\u00e3o das autoridades do Par\u00e1 para prestar toda a assist\u00eancia necess\u00e1ria.<\/p>\n<\/div>\n<\/div>\n<div id=\"chunk-274d9\">\n<div class=\"content-ads content-ads--reveal\" data-block-type=\"ads\" data-block-id=\"22\">\n<div id=\"banner_materia__75075ea1-c996-4599-850b-5b4f1d181d3d\" class=\"tag-manager-publicidade-container tag-manager-publicidade-banner_materia__75075ea1-c996-4599-850b-5b4f1d181d3d tag-manager-publicidade-container--carregado tag-manager-publicidade-container--visivel\" data-google-query-id=\"CLv2p6nAwY4DFbxPuAQd_OQNkw\">\n<div id=\"google_ads_iframe_\/95377733\/tvg_G1\/Sua_Regiao&gt;Centro_Oeste&gt;Goias_5__container__\"><\/div>\n<\/div>\n<\/div>\n<\/div>\n<div id=\"chunk-35dpp\">\n<div class=\"mc-column content-text active-extra-styles\" data-block-type=\"raw\" data-block-weight=\"33\" data-block-id=\"23\">\n<blockquote class=\"content-blockquote theme-border-color-primary-before\"><p>&#8220;Manifesto minha solidariedade \u00e0s fam\u00edlias e amigos das v\u00edtimas \u2014 jovens e profissionais cujas vidas foram tragicamente interrompidas de forma t\u00e3o precoce. Que encontrem amparo neste momento de profunda dor&#8221;, diz o texto.<\/p><\/blockquote>\n<\/div>\n<\/div>\n","protected":false},"excerpt":{"rendered":"<p>Um acidente envolvendo um caminh\u00e3o, um \u00f4nibus e um micro-\u00f4nibus deixou ao menos 5 mortos em Porangatu, no interior de Goi\u00e1s. A colis\u00e3o aconteceu no km 2 da\u00a0BR-153, na madrugada desta quarta-feira (16\/7).Segundo o Corpo de Bombeiros, h\u00e1 pessoas presas \u00e0s ferragens e o resgate ainda est\u00e1 em andamento. Ainda conforme informa\u00e7\u00f5es preliminares da PRF, &hellip;<\/p>\n","protected":false},"author":3,"featured_media":78206,"comment_status":"closed","ping_status":"open","sticky":false,"template":"","format":"standard","meta":{"_exactmetrics_skip_tracking":false,"_exactmetrics_sitenote_active":false,"_exactmetrics_sitenote_note":"","_exactmetrics_sitenote_category":0,"footnotes":""},"categories":[15,62,4],"tags":[],"_links":{"self":[{"href":"https:\/\/goiasemtempo.com.br\/home\/wp-json\/wp\/v2\/posts\/78205"}],"collection":[{"href":"https:\/\/goiasemtempo.com.br\/home\/wp-json\/wp\/v2\/posts"}],"about":[{"href":"https:\/\/goiasemtempo.com.br\/home\/wp-json\/wp\/v2\/types\/post"}],"author":[{"embeddable":true,"href":"https:\/\/goiasemtempo.com.br\/home\/wp-json\/wp\/v2\/users\/3"}],"replies":[{"embeddable":true,"href":"https:\/\/goiasemtempo.com.br\/home\/wp-json\/wp\/v2\/comments?post=78205"}],"version-history":[{"count":2,"href":"https:\/\/goiasemtempo.com.br\/home\/wp-json\/wp\/v2\/posts\/78205\/revisions"}],"predecessor-version":[{"id":78230,"href":"https:\/\/goiasemtempo.com.br\/home\/wp-json\/wp\/v2\/posts\/78205\/revisions\/78230"}],"wp:featuredmedia":[{"embeddable":true,"href":"https:\/\/goiasemtempo.com.br\/home\/wp-json\/wp\/v2\/media\/78206"}],"wp:attachment":[{"href":"https:\/\/goiasemtempo.com.br\/home\/wp-json\/wp\/v2\/media?parent=78205"}],"wp:term":[{"taxonomy":"category","embeddable":true,"href":"https:\/\/goiasemtempo.com.br\/home\/wp-json\/wp\/v2\/categories?post=78205"},{"taxonomy":"post_tag","embeddable":true,"href":"https:\/\/goiasemtempo.com.br\/home\/wp-json\/wp\/v2\/tags?post=78205"}],"curies":[{"name":"wp","href":"https:\/\/api.w.org\/{rel}","templated":true}]}}