{"id":78198,"date":"2025-07-16T13:22:40","date_gmt":"2025-07-16T13:22:40","guid":{"rendered":"https:\/\/goiasemtempo.com.br\/home\/?p=78198"},"modified":"2025-07-16T13:23:22","modified_gmt":"2025-07-16T13:23:22","slug":"prefeitura-de-goiania-leva-atendimento-social-a-pessoas-em-situacao-de-rua-na-ponte-da-rua-10-no-setor-universitario","status":"publish","type":"post","link":"https:\/\/goiasemtempo.com.br\/home\/prefeitura-de-goiania-leva-atendimento-social-a-pessoas-em-situacao-de-rua-na-ponte-da-rua-10-no-setor-universitario\/","title":{"rendered":"Prefeitura de Goi\u00e2nia leva atendimento social a pessoas em situa\u00e7\u00e3o de rua no Setor Universit\u00e1rio"},"content":{"rendered":"<p>A Prefeitura de Goi\u00e2nia, por meio da Secretaria Municipal de Pol\u00edticas para Mulheres, Assist\u00eancia Social e Direitos Humanos (Semasdh), realizou, nesta ter\u00e7a-feira (15\/7), atendimentos a um grupo de cerca de 20 pessoas em situa\u00e7\u00e3o de rua que ocupam uma adutora na ponte da Rua 10, no Setor Universit\u00e1rio. A a\u00e7\u00e3o se fez necess\u00e1ria para que equipes da Saneago realizem manuten\u00e7\u00f5es na tubula\u00e7\u00e3o de \u00e1gua que passa pelo local.<\/p>\n<p>Atualmente, a presen\u00e7a de pessoas na estrutura tem dificultado a realiza\u00e7\u00e3o de reparos na rede de saneamento, o que pode comprometer o abastecimento. Segundo a secret\u00e1ria de Assist\u00eancia Social, Eriz\u00e2nia de Freitas, assistentes sociais foram ao local para realizar oferta de acolhimento, escuta qualificada e orienta\u00e7\u00e3o sobre acesso \u00e0 rede de prote\u00e7\u00e3o social. Tamb\u00e9m foram oferecidos servi\u00e7os, como emiss\u00e3o de documentos, inclus\u00e3o em programas sociais, acesso \u00e0 alimenta\u00e7\u00e3o, higiene, atendimento psicossocial e o retorno \u00e0 terra natal para aquelas pessoas que demonstram interesse em voltar para casa.<\/p>\n<figure class=\"wp-block-image size-large\"><img fetchpriority=\"high\" decoding=\"async\" class=\"wp-image-98807\" src=\"https:\/\/www.goiania.go.gov.br\/wp-content\/uploads\/2025\/07\/WhatsApp-Image-2025-07-15-at-12.33.52-1024x576.jpeg\" sizes=\"(max-width: 1024px) 100vw, 1024px\" srcset=\"https:\/\/www.goiania.go.gov.br\/agora\/wp-content\/uploads\/2025\/07\/WhatsApp-Image-2025-07-15-at-12.33.52-1024x576.jpeg 1024w, https:\/\/www.goiania.go.gov.br\/agora\/wp-content\/uploads\/2025\/07\/WhatsApp-Image-2025-07-15-at-12.33.52-300x169.jpeg 300w, https:\/\/www.goiania.go.gov.br\/agora\/wp-content\/uploads\/2025\/07\/WhatsApp-Image-2025-07-15-at-12.33.52-768x432.jpeg 768w, https:\/\/www.goiania.go.gov.br\/agora\/wp-content\/uploads\/2025\/07\/WhatsApp-Image-2025-07-15-at-12.33.52-1536x864.jpeg 1536w, https:\/\/www.goiania.go.gov.br\/agora\/wp-content\/uploads\/2025\/07\/WhatsApp-Image-2025-07-15-at-12.33.52-2048x1152.jpeg 2048w\" alt=\"\" width=\"1024\" height=\"576\" \/><\/figure>\n<p>\u201cViemos aqui conversar com essas pessoas e conscientiz\u00e1-las sobre a import\u00e2ncia de que deixem o local para que a manuten\u00e7\u00e3o seja feita pela Saneago. \u00c9 a gest\u00e3o do prefeito Sandro Mabel preocupada, de fato, em assegurar os direitos dessas pessoas, dando a elas garantia, mas tamb\u00e9m a possibilidade de estarem, por exemplo, no servi\u00e7o de acolhimento\u201d, pontuou a secret\u00e1ria.<\/p>\n<p>O 2\u00ba subcoordenador do N\u00facleo Especializado de Direitos Humanos da Defensoria P\u00fablica de Goi\u00e1s, Rafael Martins Baldu\u00edno, acompanhou a a\u00e7\u00e3o e destacou a import\u00e2ncia desse acolhimento na busca para proporcionar mais dignidade \u00e0s pessoas que ocupam os arredores da tubula\u00e7\u00e3o da Saneago.<\/p>\n<figure class=\"wp-block-image size-large\"><img decoding=\"async\" class=\"wp-image-98806\" src=\"https:\/\/www.goiania.go.gov.br\/wp-content\/uploads\/2025\/07\/WhatsApp-Image-2025-07-15-at-12.33.53-1024x576.jpeg\" sizes=\"(max-width: 1024px) 100vw, 1024px\" srcset=\"https:\/\/www.goiania.go.gov.br\/agora\/wp-content\/uploads\/2025\/07\/WhatsApp-Image-2025-07-15-at-12.33.53-1024x576.jpeg 1024w, https:\/\/www.goiania.go.gov.br\/agora\/wp-content\/uploads\/2025\/07\/WhatsApp-Image-2025-07-15-at-12.33.53-300x169.jpeg 300w, https:\/\/www.goiania.go.gov.br\/agora\/wp-content\/uploads\/2025\/07\/WhatsApp-Image-2025-07-15-at-12.33.53-768x432.jpeg 768w, https:\/\/www.goiania.go.gov.br\/agora\/wp-content\/uploads\/2025\/07\/WhatsApp-Image-2025-07-15-at-12.33.53.jpeg 1280w\" alt=\"\" width=\"1024\" height=\"576\" \/><\/figure>\n<p>\u201cEu entendo que as pessoas em situa\u00e7\u00e3o de rua talvez sejam um dos grupos mais vulnerabilizados da nossa estrutura social. \u00c9 muito importante esse trabalho preventivo da Semasdh. A gente agradece o convite para estar junto porque uma vez que o trabalho \u00e9 constru\u00eddo com cuidado, obedecendo a todos aqueles requisitos que s\u00e3o colocados, tanto pela legisla\u00e7\u00e3o, quanto pelos tribunais superiores, executa-se um trabalho mais seguro e garante os direitos mais importantes de uma popula\u00e7\u00e3o que \u00e9 t\u00e3o vulnerabilizada\u201d, destaca o subcoordenador.<\/p>\n<p>A a\u00e7\u00e3o tamb\u00e9m se estendeu sob pontes que passam pela Marginal Botafogo, onde se concentram grande n\u00famero de pessoas em situa\u00e7\u00e3o de rua. O trabalho contou com equipes da Semasdh, DPE, Secretaria Municipal de Infraestrutura Urbana (Seinfra), a Coordenadoria Municipal de Prote\u00e7\u00e3o e Defesa Civil e a Saneago.<\/p>\n<figure class=\"wp-block-image size-large\"><img decoding=\"async\" class=\"wp-image-98809\" src=\"https:\/\/www.goiania.go.gov.br\/wp-content\/uploads\/2025\/07\/WhatsApp-Image-2025-07-15-at-12.33.48-1024x768.jpeg\" sizes=\"(max-width: 1024px) 100vw, 1024px\" srcset=\"https:\/\/www.goiania.go.gov.br\/agora\/wp-content\/uploads\/2025\/07\/WhatsApp-Image-2025-07-15-at-12.33.48-1024x768.jpeg 1024w, https:\/\/www.goiania.go.gov.br\/agora\/wp-content\/uploads\/2025\/07\/WhatsApp-Image-2025-07-15-at-12.33.48-300x225.jpeg 300w, https:\/\/www.goiania.go.gov.br\/agora\/wp-content\/uploads\/2025\/07\/WhatsApp-Image-2025-07-15-at-12.33.48-768x576.jpeg 768w, https:\/\/www.goiania.go.gov.br\/agora\/wp-content\/uploads\/2025\/07\/WhatsApp-Image-2025-07-15-at-12.33.48-1536x1152.jpeg 1536w, https:\/\/www.goiania.go.gov.br\/agora\/wp-content\/uploads\/2025\/07\/WhatsApp-Image-2025-07-15-at-12.33.48-2048x1536.jpeg 2048w, https:\/\/www.goiania.go.gov.br\/agora\/wp-content\/uploads\/2025\/07\/WhatsApp-Image-2025-07-15-at-12.33.48-320x240.jpeg 320w\" alt=\"\" width=\"1024\" height=\"768\" \/><\/figure>\n<p>Fotos:\u00a0<em>Divulga\u00e7\u00e3o\/Semasdh<\/em><\/p>\n<p><strong>Secretaria Municipal de Comunica\u00e7\u00e3o (Secom) \u2013 Prefeitura de Goi\u00e2nia<\/strong><\/p>\n","protected":false},"excerpt":{"rendered":"<p>A Prefeitura de Goi\u00e2nia, por meio da Secretaria Municipal de Pol\u00edticas para Mulheres, Assist\u00eancia Social e Direitos Humanos (Semasdh), realizou, nesta ter\u00e7a-feira (15\/7), atendimentos a um grupo de cerca de 20 pessoas em situa\u00e7\u00e3o de rua que ocupam uma adutora na ponte da Rua 10, no Setor Universit\u00e1rio. A a\u00e7\u00e3o se fez necess\u00e1ria para que &hellip;<\/p>\n","protected":false},"author":3,"featured_media":78199,"comment_status":"closed","ping_status":"open","sticky":false,"template":"","format":"standard","meta":{"_exactmetrics_skip_tracking":false,"_exactmetrics_sitenote_active":false,"_exactmetrics_sitenote_note":"","_exactmetrics_sitenote_category":0,"footnotes":""},"categories":[500,65],"tags":[],"_links":{"self":[{"href":"https:\/\/goiasemtempo.com.br\/home\/wp-json\/wp\/v2\/posts\/78198"}],"collection":[{"href":"https:\/\/goiasemtempo.com.br\/home\/wp-json\/wp\/v2\/posts"}],"about":[{"href":"https:\/\/goiasemtempo.com.br\/home\/wp-json\/wp\/v2\/types\/post"}],"author":[{"embeddable":true,"href":"https:\/\/goiasemtempo.com.br\/home\/wp-json\/wp\/v2\/users\/3"}],"replies":[{"embeddable":true,"href":"https:\/\/goiasemtempo.com.br\/home\/wp-json\/wp\/v2\/comments?post=78198"}],"version-history":[{"count":2,"href":"https:\/\/goiasemtempo.com.br\/home\/wp-json\/wp\/v2\/posts\/78198\/revisions"}],"predecessor-version":[{"id":78201,"href":"https:\/\/goiasemtempo.com.br\/home\/wp-json\/wp\/v2\/posts\/78198\/revisions\/78201"}],"wp:featuredmedia":[{"embeddable":true,"href":"https:\/\/goiasemtempo.com.br\/home\/wp-json\/wp\/v2\/media\/78199"}],"wp:attachment":[{"href":"https:\/\/goiasemtempo.com.br\/home\/wp-json\/wp\/v2\/media?parent=78198"}],"wp:term":[{"taxonomy":"category","embeddable":true,"href":"https:\/\/goiasemtempo.com.br\/home\/wp-json\/wp\/v2\/categories?post=78198"},{"taxonomy":"post_tag","embeddable":true,"href":"https:\/\/goiasemtempo.com.br\/home\/wp-json\/wp\/v2\/tags?post=78198"}],"curies":[{"name":"wp","href":"https:\/\/api.w.org\/{rel}","templated":true}]}}