{"id":78096,"date":"2025-07-13T16:11:36","date_gmt":"2025-07-13T16:11:36","guid":{"rendered":"https:\/\/goiasemtempo.com.br\/home\/?p=78096"},"modified":"2025-07-13T16:11:36","modified_gmt":"2025-07-13T16:11:36","slug":"artista-encontrada-morta-sol-ja-brigou-com-gretchen-e-fez-sucesso-com-silvio-santos-nos-anos-80","status":"publish","type":"post","link":"https:\/\/goiasemtempo.com.br\/home\/artista-encontrada-morta-sol-ja-brigou-com-gretchen-e-fez-sucesso-com-silvio-santos-nos-anos-80\/","title":{"rendered":"Artista encontrada morta, Sol j\u00e1 brigou com Gretchen e fez sucesso com Silvio Santos nos anos 80"},"content":{"rendered":"<p data-t=\"{&quot;n&quot;:&quot;blueLinks&quot;,&quot;t&quot;:13,&quot;a&quot;:&quot;click&quot;,&quot;b&quot;:76}\">Sucesso nos anos 80, a cantora\u00a0<strong>Sol<\/strong>\u00a0<a href=\"https:\/\/www.purepeople.com.br\/noticia\/empresario-adalberto-encontrado-com-corpo-sem-sapatos-e-calcas-a-morte-misteriosa-no-autodromo-de-interlagos-em-sp_a407964\/1\" target=\"_blank\" rel=\"noopener\" data-t=\"{&quot;n&quot;:&quot;destination&quot;,&quot;t&quot;:13,&quot;a&quot;:&quot;click&quot;,&quot;b&quot;:1,&quot;c.t&quot;:7}\">foi\u00a0<strong>encontrada morta<\/strong><\/a><strong>\u00a0neste s\u00e1bado, dia 12 de julho de 2025, aos 59 anos<\/strong>. Conhecida por ter participado do\u00a0<strong>Programa Silvio Santos<\/strong>\u00a0e do\u00a0<strong>Clube do Bolinha<\/strong>, onde era &#8216;rival&#8217; de\u00a0<a href=\"https:\/\/www.purepeople.com.br\/famosos\/gretchen-miranda_p2433\" target=\"_blank\" rel=\"noopener\" data-t=\"{&quot;n&quot;:&quot;destination&quot;,&quot;t&quot;:13,&quot;a&quot;:&quot;click&quot;,&quot;b&quot;:1,&quot;c.t&quot;:7}\"><strong>Gretchen<\/strong><\/a>, a famosa morava sozinha em S\u00e3o Paulo, na regi\u00e3o do Campo Limpo, na Zona Sul.<\/p>\n<div class=\"intra-article-module\" data-t=\"{&quot;n&quot;:&quot;intraArticle&quot;,&quot;t&quot;:13}\">\n<div class=\"articlePageIntraArticleFullWidth ad-slot-placeholder left-image-intra-ad full-bleed-image-intra-ad\" data-ad-index=\"0\">\n<div class=\"intra-article-ad-full left-image-intra-ad full-bleed-image-intra-ad\">\n<div id=\"msn96f64a5dd09b4c8fbf2b\" class=\"full-bleed-image-intra-ad\">\n<div class=\"content\"><\/div>\n<\/div>\n<\/div>\n<\/div>\n<\/div>\n<p data-t=\"{&quot;n&quot;:&quot;blueLinks&quot;,&quot;t&quot;:13,&quot;a&quot;:&quot;click&quot;,&quot;b&quot;:76}\">A not\u00edcia foi dada em um comunicado divulgado no perfil de Sol no Instagram com mais de 40 mil seguidores: &#8220;Com imensa tristeza, informamos o falecimento de nossa querida Cantora Sol. Sua partida deixa um vazio enorme em nossos cora\u00e7\u00f5es, mas tamb\u00e9m lembran\u00e7as inesquec\u00edveis de amor, alegria e generosidade\u201d, disse o post.<\/p>\n<p data-t=\"{&quot;n&quot;:&quot;blueLinks&quot;,&quot;t&quot;:13,&quot;a&quot;:&quot;click&quot;,&quot;b&quot;:76}\">Em entrevista para a revista Quem,\u00a0<strong>Vit\u00f3ria Cury<\/strong>, filha do apresentador Bolinha, comentou sobre a morte da artista: &#8220;Ela foi encontrada sem vida por um casal de amigos por volta do meio-dia. O corpo dela foi levado para o Instituto M\u00e9dico Legal. Aguardamos a libera\u00e7\u00e3o para domingo&#8221;.<\/p>\n<p data-t=\"{&quot;n&quot;:&quot;blueLinks&quot;,&quot;t&quot;:13,&quot;a&quot;:&quot;click&quot;,&quot;b&quot;:76}\">J\u00e1 na legenda do post, foi\u00a0<a href=\"https:\/\/www.purepeople.com.br\/noticia\/alpinista-que-resgatou-juliana-marins-vulcao-indonesia-sera-recompensado-com-vaquinha-de-meio-milhao-de-reais_a408789\/1\" target=\"_blank\" rel=\"noopener\" data-t=\"{&quot;n&quot;:&quot;destination&quot;,&quot;t&quot;:13,&quot;a&quot;:&quot;click&quot;,&quot;b&quot;:1,&quot;c.t&quot;:7}\">divulgada uma vaquinha para arcar com os custos do seu vel\u00f3rio<\/a>\u00a0e sepultamento. At\u00e9 o momento, a causa da morte da cantora Sol n\u00e3o foi divulgada oficialmente.<\/p>\n<div class=\"title-h2\">Quem era a cantora Sol? Sucesso nos anos 80, ela j\u00e1 brigou com Gretchen<\/div>\n<p data-t=\"{&quot;n&quot;:&quot;blueLinks&quot;,&quot;t&quot;:13,&quot;a&quot;:&quot;click&quot;,&quot;b&quot;:76}\">Quem costumava assistir ao Clube do Bolinha ou o Programa Silvio Santos nos anos 80 talvez se lembre de ver Sol, cujo nome de batismo \u00e9 Sandra do Valle Reis,\u00a0brilhando na TV e rivalizando com Gretchen. Na carreira art\u00edstica, ela conquistou sucesso com a m\u00fasica &#8216;<strong>Meu Gatinho<\/strong>&#8216;.<\/p>\n<div class=\"intra-article-module\" data-t=\"{&quot;n&quot;:&quot;intraArticle&quot;,&quot;t&quot;:13}\">\n<div class=\"articlePageIntraArticleFullWidth ad-slot-placeholder left-image-intra-ad full-bleed-image-intra-ad\" data-ad-index=\"1\">\n<div class=\"intra-article-ad-full left-image-intra-ad full-bleed-image-intra-ad\">\n<div id=\"adnxs-5ab9747fbb4d44048b44\" class=\"full-bleed-image-intra-ad\">Sol passava dificuldades financeiras desde 2016, quando revelou ter sido despejada de um apartamento onde morava no Morumbi, bairro de S\u00e3o Paulo. Nos \u00faltimos anos, ela se dedicava a eventos e se deslocava de \u00f4nibus ou metr\u00f4 para cumprir compromissos profissionais.<\/div>\n<div><\/div>\n<\/div>\n<\/div>\n<\/div>\n<p data-t=\"{&quot;n&quot;:&quot;blueLinks&quot;,&quot;t&quot;:13,&quot;a&quot;:&quot;click&quot;,&quot;b&quot;:76}\">De acordo com a revista Quem, Sol e Gretchen chegaram a travar uma batalha judicial em 2022, quando a cantora foi chamada de &#8216;Barbie put*&#8217; em um livro biogr\u00e1fico da rainha do rebolado. Sol pediu R$ 1 milh\u00e3o de indeniza\u00e7\u00e3o por danos morais e a retirada do livro de circula\u00e7\u00e3o, o que foi negado pela Justi\u00e7a.<\/p>\n","protected":false},"excerpt":{"rendered":"<p>Sucesso nos anos 80, a cantora\u00a0Sol\u00a0foi\u00a0encontrada morta\u00a0neste s\u00e1bado, dia 12 de julho de 2025, aos 59 anos. Conhecida por ter participado do\u00a0Programa Silvio Santos\u00a0e do\u00a0Clube do Bolinha, onde era &#8216;rival&#8217; de\u00a0Gretchen, a famosa morava sozinha em S\u00e3o Paulo, na regi\u00e3o do Campo Limpo, na Zona Sul. A not\u00edcia foi dada em um comunicado divulgado no &hellip;<\/p>\n","protected":false},"author":3,"featured_media":78097,"comment_status":"closed","ping_status":"open","sticky":false,"template":"","format":"standard","meta":{"_exactmetrics_skip_tracking":false,"_exactmetrics_sitenote_active":false,"_exactmetrics_sitenote_note":"","_exactmetrics_sitenote_category":0,"footnotes":""},"categories":[472,58,66],"tags":[],"_links":{"self":[{"href":"https:\/\/goiasemtempo.com.br\/home\/wp-json\/wp\/v2\/posts\/78096"}],"collection":[{"href":"https:\/\/goiasemtempo.com.br\/home\/wp-json\/wp\/v2\/posts"}],"about":[{"href":"https:\/\/goiasemtempo.com.br\/home\/wp-json\/wp\/v2\/types\/post"}],"author":[{"embeddable":true,"href":"https:\/\/goiasemtempo.com.br\/home\/wp-json\/wp\/v2\/users\/3"}],"replies":[{"embeddable":true,"href":"https:\/\/goiasemtempo.com.br\/home\/wp-json\/wp\/v2\/comments?post=78096"}],"version-history":[{"count":1,"href":"https:\/\/goiasemtempo.com.br\/home\/wp-json\/wp\/v2\/posts\/78096\/revisions"}],"predecessor-version":[{"id":78098,"href":"https:\/\/goiasemtempo.com.br\/home\/wp-json\/wp\/v2\/posts\/78096\/revisions\/78098"}],"wp:featuredmedia":[{"embeddable":true,"href":"https:\/\/goiasemtempo.com.br\/home\/wp-json\/wp\/v2\/media\/78097"}],"wp:attachment":[{"href":"https:\/\/goiasemtempo.com.br\/home\/wp-json\/wp\/v2\/media?parent=78096"}],"wp:term":[{"taxonomy":"category","embeddable":true,"href":"https:\/\/goiasemtempo.com.br\/home\/wp-json\/wp\/v2\/categories?post=78096"},{"taxonomy":"post_tag","embeddable":true,"href":"https:\/\/goiasemtempo.com.br\/home\/wp-json\/wp\/v2\/tags?post=78096"}],"curies":[{"name":"wp","href":"https:\/\/api.w.org\/{rel}","templated":true}]}}