{"id":78024,"date":"2025-07-10T15:28:29","date_gmt":"2025-07-10T15:28:29","guid":{"rendered":"https:\/\/goiasemtempo.com.br\/home\/?p=78024"},"modified":"2025-07-10T15:30:11","modified_gmt":"2025-07-10T15:30:11","slug":"lofty-style-inaugura-sua-primeira-unidade-em-goiania-no-dia-10-de-julho-com-presenca-da-ceo-camila-ortiz","status":"publish","type":"post","link":"https:\/\/goiasemtempo.com.br\/home\/lofty-style-inaugura-sua-primeira-unidade-em-goiania-no-dia-10-de-julho-com-presenca-da-ceo-camila-ortiz\/","title":{"rendered":"Lofty Style inaugura sua primeira unidade em Goi\u00e2nia no dia 10 de julho com presen\u00e7a da CEO Camila Ortiz"},"content":{"rendered":"<p>A marca de moda feminina Lofty Style inaugura sua primeira loja em Goi\u00e2nia no pr\u00f3ximo dia 10 de julho, no Goi\u00e2nia Shopping.\u00a0 A abertura oficial contar\u00e1 com a presen\u00e7a especial da CEO da marca, Camila Ortiz, que acompanha de perto a expans\u00e3o da Lofty Style pelo pa\u00eds.<\/p>\n<p>Com mais de 50 lojas pr\u00f3prias espalhadas pelo Brasil, a Lofty Style foi criada em 2003 com a proposta de oferecer uma moda atemporal e sens\u00edvel \u00e0 ess\u00eancia da mulher brasileira. Suas pe\u00e7as s\u00e3o leves, flu\u00eddas e vers\u00e1teis \u2014 pensadas para acompanhar diferentes momentos da vida com conforto e eleg\u00e2ncia.<\/p>\n<p>O evento de inaugura\u00e7\u00e3o ser\u00e1 realizado das 10h \u00e0s 20h, no 2\u00ba piso do shopping, lojas 209 e 210, e contar\u00e1 com um acolhimento especial aos convidados, com catering assinado pela Richesse Buffet e doces finos do Ateli\u00ea Love Cake \u2014 refor\u00e7ando o cuidado com os detalhes que tamb\u00e9m \u00e9 marca registrada da Lofty Style.<\/p>\n<p>\u201cQueremos que nossas clientes se sintam acolhidas em um ambiente pensado para que tenham uma experi\u00eancia de compra leve e inspiradora, sem barreiras entre elas e os produtos\u201d, destaca Camila Ortiz, que estar\u00e1 presente para recepcionar convidados e imprensa.<\/p>\n<p>Com o conceito \u201cleve para vestir\u201d e a assinatura \u201cenxergue no simples o extraordin\u00e1rio\u201d, a Lofty Style fala diretamente com mulheres entre 30 e 55 anos que valorizam praticidade, estilo e identidade. A marca \u00e9 reconhecida por sua proposta autoral e j\u00e1 realizou colabora\u00e7\u00f5es com influenciadoras como Larissa Manoela, Camila Gaio e Lu Gonzales.<\/p>\n<p>A nova unidade traz o visual caracter\u00edstico da rede: um ambiente iluminado, aconchegante e com layout que convida ao toque e \u00e0 descoberta de cada pe\u00e7a \u2014 sem barreiras entre cliente e produto.<\/p>\n<p><strong>Servi\u00e7o<\/strong><br \/>\nInaugura\u00e7\u00e3o Lofty Style Goi\u00e2nia<br \/>\nData: 10 de julho<br \/>\nHor\u00e1rio: das 10h \u00e0s 20h<br \/>\nLocal: Goi\u00e2nia Shopping \u2013 Piso 2, lojas 209 e 210<br \/>\nwww.loftystyle.com.br | @loftystyle<\/p>\n<p><strong>Assessoria de Imprensa<\/strong><br \/>\nPalavra Comunica\u00e7\u00e3o<br \/>\nContato: (62) 9 8162-4898 \/ (62) 9 9979-5256<br \/>\nnoticias@palavracom.com<\/p>\n<p><img decoding=\"async\" src=\"https:\/\/goiasemtempo.com.br\/home\/wp-content\/uploads\/2025\/07\/lofty.jpg\" \/><\/p>\n<p>&nbsp;<\/p>\n","protected":false},"excerpt":{"rendered":"<p>A marca de moda feminina Lofty Style inaugura sua primeira loja em Goi\u00e2nia no pr\u00f3ximo dia 10 de julho, no Goi\u00e2nia Shopping.\u00a0 A abertura oficial contar\u00e1 com a presen\u00e7a especial da CEO da marca, Camila Ortiz, que acompanha de perto a expans\u00e3o da Lofty Style pelo pa\u00eds. Com mais de 50 lojas pr\u00f3prias espalhadas pelo &hellip;<\/p>\n","protected":false},"author":3,"featured_media":78027,"comment_status":"closed","ping_status":"open","sticky":false,"template":"","format":"standard","meta":{"_exactmetrics_skip_tracking":false,"_exactmetrics_sitenote_active":false,"_exactmetrics_sitenote_note":"","_exactmetrics_sitenote_category":0,"footnotes":""},"categories":[500,513],"tags":[],"_links":{"self":[{"href":"https:\/\/goiasemtempo.com.br\/home\/wp-json\/wp\/v2\/posts\/78024"}],"collection":[{"href":"https:\/\/goiasemtempo.com.br\/home\/wp-json\/wp\/v2\/posts"}],"about":[{"href":"https:\/\/goiasemtempo.com.br\/home\/wp-json\/wp\/v2\/types\/post"}],"author":[{"embeddable":true,"href":"https:\/\/goiasemtempo.com.br\/home\/wp-json\/wp\/v2\/users\/3"}],"replies":[{"embeddable":true,"href":"https:\/\/goiasemtempo.com.br\/home\/wp-json\/wp\/v2\/comments?post=78024"}],"version-history":[{"count":2,"href":"https:\/\/goiasemtempo.com.br\/home\/wp-json\/wp\/v2\/posts\/78024\/revisions"}],"predecessor-version":[{"id":78028,"href":"https:\/\/goiasemtempo.com.br\/home\/wp-json\/wp\/v2\/posts\/78024\/revisions\/78028"}],"wp:featuredmedia":[{"embeddable":true,"href":"https:\/\/goiasemtempo.com.br\/home\/wp-json\/wp\/v2\/media\/78027"}],"wp:attachment":[{"href":"https:\/\/goiasemtempo.com.br\/home\/wp-json\/wp\/v2\/media?parent=78024"}],"wp:term":[{"taxonomy":"category","embeddable":true,"href":"https:\/\/goiasemtempo.com.br\/home\/wp-json\/wp\/v2\/categories?post=78024"},{"taxonomy":"post_tag","embeddable":true,"href":"https:\/\/goiasemtempo.com.br\/home\/wp-json\/wp\/v2\/tags?post=78024"}],"curies":[{"name":"wp","href":"https:\/\/api.w.org\/{rel}","templated":true}]}}