{"id":77958,"date":"2025-07-07T21:23:19","date_gmt":"2025-07-07T21:23:19","guid":{"rendered":"https:\/\/goiasemtempo.com.br\/home\/?p=77958"},"modified":"2025-07-07T21:23:40","modified_gmt":"2025-07-07T21:23:40","slug":"denilson-entrega-rrelacao-com-zeze-di-camargo-durante-programa-da-globo","status":"publish","type":"post","link":"https:\/\/goiasemtempo.com.br\/home\/denilson-entrega-rrelacao-com-zeze-di-camargo-durante-programa-da-globo\/","title":{"rendered":"Den\u00edlson entrega rrela\u00e7\u00e3o com Zez\u00e9 Di Camargo durante programa da Globo"},"content":{"rendered":"<p data-t=\"{&quot;n&quot;:&quot;blueLinks&quot;,&quot;t&quot;:13,&quot;a&quot;:&quot;click&quot;,&quot;b&quot;:76}\">O ex-jogador\u00a0<strong>Den\u00edlson<\/strong>\u00a0acabou entregando um segredo de fam\u00edlia durante a estreia do programa \u2018Aberto ao P\u00fablico\u2019, da TV Globo. Neste \u00faltimo final de semana, 06 de julho, ele contou que no in\u00edcio do romance com Luciele,<strong>\u00a0Zez\u00e9 Di Camargo<\/strong>\u00a0n\u00e3o foi com sua cara, mas que logo depois conquistou espa\u00e7o no cora\u00e7\u00e3o do sertanejo.<\/p>\n<div class=\"intra-article-module\" data-t=\"{&quot;n&quot;:&quot;intraArticle&quot;,&quot;t&quot;:13}\">\n<div class=\"articlePageIntraArticleFullWidth ad-slot-placeholder left-image-intra-ad full-bleed-image-intra-ad\" data-ad-index=\"0\">\n<div class=\"intra-article-ad-full left-image-intra-ad full-bleed-image-intra-ad\">\n<div>\n<div id=\"msnd5b33c1a3237498a8ed7\" class=\"full-bleed-image-intra-ad\">A revela\u00e7\u00e3o aconteceu durante o quadro \u2018Pergunte pro Famoso\u2019, onde Den\u00edlson foi submetido a uma s\u00e9rie de perguntas do p\u00fablico. Caso ele se negasse a responder a alguma delas, a pessoa que fez o questionamento ganharia R$ 50. Na tentativa de conquistar o valor, uma participante quis saber qual foi a pior coisa que Zez\u00e9 Di Camargo, de quem \u00e9 cunhado, havia feito com ele.<\/div>\n<\/div>\n<\/div>\n<\/div>\n<\/div>\n<p data-t=\"{&quot;n&quot;:&quot;blueLinks&quot;,&quot;t&quot;:13,&quot;a&quot;:&quot;click&quot;,&quot;b&quot;:76}\">Desse modo, o ex-jogador e atual comentarista da Globo, contou que no in\u00edcio do namoro com Luciele Camargo, ela n\u00e3o queria assumi-lo publicamente. \u201c<em>Eu doido para sair na m\u00eddia<\/em>\u201c, brincou, emendando ter sido convidado por ela a ir a um show dos irm\u00e3os, Zez\u00e9 e Luciano.<\/p>\n<p data-t=\"{&quot;n&quot;:&quot;blueLinks&quot;,&quot;t&quot;:13,&quot;a&quot;:&quot;click&quot;,&quot;b&quot;:76}\">\u201c<em>Sentamos numa mesa da fam\u00edlia, o Zez\u00e9 parou o show e falou: \u2018P\u00f4, Luciele. Ele n\u00e3o, n\u00e9?\u2019. Eu pensei: \u2018Como ele n\u00e3o?\u2019 e fui me escondendo embaixo da mesa<\/em>\u201c, confidenciou, emendando ter conquistado rapidamente a amizade do cunhado, torcedor do S\u00e3o Paulo. \u201c<em>O Luciano foi mais dif\u00edcil, porque ele \u00e9 corintiano<\/em>\u201c, ainda acrescentou.<\/p>\n<div class=\"intra-article-module\" data-t=\"{&quot;n&quot;:&quot;intraArticle&quot;,&quot;t&quot;:13}\">\n<div class=\"articlePageIntraArticleFullWidth ad-slot-placeholder left-image-intra-ad full-bleed-image-intra-ad\" data-ad-index=\"1\">\n<div class=\"intra-article-ad-full left-image-intra-ad full-bleed-image-intra-ad\">\n<div id=\"adnxs-16a5702432ac40f58dab\" class=\"full-bleed-image-intra-ad\"><strong style=\"font-size: 24px;\">Zez\u00e9 Di Camargo e Den\u00edlson<\/strong><\/div>\n<div><\/div>\n<\/div>\n<\/div>\n<\/div>\n<p data-t=\"{&quot;n&quot;:&quot;blueLinks&quot;,&quot;t&quot;:13,&quot;a&quot;:&quot;click&quot;,&quot;b&quot;:76}\">Vale lembrar, que ap\u00f3s o in\u00edcio do romance com Luciele, h\u00e1 mais de 15 anos, Den\u00edlson conseguiu conquistar o cora\u00e7\u00e3o dos Camargos, sendo um dos melhores amigos de Zez\u00e9: \u201c<em>Ele me considera um dos melhores amigos at\u00e9 hoje<\/em>\u201c, revelou. Ali\u00e1s, com a irm\u00e3 do sertanejo, ele tem dois filhos, Maria Eduarda Ara\u00fajo e Davi Ara\u00fajo.<\/p>\n<p data-t=\"{&quot;n&quot;:&quot;blueLinks&quot;,&quot;t&quot;:13,&quot;a&quot;:&quot;click&quot;,&quot;b&quot;:76}\">Com Ag\u00eancia de Not\u00edcias<\/p>\n<p data-t=\"{&quot;n&quot;:&quot;blueLinks&quot;,&quot;t&quot;:13,&quot;a&quot;:&quot;click&quot;,&quot;b&quot;:76}\">\n","protected":false},"excerpt":{"rendered":"<p>O ex-jogador\u00a0Den\u00edlson\u00a0acabou entregando um segredo de fam\u00edlia durante a estreia do programa \u2018Aberto ao P\u00fablico\u2019, da TV Globo. Neste \u00faltimo final de semana, 06 de julho, ele contou que no in\u00edcio do romance com Luciele,\u00a0Zez\u00e9 Di Camargo\u00a0n\u00e3o foi com sua cara, mas que logo depois conquistou espa\u00e7o no cora\u00e7\u00e3o do sertanejo. A revela\u00e7\u00e3o aconteceu durante &hellip;<\/p>\n","protected":false},"author":3,"featured_media":77960,"comment_status":"closed","ping_status":"open","sticky":false,"template":"","format":"standard","meta":{"_exactmetrics_skip_tracking":false,"_exactmetrics_sitenote_active":false,"_exactmetrics_sitenote_note":"","_exactmetrics_sitenote_category":0,"footnotes":""},"categories":[472],"tags":[],"_links":{"self":[{"href":"https:\/\/goiasemtempo.com.br\/home\/wp-json\/wp\/v2\/posts\/77958"}],"collection":[{"href":"https:\/\/goiasemtempo.com.br\/home\/wp-json\/wp\/v2\/posts"}],"about":[{"href":"https:\/\/goiasemtempo.com.br\/home\/wp-json\/wp\/v2\/types\/post"}],"author":[{"embeddable":true,"href":"https:\/\/goiasemtempo.com.br\/home\/wp-json\/wp\/v2\/users\/3"}],"replies":[{"embeddable":true,"href":"https:\/\/goiasemtempo.com.br\/home\/wp-json\/wp\/v2\/comments?post=77958"}],"version-history":[{"count":2,"href":"https:\/\/goiasemtempo.com.br\/home\/wp-json\/wp\/v2\/posts\/77958\/revisions"}],"predecessor-version":[{"id":77962,"href":"https:\/\/goiasemtempo.com.br\/home\/wp-json\/wp\/v2\/posts\/77958\/revisions\/77962"}],"wp:featuredmedia":[{"embeddable":true,"href":"https:\/\/goiasemtempo.com.br\/home\/wp-json\/wp\/v2\/media\/77960"}],"wp:attachment":[{"href":"https:\/\/goiasemtempo.com.br\/home\/wp-json\/wp\/v2\/media?parent=77958"}],"wp:term":[{"taxonomy":"category","embeddable":true,"href":"https:\/\/goiasemtempo.com.br\/home\/wp-json\/wp\/v2\/categories?post=77958"},{"taxonomy":"post_tag","embeddable":true,"href":"https:\/\/goiasemtempo.com.br\/home\/wp-json\/wp\/v2\/tags?post=77958"}],"curies":[{"name":"wp","href":"https:\/\/api.w.org\/{rel}","templated":true}]}}