{"id":77934,"date":"2025-07-07T16:15:30","date_gmt":"2025-07-07T16:15:30","guid":{"rendered":"https:\/\/goiasemtempo.com.br\/home\/?p=77934"},"modified":"2025-07-07T16:15:30","modified_gmt":"2025-07-07T16:15:30","slug":"apresentadora-ana-hickmann-fala-pela-primeira-vez-sobre-cancer-de-edu-guedes-tempestade","status":"publish","type":"post","link":"https:\/\/goiasemtempo.com.br\/home\/apresentadora-ana-hickmann-fala-pela-primeira-vez-sobre-cancer-de-edu-guedes-tempestade\/","title":{"rendered":"Apresentadora Ana Hickmann fala pela primeira vez sobre c\u00e2ncer de Edu Guedes: &#8216;tempestade&#8217;"},"content":{"rendered":"<p data-t=\"{&quot;n&quot;:&quot;blueLinks&quot;,&quot;t&quot;:13,&quot;a&quot;:&quot;click&quot;,&quot;b&quot;:76}\"><a href=\"https:\/\/www.itatiaia.com.br\/entretenimento\/2025\/05\/20\/ana-hickmann-se-casa-com-edu-guedes-e-abre-o-jogo-sobre-gravidez-sera-maravilhoso\" target=\"_blank\" rel=\"noopener\" data-cms-href=\"https:\/\/www.itatiaia.com.br\/entretenimento\/2025\/05\/20\/ana-hickmann-se-casa-com-edu-guedes-e-abre-o-jogo-sobre-gravidez-sera-maravilhoso\" data-t=\"{&quot;n&quot;:&quot;destination&quot;,&quot;t&quot;:13,&quot;a&quot;:&quot;click&quot;,&quot;b&quot;:1,&quot;c.t&quot;:7}\">Rec\u00e9m-casada\u00a0<\/a>com\u00a0<b>Edu Guedes<\/b>,\u00a0<b>Ana Hickmann<\/b>\u00a0quebrou o sil\u00eancio na manh\u00e3 desta segunda-feira (7) e falou sobre o estado de sa\u00fade do marido. O apresentador foi\u00a0<a href=\"https:\/\/www.itatiaia.com.br\/entretenimento\/esse-nao-e-o-fim-mas-sim-um-recomeco-diz-edu-guedes-apos-por-cirurgia-para-retirada-de-cancer-no-pancreas\" target=\"_blank\" rel=\"noopener\" data-cms-href=\"https:\/\/www.itatiaia.com.br\/entretenimento\/esse-nao-e-o-fim-mas-sim-um-recomeco-diz-edu-guedes-apos-por-cirurgia-para-retirada-de-cancer-no-pancreas\" data-t=\"{&quot;n&quot;:&quot;destination&quot;,&quot;t&quot;:13,&quot;a&quot;:&quot;click&quot;,&quot;b&quot;:1,&quot;c.t&quot;:7}\">diagnosticado com c\u00e2ncer de p\u00e2ncreas<\/a>.<\/p>\n<p data-t=\"{&quot;n&quot;:&quot;blueLinks&quot;,&quot;t&quot;:13,&quot;a&quot;:&quot;click&quot;,&quot;b&quot;:76}\">&#8220;Algumas not\u00edcias chegam como uma tempestade, nos pegam desprevenidos e nos fazem mudar a rota de<\/p>\n<p class=\"continue-read-break\" data-t=\"{&quot;n&quot;:&quot;blueLinks&quot;,&quot;t&quot;:13,&quot;a&quot;:&quot;click&quot;,&quot;b&quot;:76}\">Em seguida, ela agradece o\u00a0<a href=\"https:\/\/www.itatiaia.com.br\/entretenimento\/ana-hickmann-recebe-apoio-apos-edu-guedes-ser-diagnosticado-com-cancer-orando\" target=\"_blank\" rel=\"noopener\" data-cms-href=\"https:\/\/www.itatiaia.com.br\/entretenimento\/ana-hickmann-recebe-apoio-apos-edu-guedes-ser-diagnosticado-com-cancer-orando\" data-t=\"{&quot;n&quot;:&quot;destination&quot;,&quot;t&quot;:13,&quot;a&quot;:&quot;click&quot;,&quot;b&quot;:1,&quot;c.t&quot;:7}\">apoio que tem recebido<\/a>\u00a0neste momento dif\u00edcil. &#8220;O Edu e eu agradecemos o apoio de cada um que enviou mensagens de carinho e orou por ele. Esse momento delicado que estamos passando \u00e9 apenas o recome\u00e7o de uma vida saud\u00e1vel e feliz que voltaremos a viver em breve!!! Continuem rezando por ele, isso faz toda a diferen\u00e7a. Muito obrigada&#8221;, encerra.<\/p>\n<h2 class=\"article-sub-heading\">Diagn\u00f3stico<\/h2>\n<p>O apresentador Edu Guedes, de 51 anos, foi diagnosticado com c\u00e2ncer do p\u00e2ncreas\u00a0e passou por duas cirurgias, sendo uma para remo\u00e7\u00e3o do tumor.<\/p>\n<p data-t=\"{&quot;n&quot;:&quot;blueLinks&quot;,&quot;t&quot;:13,&quot;a&quot;:&quot;click&quot;,&quot;b&quot;:76}\">Edu descobriu a doen\u00e7a ap\u00f3s ser diagnosticado com uma infec\u00e7\u00e3o origin\u00e1ria de c\u00e1lculo renal, o que o levou a passar por uma cirurgia de emerg\u00eancia. O apresentador teve complica\u00e7\u00f5es nos rins.<\/p>\n<p data-t=\"{&quot;n&quot;:&quot;blueLinks&quot;,&quot;t&quot;:13,&quot;a&quot;:&quot;click&quot;,&quot;b&quot;:76}\">Posteriormente, Edu passou por exames espec\u00edficos que apontaram um tumor cancer\u00edgeno no p\u00e2ncreas. No s\u00e1bado (5), ele foi\u00a0<a href=\"https:\/\/www.itatiaia.com.br\/entretenimento\/apresentador-edu-guedes-passa-por-cirurgia-para-retirada-de-cancer-no-pancreas\" target=\"_blank\" rel=\"noopener\" data-t=\"{&quot;n&quot;:&quot;destination&quot;,&quot;t&quot;:13,&quot;a&quot;:&quot;click&quot;,&quot;b&quot;:1,&quot;c.t&quot;:7}\">submetido a uma nova cirurgia<\/a>\u00a0&#8211; que, apesar de complexa, \u201ctranscorreu bem\u201d. O procedimento &#8211; pancreatectomia rob\u00f3tica &#8211; foi realizado no Hospital Israelita Albert Einstein, em S\u00e3o Paulo, onde ele est\u00e1 internado, e teve dura\u00e7\u00e3o de 6 horas.<\/p>\n<p data-t=\"{&quot;n&quot;:&quot;blueLinks&quot;,&quot;t&quot;:13,&quot;a&quot;:&quot;click&quot;,&quot;b&quot;:76}\">Vale lembrar que o\u00a0<a href=\"https:\/\/www.itatiaia.com.br\/saude\/2024\/07\/10\/oncologista-explica-por-que-e-dificil-identificar-cancer-de-pancreas-e-de-rins-na-fase-inicial\" target=\"_blank\" rel=\"noopener\" data-t=\"{&quot;n&quot;:&quot;destination&quot;,&quot;t&quot;:13,&quot;a&quot;:&quot;click&quot;,&quot;b&quot;:1,&quot;c.t&quot;:7}\">c\u00e2ncer de p\u00e2ncreas<\/a>\u00a0\u00e9 uma neoplasia maligna que costuma evoluir de forma silenciosa, sem apresentar sintomas nas fases iniciais. Por isso, na maioria dos casos, o diagn\u00f3stico ocorre tardiamente, quando a doen\u00e7a j\u00e1 est\u00e1 em est\u00e1gio avan\u00e7ado.<\/p>\n","protected":false},"excerpt":{"rendered":"<p>Rec\u00e9m-casada\u00a0com\u00a0Edu Guedes,\u00a0Ana Hickmann\u00a0quebrou o sil\u00eancio na manh\u00e3 desta segunda-feira (7) e falou sobre o estado de sa\u00fade do marido. O apresentador foi\u00a0diagnosticado com c\u00e2ncer de p\u00e2ncreas. &#8220;Algumas not\u00edcias chegam como uma tempestade, nos pegam desprevenidos e nos fazem mudar a rota de Em seguida, ela agradece o\u00a0apoio que tem recebido\u00a0neste momento dif\u00edcil. &#8220;O Edu e &hellip;<\/p>\n","protected":false},"author":3,"featured_media":77935,"comment_status":"closed","ping_status":"open","sticky":false,"template":"","format":"standard","meta":{"_exactmetrics_skip_tracking":false,"_exactmetrics_sitenote_active":false,"_exactmetrics_sitenote_note":"","_exactmetrics_sitenote_category":0,"footnotes":""},"categories":[472],"tags":[],"_links":{"self":[{"href":"https:\/\/goiasemtempo.com.br\/home\/wp-json\/wp\/v2\/posts\/77934"}],"collection":[{"href":"https:\/\/goiasemtempo.com.br\/home\/wp-json\/wp\/v2\/posts"}],"about":[{"href":"https:\/\/goiasemtempo.com.br\/home\/wp-json\/wp\/v2\/types\/post"}],"author":[{"embeddable":true,"href":"https:\/\/goiasemtempo.com.br\/home\/wp-json\/wp\/v2\/users\/3"}],"replies":[{"embeddable":true,"href":"https:\/\/goiasemtempo.com.br\/home\/wp-json\/wp\/v2\/comments?post=77934"}],"version-history":[{"count":1,"href":"https:\/\/goiasemtempo.com.br\/home\/wp-json\/wp\/v2\/posts\/77934\/revisions"}],"predecessor-version":[{"id":77936,"href":"https:\/\/goiasemtempo.com.br\/home\/wp-json\/wp\/v2\/posts\/77934\/revisions\/77936"}],"wp:featuredmedia":[{"embeddable":true,"href":"https:\/\/goiasemtempo.com.br\/home\/wp-json\/wp\/v2\/media\/77935"}],"wp:attachment":[{"href":"https:\/\/goiasemtempo.com.br\/home\/wp-json\/wp\/v2\/media?parent=77934"}],"wp:term":[{"taxonomy":"category","embeddable":true,"href":"https:\/\/goiasemtempo.com.br\/home\/wp-json\/wp\/v2\/categories?post=77934"},{"taxonomy":"post_tag","embeddable":true,"href":"https:\/\/goiasemtempo.com.br\/home\/wp-json\/wp\/v2\/tags?post=77934"}],"curies":[{"name":"wp","href":"https:\/\/api.w.org\/{rel}","templated":true}]}}