{"id":77785,"date":"2025-06-29T17:34:20","date_gmt":"2025-06-29T17:34:20","guid":{"rendered":"https:\/\/goiasemtempo.com.br\/home\/?p=77785"},"modified":"2025-06-29T17:34:20","modified_gmt":"2025-06-29T17:34:20","slug":"obras-de-raul-seixas-uniram-estilos-em-seus-26-anos-de-carreira","status":"publish","type":"post","link":"https:\/\/goiasemtempo.com.br\/home\/obras-de-raul-seixas-uniram-estilos-em-seus-26-anos-de-carreira\/","title":{"rendered":"Obras de Raul Seixas uniram estilos em seus 26 anos de carreira"},"content":{"rendered":"<p>Com uma obra musical composta por 17 discos e mais de 300 m\u00fasicas, lan\u00e7ados durante 26 anos de carreira, Raul Seixas\u00a0completaria neste s\u00e1bado (28)\u00a080 anos de vida.\u00a0Considerado pai do rock brasileiro e\u00a0cultuado por sucessivas gera\u00e7\u00f5es, o soteropolitano era um adolescente quando o rock surgiu no cen\u00e1rio musical, nos anos 50, e chegou ao Brasil. Influenciado e fascinado por toda a efervesc\u00eancia cultural da \u00e9poca, o artista criou um estilo pr\u00f3prio, combinando o ritmo ao bai\u00e3o, com refer\u00eancias a Elvis Presley.\u00a0<img decoding=\"async\" src=\"https:\/\/agenciabrasil.ebc.com.br\/ebc.png?id=1648711&amp;o=node\" \/><img decoding=\"async\" src=\"https:\/\/agenciabrasil.ebc.com.br\/ebc.gif?id=1648711&amp;o=node\" \/><\/p>\n<p>A lista de can\u00e7\u00f5es memor\u00e1veis de Raul Seixas \u00e9 longa, com letras\u00a0contestadoras\u00a0valorizam a cr\u00edtica social e a liberdade individual:\u00a0<em>Maluco Beleza<\/em>,\u00a0<em>Metamorfose Ambulante<\/em>,\u00a0<em>Ouro de Tolo<\/em>,\u00a0<em>Eu nasci h\u00e1 10 mil anos atr\u00e1s<\/em>,\u00a0<em>Sociedade Alternativa<\/em>,\u00a0<em>Gita<\/em>,\u00a0<em>Cowboy fora-da-lei<\/em>,\u00a0<em>Tente outra Vez<\/em>,\u00a0<em>Medo da Chuva<\/em>,\u00a0<em>O trem das 7<\/em>,\u00a0<em>Capim Guin\u00e9<\/em>,\u00a0<em>Como vov\u00f4 j\u00e1 dizia<\/em>,\u00a0<em>Carimbador maluco<\/em>,\u00a0<em>Al Capone<\/em>,\u00a0<em>Mosca na sopa<\/em>,\u00a0<em>Meu amigo Pedro<\/em>,\u00a0<em>O dia em que a Terra parou<\/em>,\u00a0<em>S.O.S.<\/em>,\u00a0<em>Aluga-se<\/em>,\u00a0<em>Eu tamb\u00e9m vou reclamar.<\/em><\/p>\n<p>Segundo o pesquisador de m\u00fasica popular e cultura e professor na Universidade Mackenzie, Herom Vargas, o sucesso de Raul Seixas demorou a acontecer. Ainda em Salvador, formou sua primeira banda, os Panteras, na \u00e9poca da Jovem Guarda, no final dos anos 1960. O grupo conheceu o cantor Jerry Adriani, que os convidou para ir ao Rio de Janeiro. Rebatizada de Raulzito e os Panteras, a banda gravou ent\u00e3o seu primeiro disco. O pesquisador conta que essa foi a primeira tentativa de atingir um p\u00fablico mais amplo e nacional.<\/p>\n<p>&#8220;\u00c9 claro que, em Salvador, ele j\u00e1 era conhecido, mas, no Rio\u00a0e no resto do\u00a0Brasil, ainda n\u00e3o. S\u00f3 que o disco n\u00e3o fez sucesso, e uma parte da banda voltou para Salvador, enquanto ele continuou no Rio, sem nenhum dinheiro. Aquilo que ele fala na m\u00fasica\u00a0<em>Ouro de Tolo<\/em>\u00a0\u00e9 verdade. Ele passou um perrengue no Rio de Janeiro\u201d, explicou Vargas.<\/p>\n<p>Em seguida, Raul\u00a0foi produtor na gravadora CBS, e esse per\u00edodo durou at\u00e9 surgir uma nova oportunidade para que se unisse a\u00a0mais tr\u00eas cantores: Miriam Batucada, S\u00e9rgio Sampaio e Edy Star. \u201cE esses quatro fizeram um disco chamado\u00a0<em>Sociedade da Gr\u00e3 Ordem Kavernista apresenta Sess\u00e3o das 10<\/em>. \u00c9 um disco de 71. Um disco experimental, dif\u00edcil de de ouvir, que obviamente n\u00e3o fez sucesso. Essa foi a segunda tentativa\u201d.<\/p>\n<p>Raul Seixas continuou trabalhando, e em 1972, se inscreveu no Festival Internacional da Can\u00e7\u00e3o, com a a m\u00fasica\u00a0<em>Let Me Sing, Let Me Sing<\/em>. Ele n\u00e3o ganhou o festival, mas a m\u00fasica teve alguma repercuss\u00e3o, abrindo as portas de outra gravadora, a Philips Records, na qual lan\u00e7ou um compacto com\u00a0<em>Ouro de Tolo<\/em>. Logo depois, veio seu primeiro disco solo, o\u00a0<em>Krig-ha, Bandolo!<\/em>, de 1973.<\/p>\n<p>\u201cEsse \u00e9 um disco cl\u00e1ssico que, ainda hoje em dia, \u00e9 um dos que sempre aparecem nas listas dos melhores discos da m\u00fasica brasileira. Tem\u00a0<em>Mosca na Sopa<\/em>,\u00a0<em>Rockixe<\/em>,\u00a0<em>As minas do Rei Salom\u00e3o<\/em>\u00a0e uma s\u00e9rie de de m\u00fasicas bem legais do Raul. Foi a\u00ed que ele ficou conhecido nacionalmente. Batalhando desde 66, 67, s\u00f3 chegou no grande p\u00fablico em 73. \u00c9 uma hist\u00f3ria bem interessante esse in\u00edcio de carreira, os perrengues todos, e as idas e vindas de um compositor e de um cantor. Ainda bem que deu certo\u201d, disse Vargas.<\/p>\n<p>O compositor tamb\u00e9m explorou temas como misticismo, filosofia e contracultura, expressos em sua parceria com Paulo Coelho, principalmente no in\u00edcio da d\u00e9cada de 1970. J\u00e1 Cl\u00e1udio Roberto foi o parceiro mais frequente de Raul depois da fase com Paulo Coelho, com a composi\u00e7\u00e3o de mais de 50 m\u00fasicas \u2500 com 31 delas gravadas entre 1975 e 1988. Raul ainda teve como parceiros Marcelo Motta, em can\u00e7\u00f5es como\u00a0<em>A Ma\u00e7\u00e3\u00a0<\/em>e<em>\u00a0Se Ainda Existe Amor;<\/em>\u00a0e Marcelo Nova, no \u00e1lbum\u00a0<em>A Panela do Diabo<\/em>, em 1989, marcando uma parceria importante no final da carreira de Raul.<\/p>\n<h2>Ocultismo e misticismo<\/h2>\n<p>Ao contr\u00e1rio do que muitos pensam, Raul Seixas nunca teve um\u00a0v\u00ednculo propriamente dito com o misticismo ou com o ocultismo, sendo apenas um estudioso desses temas, disse o f\u00e3 e amigo Sylvio Passos.<\/p>\n<p>\u201cCom o ocultismo, ele tinha l\u00e1 suas reservas e olhava sempre com um olhar mais filos\u00f3fico do que propriamente devoto, ocultista ou qualquer coisa desse sentido. O ocultista, na verdade, era o Paulo Coelho, que sempre foi um cara ligado mais a quest\u00f5es religiosas, metaf\u00edsicas e tal. O Raul, n\u00e3o. O Raul era anarquista, como ele mesmo se definia. Uma metamorfose ambulante, um materialista dial\u00e9tico\u201d.<\/p>\n<p>Na defini\u00e7\u00e3o de Passos, que acompanhou a carreira de roqueiro e se tornou amigo do cantor, da fam\u00edlia e de amigos, Raul Seixas tratava de temas complexos sendo um cantor popular, um \u2018cara\u2019 do rock e da m\u00fasica brasileira como um todo. Isso imprimia a ele a singularidade e a import\u00e2ncia dentro de todo cen\u00e1rio art\u00edstico brasileiro, j\u00e1 que ele trazia esses temas &#8220;para um povo que nem sequer lia&#8221;.<\/p>\n<p>\u201cO mais curioso \u00e9 que o Raul, sendo materialista dial\u00e9tico, uma metamorfose ambulante, a obra toda carrega uma pluralidade. Raul era plural, um investigador da hist\u00f3ria da humanidade, de por que o ser humano \u00e9 o que \u00e9, por que se comporta da maneira que com se comporta. Ele olhava para o mundo, absorvia tudo isso e transformava em m\u00fasica. Ele dizia o seguinte: \u2018se voc\u00ea quer me conhecer de fato, ou\u00e7a meus discos, eu estou inteiro l\u00e1\u2019\u201d, afirmou Passos.<\/p>\n<p>Segundo Passos, a transi\u00e7\u00e3o da carreira de Raul Seixas, ao passar da pessoa que amava Elvis Presley e se inspirava nele para outra fase, se enquadra em um processo evolutivo comum a todos os seres humanos. Para o f\u00e3 e amigo, a loucura por Elvis Presley pode ter sido o gatilho para que ele se tornasse o adolescente questionador, que chegou no adulto que, com 27 anos de idade, gravou seu primeiro disco.<\/p>\n<p>\u201cE com aquilo que ele coloca em todas as faixas e continua dali para frente. Ent\u00e3o, tem toda essa cronologia do ser humano, do indiv\u00edduo, que vai evoluindo, e de alguma forma melhorando ou piorando. O Raul sempre foi melhorando, sempre mais questionador, sempre mais voltado para si mesmo, tentando entender o que acontecia no mundo e no seu entorno\u201d.<\/p>\n<p>Raul Seixas enfrentou o alcoolismo e teve v\u00e1rios problemas de sa\u00fade provocados pela doen\u00e7a, como diabetes, hipertens\u00e3o, problemas no f\u00edgado e a pancreatite que o levou \u00e0 morte, em 1989, aos 44 anos, v\u00edtima de uma parada card\u00edaca. Ele foi encontrado morto no apartamento em que vivia, em S\u00e3o Paulo.<\/p>\n<h2>Passeatas<\/h2>\n<div class=\"dnd-widget-wrapper context-medio_4colunas type-image atom-align-right\">\n<div class=\"dnd-atom-rendered\"><img decoding=\"async\" title=\"Toca Rauuul\/Divulga\u00e7\u00e3o\" src=\"https:\/\/imagens.ebc.com.br\/g07XDDbTiFKIZ1GvoTzjslXLJFM=\/365x0\/smart\/https:\/\/agenciabrasil.ebc.com.br\/sites\/default\/files\/thumbnails\/image\/toca_rauuull_-_divulgacao_1.jpg?itok=i29d8mqH\" alt=\"Com tema A Onda Est\u00e1 Certa, bloco Toca Rauuul relembra entrevista de Raul Seixas em 1977.\" \/><\/div>\n<div class=\"dnd-caption-wrapper\">\n<h6 class=\"meta\">Bloco Toca Raul, no Rio de Janeiro, homenageia o cantor\u00a0&#8211;\u00a0<strong>Toca Rauuul\/Divulga\u00e7\u00e3o<\/strong><\/h6>\n<\/div>\n<\/div>\n<p>Desde ent\u00e3o, f\u00e3s e admiradores da obra re\u00fanem-se anualmente na data para a conhecida Passeata Raulseixista em homenagem ao cantor e compositor. A concentra\u00e7\u00e3o geralmente acontece em frente ao Theatro Municipal de S\u00e3o Paulo.<\/p>\n<p>A assessora de imprensa Mayara Grosso, 30 anos, come\u00e7ou a participar do evento aos 8 anos de idade, levada\u00a0pelos pais, f\u00e3s do cantor. Familiarizada com a obra, j\u00e1 que seu irm\u00e3o mais velho ouvia os discos com frequ\u00eancia, ela cresceu frequentando a passeata anualmente e conhecendo muitos dos f\u00e3s que se tornaram amigos de sua fam\u00edlia.<\/p>\n<p>Foi da\u00ed que surgiu a ideia de, como trabalho de conclus\u00e3o de curso, escrever um livro-reportagem chamado\u00a0<em>A Semente da Nova Idade<\/em>, que aborda a trajet\u00f3ria de Raul Seixas, com \u00eanfase na passeata raulseixista.<\/p>\n<p>\u201cDurante esse processo, eu fui descobrindo e entendendo a hist\u00f3ria de muitos f\u00e3s. Al\u00e9m de uma celebra\u00e7\u00e3o de Raul, virou tamb\u00e9m um grande encontro de amigos. \u00c9 onde a galera se encontra. Ent\u00e3o, vem muita gente de muitos estados, cidades diferentes e acaba virando um grande culto. \u00c9 uma emo\u00e7\u00e3o muito particular para cada um, porque Raul Seixas representa muita coisa. Para mim, representa fam\u00edlia. \u00c9 uma mem\u00f3ria que pega bastante, porque meu pai j\u00e1 faleceu e gostava muito de ir \u00e0 passeata\u201d.<\/p>\n<p>&nbsp;<\/p>\n","protected":false},"excerpt":{"rendered":"<p>Com uma obra musical composta por 17 discos e mais de 300 m\u00fasicas, lan\u00e7ados durante 26 anos de carreira, Raul Seixas\u00a0completaria neste s\u00e1bado (28)\u00a080 anos de vida.\u00a0Considerado pai do rock brasileiro e\u00a0cultuado por sucessivas gera\u00e7\u00f5es, o soteropolitano era um adolescente quando o rock surgiu no cen\u00e1rio musical, nos anos 50, e chegou ao Brasil. Influenciado &hellip;<\/p>\n","protected":false},"author":3,"featured_media":77786,"comment_status":"closed","ping_status":"open","sticky":false,"template":"","format":"standard","meta":{"_exactmetrics_skip_tracking":false,"_exactmetrics_sitenote_active":false,"_exactmetrics_sitenote_note":"","_exactmetrics_sitenote_category":0,"footnotes":""},"categories":[66],"tags":[],"_links":{"self":[{"href":"https:\/\/goiasemtempo.com.br\/home\/wp-json\/wp\/v2\/posts\/77785"}],"collection":[{"href":"https:\/\/goiasemtempo.com.br\/home\/wp-json\/wp\/v2\/posts"}],"about":[{"href":"https:\/\/goiasemtempo.com.br\/home\/wp-json\/wp\/v2\/types\/post"}],"author":[{"embeddable":true,"href":"https:\/\/goiasemtempo.com.br\/home\/wp-json\/wp\/v2\/users\/3"}],"replies":[{"embeddable":true,"href":"https:\/\/goiasemtempo.com.br\/home\/wp-json\/wp\/v2\/comments?post=77785"}],"version-history":[{"count":1,"href":"https:\/\/goiasemtempo.com.br\/home\/wp-json\/wp\/v2\/posts\/77785\/revisions"}],"predecessor-version":[{"id":77787,"href":"https:\/\/goiasemtempo.com.br\/home\/wp-json\/wp\/v2\/posts\/77785\/revisions\/77787"}],"wp:featuredmedia":[{"embeddable":true,"href":"https:\/\/goiasemtempo.com.br\/home\/wp-json\/wp\/v2\/media\/77786"}],"wp:attachment":[{"href":"https:\/\/goiasemtempo.com.br\/home\/wp-json\/wp\/v2\/media?parent=77785"}],"wp:term":[{"taxonomy":"category","embeddable":true,"href":"https:\/\/goiasemtempo.com.br\/home\/wp-json\/wp\/v2\/categories?post=77785"},{"taxonomy":"post_tag","embeddable":true,"href":"https:\/\/goiasemtempo.com.br\/home\/wp-json\/wp\/v2\/tags?post=77785"}],"curies":[{"name":"wp","href":"https:\/\/api.w.org\/{rel}","templated":true}]}}