{"id":77627,"date":"2025-06-19T21:21:37","date_gmt":"2025-06-19T21:21:37","guid":{"rendered":"https:\/\/goiasemtempo.com.br\/home\/?p=77627"},"modified":"2025-06-19T21:21:37","modified_gmt":"2025-06-19T21:21:37","slug":"vaticano-recebe-denuncia-contra-padre-cantor-fabio-de-melo-por-exposicao-nas-redes","status":"publish","type":"post","link":"https:\/\/goiasemtempo.com.br\/home\/vaticano-recebe-denuncia-contra-padre-cantor-fabio-de-melo-por-exposicao-nas-redes\/","title":{"rendered":"Vaticano recebe den\u00fancia contra Padre cantor F\u00e1bio de Melo por exposi\u00e7\u00e3o nas redes"},"content":{"rendered":"<p>O\u202fpadre\u202fF\u00e1bio\u202fde\u202fMelo enfrenta agora uma den\u00fancia oficial no\u202fVaticano, consequ\u00eancia direta da controv\u00e9rsia que criou com\u202fJair\u202fJos\u00e9\u202fAguiar\u202fda\u202fRosa, ex\u2011funcion\u00e1rio da cafeteria Havanna, em\u202fJoinville\u202f(SC). Depois que o religioso exp\u00f4s a identidade de Jair nas redes sociais, a empresa rapidamente o desligou, gerando forte repercuss\u00e3o p\u00fablica.<\/p>\n<p>Primeiramente, o epis\u00f3dio come\u00e7ou quando o padre publicou coment\u00e1rios contr\u00e1rios ao atendimento do barista. Como resultado, a cafeteria demitiu o funcion\u00e1rio, e seguidores do sacerdote ampliaram o debate on\u2011line. Logo, Jair alegou ter sofrido constrangimento e buscou repara\u00e7\u00e3o, o que motivou apoiadores a acionar inst\u00e2ncias eclesi\u00e1sticas contra F\u00e1bio de Melo.<\/p>\n<p>De acordo com as normas can\u00f4nicas, situa\u00e7\u00f5es que envolvem cl\u00e9rigos, mas n\u00e3o se enquadram entre os delitos mais graves \u2014 heresia, abusos sexuais ou quebra de sigilo sacramental \u2014 seguem um\u202fprocedimento preliminar. Assim, quando algu\u00e9m envia a acusa\u00e7\u00e3o \u00e0\u202fCongrega\u00e7\u00e3o para a Doutrina da F\u00e9, o\u202fdicast\u00e9rio analisa rapidamente se existe fundamento para investiga\u00e7\u00e3o aprofundada.<\/p>\n<p>Primeiro, o bispo diocesano re\u00fane informa\u00e7\u00f5es e, ent\u00e3o, repassa um relat\u00f3rio inicial \u00e0\u202fCongrega\u00e7\u00e3o. Caso o \u00f3rg\u00e3o veja ind\u00edcios de infra\u00e7\u00e3o, ele devolve orienta\u00e7\u00f5es sobre quais etapas seguir: advert\u00eancia formal, pedido de retrata\u00e7\u00e3o p\u00fablica ou, em \u00faltima inst\u00e2ncia, julgamento can\u00f4nico sum\u00e1rio. Entretanto, se n\u00e3o houver prova robusta, o processo \u00e9 arquivado sem san\u00e7\u00f5es.<\/p>\n<p>Por enquanto, tudo indica que o caso permanecer\u00e1 na categoria de baixa gravidade. Ainda assim, o\u202fpadre poder\u00e1 receber uma advert\u00eancia ou recomenda\u00e7\u00e3o pastoral para reparar o dano moral causado a Jair\u202fJos\u00e9. Al\u00e9m disso, a comiss\u00e3o diocesana dever\u00e1 acompanhar as redes sociais do sacerdote, justamente para evitar reincid\u00eancia e preservar a comunh\u00e3o dentro da Igreja.<\/p>\n","protected":false},"excerpt":{"rendered":"<p>O\u202fpadre\u202fF\u00e1bio\u202fde\u202fMelo enfrenta agora uma den\u00fancia oficial no\u202fVaticano, consequ\u00eancia direta da controv\u00e9rsia que criou com\u202fJair\u202fJos\u00e9\u202fAguiar\u202fda\u202fRosa, ex\u2011funcion\u00e1rio da cafeteria Havanna, em\u202fJoinville\u202f(SC). Depois que o religioso exp\u00f4s a identidade de Jair nas redes sociais, a empresa rapidamente o desligou, gerando forte repercuss\u00e3o p\u00fablica. Primeiramente, o epis\u00f3dio come\u00e7ou quando o padre publicou coment\u00e1rios contr\u00e1rios ao atendimento do barista. Como &hellip;<\/p>\n","protected":false},"author":3,"featured_media":77628,"comment_status":"closed","ping_status":"open","sticky":false,"template":"","format":"standard","meta":{"_exactmetrics_skip_tracking":false,"_exactmetrics_sitenote_active":false,"_exactmetrics_sitenote_note":"","_exactmetrics_sitenote_category":0,"footnotes":""},"categories":[53],"tags":[],"_links":{"self":[{"href":"https:\/\/goiasemtempo.com.br\/home\/wp-json\/wp\/v2\/posts\/77627"}],"collection":[{"href":"https:\/\/goiasemtempo.com.br\/home\/wp-json\/wp\/v2\/posts"}],"about":[{"href":"https:\/\/goiasemtempo.com.br\/home\/wp-json\/wp\/v2\/types\/post"}],"author":[{"embeddable":true,"href":"https:\/\/goiasemtempo.com.br\/home\/wp-json\/wp\/v2\/users\/3"}],"replies":[{"embeddable":true,"href":"https:\/\/goiasemtempo.com.br\/home\/wp-json\/wp\/v2\/comments?post=77627"}],"version-history":[{"count":1,"href":"https:\/\/goiasemtempo.com.br\/home\/wp-json\/wp\/v2\/posts\/77627\/revisions"}],"predecessor-version":[{"id":77629,"href":"https:\/\/goiasemtempo.com.br\/home\/wp-json\/wp\/v2\/posts\/77627\/revisions\/77629"}],"wp:featuredmedia":[{"embeddable":true,"href":"https:\/\/goiasemtempo.com.br\/home\/wp-json\/wp\/v2\/media\/77628"}],"wp:attachment":[{"href":"https:\/\/goiasemtempo.com.br\/home\/wp-json\/wp\/v2\/media?parent=77627"}],"wp:term":[{"taxonomy":"category","embeddable":true,"href":"https:\/\/goiasemtempo.com.br\/home\/wp-json\/wp\/v2\/categories?post=77627"},{"taxonomy":"post_tag","embeddable":true,"href":"https:\/\/goiasemtempo.com.br\/home\/wp-json\/wp\/v2\/tags?post=77627"}],"curies":[{"name":"wp","href":"https:\/\/api.w.org\/{rel}","templated":true}]}}