{"id":77605,"date":"2025-06-16T15:44:33","date_gmt":"2025-06-16T15:44:33","guid":{"rendered":"https:\/\/goiasemtempo.com.br\/home\/?p=77605"},"modified":"2025-06-16T15:47:04","modified_gmt":"2025-06-16T15:47:04","slug":"poliana-rocha-da-puxao-de-orelha-em-leonardo-apos-atitude-em-show-vou-ter-que-ir","status":"publish","type":"post","link":"https:\/\/goiasemtempo.com.br\/home\/poliana-rocha-da-puxao-de-orelha-em-leonardo-apos-atitude-em-show-vou-ter-que-ir\/","title":{"rendered":"Poliana Rocha d\u00e1 pux\u00e3o de orelha em Leonardo ap\u00f3s artista cantar de &#8220;fogo&#8221;:  \u201cVou ter que ir\u201d"},"content":{"rendered":"<p data-t=\"{&quot;n&quot;:&quot;blueLinks&quot;,&quot;t&quot;:13,&quot;a&quot;:&quot;click&quot;,&quot;b&quot;:76}\">A influenciadora digital\u00a0<strong>Poliana Rocha<\/strong>\u00a0n\u00e3o gostou nada ao saber no \u00faltimo s\u00e1bado, 14 de junho, atrav\u00e9s das redes sociais, que o marido e cantor\u00a0<strong>Leonardo<\/strong>\u00a0teria realizado um show ap\u00f3s ter, supostamente, bebido um pouquinho. A apresenta\u00e7\u00e3o teria ocorrido na noite anterior, 13.<\/p>\n<p data-t=\"{&quot;n&quot;:&quot;blueLinks&quot;,&quot;t&quot;:13,&quot;a&quot;:&quot;click&quot;,&quot;b&quot;:76}\">A esposa do cantor, que j\u00e1 explicou publicamente o motivo de n\u00e3o acompanhar o marido em todos os shows que eles ap\u00f3s ser colocada contra a parede pelos f\u00e3s da fam\u00edlia, colocou em jogo o fato de voltar a acompanh\u00e1-lo em suas apresenta\u00e7\u00f5es musicais ap\u00f3s o tal eps\u00f3dio compartilhado por ela mesma em seu Instagram.<\/p>\n<div class=\"intra-article-module\" data-t=\"{&quot;n&quot;:&quot;intraArticle&quot;,&quot;t&quot;:13}\">\n<div class=\"articlePageIntraArticleFullWidth ad-slot-placeholder left-image-intra-ad full-bleed-image-intra-ad\" data-ad-index=\"0\">\n<div class=\"intra-article-ad-full left-image-intra-ad full-bleed-image-intra-ad\">\n<div>\n<div id=\"msna1f3ca6883784982bfcf\" class=\"full-bleed-image-intra-ad\">Poliana Rocha questionou se, agora, ela vai ter que voltar a frequentar os shows do marido para puxar, de leve, o freio de m\u00e3o: <em>\u201cOh, senhor\u2026 Ser\u00e1 que vou ter que ir puxar, de leve, o freio de m\u00e3o?\u201d<\/em>, indagou ela, com um emoji de pensamento cheio e um outro de carinha de triste.<\/div>\n<div><\/div>\n<\/div>\n<\/div>\n<\/div>\n<\/div>\n<p data-t=\"{&quot;n&quot;:&quot;blueLinks&quot;,&quot;t&quot;:13,&quot;a&quot;:&quot;click&quot;,&quot;b&quot;:76}\">Tudo come\u00e7ou quando Poli, como \u00e9 apelidada pela fam\u00edlia, notou a seguinte publica\u00e7\u00e3o sobre o marido famoso:\u00a0<em>\u201cO Leonardo depois de ter tomado sua bebida e subido no palco do S\u00e3o Jo\u00e3o de Campina Grande [risadas]. N\u00e3o aguento\u201d<\/em>, dizia a postagem de um perfil, compartilhado pela pr\u00f3pria amada do sertanejo.<\/p>\n<p class=\"\" data-t=\"{&quot;n&quot;:&quot;blueLinks&quot;,&quot;t&quot;:13,&quot;a&quot;:&quot;click&quot;,&quot;b&quot;:76}\"><strong>Confira:<\/strong><\/p>\n<div class=\"article-image-slot image-slot-placeholder\" data-doc-id=\"cms\/api\/amp\/image\/AA1GKUoi\">\n<div class=\"article-image-slot\">\n<div class=\"article-image-container polished\" data-t=\"{&quot;n&quot;:&quot;OpenModal&quot;,&quot;t&quot;:13,&quot;b&quot;:8,&quot;c.i&quot;:&quot;AA1GL8jP&quot;,&quot;c.l&quot;:false,&quot;c.t&quot;:13,&quot;c.v&quot;:&quot;entertainment&quot;,&quot;c.c&quot;:&quot;news&quot;,&quot;c.b&quot;:&quot;Areavip&quot;,&quot;c.bi&quot;:&quot;AA14PvUI&quot;,&quot;c.tv&quot;:&quot;entertainment&quot;,&quot;c.tc&quot;:&quot;celebrities&quot;,&quot;c.hl&quot;:&quot;Brava? Poliana Rocha d\u00e1 pux\u00e3o de orelha em Leonardo ap\u00f3s atitude em show: \u201cVou ter que ir\u201d&quot;}\" data-test-id=\"AA1GKUoi\">\n<div><\/div>\n<p><button class=\"article-image-height-wrapper expandable article-image-height-wrapper-new\" data-customhandled=\"true\" data-t=\"{&quot;n&quot;:&quot;OpenModalButton&quot;,&quot;a&quot;:&quot;click&quot;,&quot;b&quot;:1,&quot;c.i&quot;:&quot;AA1GL8jP&quot;,&quot;c.l&quot;:false,&quot;c.t&quot;:13,&quot;c.v&quot;:&quot;entertainment&quot;,&quot;c.c&quot;:&quot;news&quot;,&quot;c.b&quot;:&quot;Areavip&quot;,&quot;c.bi&quot;:&quot;AA14PvUI&quot;,&quot;c.tv&quot;:&quot;entertainment&quot;,&quot;c.tc&quot;:&quot;celebrities&quot;,&quot;c.hl&quot;:&quot;Brava? Poliana Rocha d\u00e1 pux\u00e3o de orelha em Leonardo ap\u00f3s atitude em show: \u201cVou ter que ir\u201d&quot;}\"><img decoding=\"async\" class=\"article-image article-image-ux-impr article-image-new expandable\" title=\"Post de Poliana Rocha (Reprodu\u00e7\u00e3o: Instagram)\" src=\"https:\/\/img-s-msn-com.akamaized.net\/tenant\/amp\/entityid\/AA1GKUoi.img?w=277&amp;h=464&amp;m=6&amp;x=51&amp;y=205&amp;s=54&amp;d=54\" alt=\"Post de Poliana Rocha (Reprodu\u00e7\u00e3o: Instagram)\" \/><\/button><\/p>\n<div class=\"image-caption-container image-caption-container-ux-impr articlewc-image-caption-container\"><span class=\"image-caption\">Post de Poliana Rocha (Reprodu\u00e7\u00e3o: Instagram)<\/span><\/div>\n<\/div>\n<\/div>\n<\/div>\n<h1><strong>Saiba o motivo de Poliana Rocha n\u00e3o ser presente nos shows do Leonardo<\/strong><\/h1>\n<p data-t=\"{&quot;n&quot;:&quot;blueLinks&quot;,&quot;t&quot;:13,&quot;a&quot;:&quot;click&quot;,&quot;b&quot;:76}\">Em mar\u00e7o deste ano, Poliana Rocha teve quer vir a p\u00fablico explicar o motivo de n\u00e3o estar comparecendo os shows do pr\u00f3prio marido ap\u00f3s ser questionada por seus seguidores ao abrir uma caixinha de perguntas em seu pr\u00f3prio Instagram.<\/p>\n<p data-t=\"{&quot;n&quot;:&quot;blueLinks&quot;,&quot;t&quot;:13,&quot;a&quot;:&quot;click&quot;,&quot;b&quot;:76}\">De acordo com ela, seu distanciamento das apresenta\u00e7\u00f5es musicais do marido pelo Brasil a fora \u00e9 por conta de que n\u00e3o tem disponibilidade para ir sempre, j\u00e1 que tem as quest\u00f5es de sua pr\u00f3pria vida. Por\u00e9m a influenciadora prometeu que ir\u00e1 se programar para ir em alguns show.<\/p>\n<div class=\"intra-article-module\" data-t=\"{&quot;n&quot;:&quot;intraArticle&quot;,&quot;t&quot;:13}\">\n<div class=\"articlePageIntraArticleFullWidth ad-slot-placeholder left-image-intra-ad full-bleed-image-intra-ad\" data-ad-index=\"1\">\n<div class=\"intra-article-ad-full left-image-intra-ad full-bleed-image-intra-ad\">\n<div><\/div>\n<\/div>\n<\/div>\n<\/div>\n<p data-t=\"{&quot;n&quot;:&quot;blueLinks&quot;,&quot;t&quot;:13,&quot;a&quot;:&quot;click&quot;,&quot;b&quot;:76}\"><em>\u201cPor que voc\u00ea n\u00e3o acompanha o L\u00e9o [Leonardo] em shows\u201d<\/em>, questionou a pessoa, quando a artista abriu um caixinha de perguntas.\u00a0<em>\u201cVou me programar para ir em alguns, por\u00e9m n\u00e3o tenho disponibilidade de ir sempre, tenho minha vida\u201d<\/em>, respondeu Poliana Rocha,\u00a0<a href=\"https:\/\/www.areavip.com.br\/famosos\/poliana-rocha-toma-atitude-apos-ser-colocada-contra-a-parede-por-causa-do-leonardo\/\" target=\"_blank\" rel=\"noopener\" data-t=\"{&quot;n&quot;:&quot;destination&quot;,&quot;t&quot;:13,&quot;a&quot;:&quot;click&quot;,&quot;b&quot;:1,&quot;c.t&quot;:7}\">que depois desse questionamento frequentou shows do cantor e compartilhou<\/a>.<\/p>\n","protected":false},"excerpt":{"rendered":"<p>A influenciadora digital\u00a0Poliana Rocha\u00a0n\u00e3o gostou nada ao saber no \u00faltimo s\u00e1bado, 14 de junho, atrav\u00e9s das redes sociais, que o marido e cantor\u00a0Leonardo\u00a0teria realizado um show ap\u00f3s ter, supostamente, bebido um pouquinho. A apresenta\u00e7\u00e3o teria ocorrido na noite anterior, 13. A esposa do cantor, que j\u00e1 explicou publicamente o motivo de n\u00e3o acompanhar o marido &hellip;<\/p>\n","protected":false},"author":3,"featured_media":77606,"comment_status":"closed","ping_status":"open","sticky":false,"template":"","format":"standard","meta":{"_exactmetrics_skip_tracking":false,"_exactmetrics_sitenote_active":false,"_exactmetrics_sitenote_note":"","_exactmetrics_sitenote_category":0,"footnotes":""},"categories":[472,66],"tags":[],"_links":{"self":[{"href":"https:\/\/goiasemtempo.com.br\/home\/wp-json\/wp\/v2\/posts\/77605"}],"collection":[{"href":"https:\/\/goiasemtempo.com.br\/home\/wp-json\/wp\/v2\/posts"}],"about":[{"href":"https:\/\/goiasemtempo.com.br\/home\/wp-json\/wp\/v2\/types\/post"}],"author":[{"embeddable":true,"href":"https:\/\/goiasemtempo.com.br\/home\/wp-json\/wp\/v2\/users\/3"}],"replies":[{"embeddable":true,"href":"https:\/\/goiasemtempo.com.br\/home\/wp-json\/wp\/v2\/comments?post=77605"}],"version-history":[{"count":3,"href":"https:\/\/goiasemtempo.com.br\/home\/wp-json\/wp\/v2\/posts\/77605\/revisions"}],"predecessor-version":[{"id":77609,"href":"https:\/\/goiasemtempo.com.br\/home\/wp-json\/wp\/v2\/posts\/77605\/revisions\/77609"}],"wp:featuredmedia":[{"embeddable":true,"href":"https:\/\/goiasemtempo.com.br\/home\/wp-json\/wp\/v2\/media\/77606"}],"wp:attachment":[{"href":"https:\/\/goiasemtempo.com.br\/home\/wp-json\/wp\/v2\/media?parent=77605"}],"wp:term":[{"taxonomy":"category","embeddable":true,"href":"https:\/\/goiasemtempo.com.br\/home\/wp-json\/wp\/v2\/categories?post=77605"},{"taxonomy":"post_tag","embeddable":true,"href":"https:\/\/goiasemtempo.com.br\/home\/wp-json\/wp\/v2\/tags?post=77605"}],"curies":[{"name":"wp","href":"https:\/\/api.w.org\/{rel}","templated":true}]}}