{"id":77585,"date":"2025-06-16T14:49:45","date_gmt":"2025-06-16T14:49:45","guid":{"rendered":"https:\/\/goiasemtempo.com.br\/home\/?p=77585"},"modified":"2025-06-16T14:49:45","modified_gmt":"2025-06-16T14:49:45","slug":"sandro-mabel-continua-internado-e-alta-e-adiada-para-terca-feira-diz-equipe-medica","status":"publish","type":"post","link":"https:\/\/goiasemtempo.com.br\/home\/sandro-mabel-continua-internado-e-alta-e-adiada-para-terca-feira-diz-equipe-medica\/","title":{"rendered":"Sandro Mabel continua internado e alta \u00e9 adiada para ter\u00e7a-feira, diz equipe m\u00e9dica"},"content":{"rendered":"<p>O prefeito de Goi\u00e2nia, Sandro Mabel, permanece internado nesta segunda-feira (16), ap\u00f3s recomenda\u00e7\u00e3o da equipe m\u00e9dica por mais um dia de observa\u00e7\u00e3o. Segundo boletim divulgado pela assessoria da prefeitura, o quadro de sa\u00fade do prefeito evolui bem, mas a alta hospitalar, inicialmente prevista para hoje, foi adiada para ter\u00e7a-feira (17).<\/p>\n<p>Mabel foi internado na sexta-feira(13) com diagn\u00f3stico de gastroenterite e dengue.\u00a0 Mesmo com a libera\u00e7\u00e3o hospitalar, Sandro Mabel continuar\u00e1 o tratamento em casa, com acompanhamento m\u00e9dico, medica\u00e7\u00e3o e hidrata\u00e7\u00e3o.<\/p>\n<p>No domingo (15), o prefeito postou um v\u00eddeo em sua rede social, em que aparece no leito de interna\u00e7\u00e3o, no hospital, e diz que a cidade est\u00e1 mais tranquila com ele internado. \u201cQue nem um amigo meu disse, a cidade est\u00e1 mais tranquila, eu internado, n\u00e3o estou na rua. Daqui uns dois, tr\u00eas dias eu volto. Tive uma salmonela meio forte aqui, que est\u00e1 judiando de mim, mas j\u00e1 j\u00e1 vai dar certo, se Deus quiser\u201d, disse Mabel aos seguidores.<\/p>\n<p>Com Ag\u00eancia de Not\u00edcias- Acr\u00e9scimo de Informa\u00e7\u00f5es-Goi\u00e1s EmTempo-<\/p>\n<p>&nbsp;<\/p>\n","protected":false},"excerpt":{"rendered":"<p>O prefeito de Goi\u00e2nia, Sandro Mabel, permanece internado nesta segunda-feira (16), ap\u00f3s recomenda\u00e7\u00e3o da equipe m\u00e9dica por mais um dia de observa\u00e7\u00e3o. Segundo boletim divulgado pela assessoria da prefeitura, o quadro de sa\u00fade do prefeito evolui bem, mas a alta hospitalar, inicialmente prevista para hoje, foi adiada para ter\u00e7a-feira (17). Mabel foi internado na sexta-feira(13) &hellip;<\/p>\n","protected":false},"author":3,"featured_media":77586,"comment_status":"closed","ping_status":"open","sticky":false,"template":"","format":"standard","meta":{"_exactmetrics_skip_tracking":false,"_exactmetrics_sitenote_active":false,"_exactmetrics_sitenote_note":"","_exactmetrics_sitenote_category":0,"footnotes":""},"categories":[500,19,4],"tags":[],"_links":{"self":[{"href":"https:\/\/goiasemtempo.com.br\/home\/wp-json\/wp\/v2\/posts\/77585"}],"collection":[{"href":"https:\/\/goiasemtempo.com.br\/home\/wp-json\/wp\/v2\/posts"}],"about":[{"href":"https:\/\/goiasemtempo.com.br\/home\/wp-json\/wp\/v2\/types\/post"}],"author":[{"embeddable":true,"href":"https:\/\/goiasemtempo.com.br\/home\/wp-json\/wp\/v2\/users\/3"}],"replies":[{"embeddable":true,"href":"https:\/\/goiasemtempo.com.br\/home\/wp-json\/wp\/v2\/comments?post=77585"}],"version-history":[{"count":1,"href":"https:\/\/goiasemtempo.com.br\/home\/wp-json\/wp\/v2\/posts\/77585\/revisions"}],"predecessor-version":[{"id":77587,"href":"https:\/\/goiasemtempo.com.br\/home\/wp-json\/wp\/v2\/posts\/77585\/revisions\/77587"}],"wp:featuredmedia":[{"embeddable":true,"href":"https:\/\/goiasemtempo.com.br\/home\/wp-json\/wp\/v2\/media\/77586"}],"wp:attachment":[{"href":"https:\/\/goiasemtempo.com.br\/home\/wp-json\/wp\/v2\/media?parent=77585"}],"wp:term":[{"taxonomy":"category","embeddable":true,"href":"https:\/\/goiasemtempo.com.br\/home\/wp-json\/wp\/v2\/categories?post=77585"},{"taxonomy":"post_tag","embeddable":true,"href":"https:\/\/goiasemtempo.com.br\/home\/wp-json\/wp\/v2\/tags?post=77585"}],"curies":[{"name":"wp","href":"https:\/\/api.w.org\/{rel}","templated":true}]}}