{"id":77582,"date":"2025-06-16T14:42:42","date_gmt":"2025-06-16T14:42:42","guid":{"rendered":"https:\/\/goiasemtempo.com.br\/home\/?p=77582"},"modified":"2025-06-16T14:42:42","modified_gmt":"2025-06-16T14:42:42","slug":"prefeitura-de-anapolis-vai-lancar-programa-de-adocao-de-espaco-publica-nesta-semana","status":"publish","type":"post","link":"https:\/\/goiasemtempo.com.br\/home\/prefeitura-de-anapolis-vai-lancar-programa-de-adocao-de-espaco-publica-nesta-semana\/","title":{"rendered":"Prefeitura de An\u00e1polis vai lan\u00e7ar programa de \u201cado\u00e7\u00e3o\u201d de espa\u00e7o p\u00fablica nesta semana"},"content":{"rendered":"<p>O lan\u00e7amento do programa \u201cAdote um Espa\u00e7o P\u00fablico\u201d ser\u00e1 na pr\u00f3xima ter\u00e7a-feira (17), \u00e0s 19h, no audit\u00f3rio Adhemar Santillo, no Centro Administrativo. A iniciativa, segundo a Prefeitura, permitir\u00e1 que pessoas ou empresas contribuam com a melhoria da qualidade urbana, realizando a manuten\u00e7\u00e3o de locais p\u00fablicos.<\/p>\n<p>Poder\u00e3o se inscrever no programa empresas privadas ou pessoas f\u00edsicas maiores de 18 anos. Todos os participantes poder\u00e3o receber diversos benef\u00edcios, como descontos em impostos, que podem chegar a 100% do valor anual de tributos como o Imposto Predial e Territorial Urbano (IPTU) e o Imposto Sobre Servi\u00e7os de Qualquer Natureza (ISS), al\u00e9m da possibilidade de realizar publicidade e gerar renda com o uso do espa\u00e7o p\u00fablico.<\/p>\n<p>Os interessados em participar dever\u00e3o preencher um formul\u00e1rio de inscri\u00e7\u00e3o, que estar\u00e1 dispon\u00edvel no site da Prefeitura ap\u00f3s o lan\u00e7amento do programa. Os inscritos dever\u00e3o escolher um local e apresentar uma proposta com as poss\u00edveis melhorias, de forma detalhada.<\/p>\n<p>Dentre as a\u00e7\u00f5es de cuidado, dever\u00e3o estar inclu\u00eddas medidas de preserva\u00e7\u00e3o e aprimoramento, como manuten\u00e7\u00e3o, limpeza e conserva\u00e7\u00e3o. Todas as propostas ser\u00e3o avaliadas por uma equipe t\u00e9cnica. Caso sejam aprovadas, o prazo de ado\u00e7\u00e3o ser\u00e1 de um a cinco anos, podendo ser renovado ap\u00f3s avalia\u00e7\u00e3o do Poder P\u00fablico.<\/p>\n<p>O programa \u201cAdote um Espa\u00e7o P\u00fablico\u201d \u00e9 uma iniciativa da Prefeitura de An\u00e1polis, por meio da Secretaria Municipal de Obras, Habita\u00e7\u00e3o, Planejamento Urbano e Meio Ambiente. O objetivo \u00e9 garantir a fun\u00e7\u00e3o social dos espa\u00e7os p\u00fablicos adotados, al\u00e9m de contribuir para a redu\u00e7\u00e3o dos custos de manuten\u00e7\u00e3o.<\/p>\n","protected":false},"excerpt":{"rendered":"<p>O lan\u00e7amento do programa \u201cAdote um Espa\u00e7o P\u00fablico\u201d ser\u00e1 na pr\u00f3xima ter\u00e7a-feira (17), \u00e0s 19h, no audit\u00f3rio Adhemar Santillo, no Centro Administrativo. A iniciativa, segundo a Prefeitura, permitir\u00e1 que pessoas ou empresas contribuam com a melhoria da qualidade urbana, realizando a manuten\u00e7\u00e3o de locais p\u00fablicos. Poder\u00e3o se inscrever no programa empresas privadas ou pessoas f\u00edsicas &hellip;<\/p>\n","protected":false},"author":3,"featured_media":77583,"comment_status":"closed","ping_status":"open","sticky":false,"template":"","format":"standard","meta":{"_exactmetrics_skip_tracking":false,"_exactmetrics_sitenote_active":false,"_exactmetrics_sitenote_note":"","_exactmetrics_sitenote_category":0,"footnotes":""},"categories":[18,480,19],"tags":[],"_links":{"self":[{"href":"https:\/\/goiasemtempo.com.br\/home\/wp-json\/wp\/v2\/posts\/77582"}],"collection":[{"href":"https:\/\/goiasemtempo.com.br\/home\/wp-json\/wp\/v2\/posts"}],"about":[{"href":"https:\/\/goiasemtempo.com.br\/home\/wp-json\/wp\/v2\/types\/post"}],"author":[{"embeddable":true,"href":"https:\/\/goiasemtempo.com.br\/home\/wp-json\/wp\/v2\/users\/3"}],"replies":[{"embeddable":true,"href":"https:\/\/goiasemtempo.com.br\/home\/wp-json\/wp\/v2\/comments?post=77582"}],"version-history":[{"count":1,"href":"https:\/\/goiasemtempo.com.br\/home\/wp-json\/wp\/v2\/posts\/77582\/revisions"}],"predecessor-version":[{"id":77584,"href":"https:\/\/goiasemtempo.com.br\/home\/wp-json\/wp\/v2\/posts\/77582\/revisions\/77584"}],"wp:featuredmedia":[{"embeddable":true,"href":"https:\/\/goiasemtempo.com.br\/home\/wp-json\/wp\/v2\/media\/77583"}],"wp:attachment":[{"href":"https:\/\/goiasemtempo.com.br\/home\/wp-json\/wp\/v2\/media?parent=77582"}],"wp:term":[{"taxonomy":"category","embeddable":true,"href":"https:\/\/goiasemtempo.com.br\/home\/wp-json\/wp\/v2\/categories?post=77582"},{"taxonomy":"post_tag","embeddable":true,"href":"https:\/\/goiasemtempo.com.br\/home\/wp-json\/wp\/v2\/tags?post=77582"}],"curies":[{"name":"wp","href":"https:\/\/api.w.org\/{rel}","templated":true}]}}