{"id":77497,"date":"2025-06-11T18:39:31","date_gmt":"2025-06-11T18:39:31","guid":{"rendered":"https:\/\/goiasemtempo.com.br\/home\/?p=77497"},"modified":"2025-06-11T18:40:19","modified_gmt":"2025-06-11T18:40:19","slug":"projeto-estrelas-do-araguaia-destaca-bandas-goianas-em-edicao-de-julho-com-foco-cultural-e-social","status":"publish","type":"post","link":"https:\/\/goiasemtempo.com.br\/home\/projeto-estrelas-do-araguaia-destaca-bandas-goianas-em-edicao-de-julho-com-foco-cultural-e-social\/","title":{"rendered":"Projeto Estrelas do Araguaia destaca bandas goianas em edi\u00e7\u00e3o de julho com foco cultural e social"},"content":{"rendered":"<p>Ap\u00f3s abrir sua programa\u00e7\u00e3o em abril com o show da banda Mr. Gyn, em Aruan\u00e3, o Projeto Estrelas do Araguaia retoma suas atividades em julho com uma nova etapa de apresenta\u00e7\u00f5es culturais e a\u00e7\u00f5es sociais em cidades e acampamentos do Vale do Araguaia. A edi\u00e7\u00e3o 2025 marca a estreia de duas bandas goianas que v\u00eam se destacando no cen\u00e1rio musical nacional: Vers\u00e1rio e Clube Retr\u00f4.<\/p>\n<p>Com quase duas d\u00e9cadas de estrada, o Estrelas do Araguaia mant\u00e9m seu compromisso com a valoriza\u00e7\u00e3o da cultura local, a educa\u00e7\u00e3o ambiental e a inclus\u00e3o social. Os eventos s\u00e3o gratuitos e realizados em parceria com o Governo de Goi\u00e1s, por meio da Secretaria de Estado da Cultura (Secult\/GO) e da Lei Goyazes, al\u00e9m de empresas parceiras como Piracanjuba, Corona e Unimed.<\/p>\n<p><strong>Estreias musicais e shows para todas as gera\u00e7\u00f5es<\/strong><\/p>\n<p>A banda Vers\u00e1rio, que j\u00e1 participou de turn\u00eas internacionais na Inglaterra, EUA e Argentina, \u00e9 conhecida por seu repert\u00f3rio animado de pop rock nacional e internacional. Com shows vibrantes e forte intera\u00e7\u00e3o com o p\u00fablico, o trio de Goi\u00e2nia promete agitar o Acampamento T\u00e1 Danado, em Aruan\u00e3, no dia 13 de julho.<\/p>\n<p>J\u00e1 o Clube Retr\u00f4 faz sua aguardada estreia no Estrelas do Araguaia com seu projeto \u201cBaile Pop\u201d, uma viagem musical pelos grandes sucessos dos anos 50 aos anos 2000. A apresenta\u00e7\u00e3o ser\u00e1 no dia 16 de julho, na Pra\u00e7a da Matriz de Baliza, com promessa de nostalgia e muita anima\u00e7\u00e3o para todas as idades.<\/p>\n<p>Al\u00e9m das estreias, a programa\u00e7\u00e3o conta ainda com apresenta\u00e7\u00f5es de nomes consagrados como Grace Carvalho, Maria Eug\u00eania, Cl\u00e1udia Vieira, Marcelo Barra, Zabumba Beach, Groove Quintal e Atra\u00e7\u00e3o Gyn, passando por Aruan\u00e3, Baliza, Nova Crix\u00e1s, Brit\u00e2nia (Itacaiu) e Cidade de Goi\u00e1s. A apresenta\u00e7\u00e3o de Marcelo Barra e banda ser\u00e1 no dia 25 de julho, durante as comemora\u00e7\u00f5es da mudan\u00e7a da capital para a Cidade de Goi\u00e1s.<\/p>\n<p><strong>A\u00e7\u00f5es sociais e ambientais<\/strong><\/p>\n<p>O projeto tamb\u00e9m refor\u00e7a seu vi\u00e9s social com atividades educativas e de inclus\u00e3o. Entre as a\u00e7\u00f5es est\u00e3o oficinas de percuss\u00e3o sustent\u00e1vel com o m\u00fasico S\u00e9rgio Pato, voltadas para crian\u00e7as e adolescentes da rede p\u00fablica, e a distribui\u00e7\u00e3o de kits de dignidade menstrual para mulheres ribeirinhas em situa\u00e7\u00e3o de vulnerabilidade.<\/p>\n<p>A preserva\u00e7\u00e3o ambiental \u00e9 outro eixo importante. Est\u00e3o previstas palestras e atividades sobre o cuidado com o Rio Araguaia, promovendo conscientiza\u00e7\u00e3o entre moradores e turistas.<\/p>\n<p><strong>Um legado que valoriza o Araguaia<\/strong><\/p>\n<p>\u201cS\u00e3o 22 anos de hist\u00f3ria bonita, de muita atra\u00e7\u00e3o cultural gratuita, a\u00e7\u00f5es ambientais, esportivas e sociais. \u00c9 um legado que orgulha Goi\u00e1s\u201d, destaca o idealizador e anfitri\u00e3o do projeto, Sergei Cruvinel.<\/p>\n<p>Todos os eventos s\u00e3o abertos ao p\u00fablico e gratuitos. A programa\u00e7\u00e3o completa pode ser conferida nas redes sociais oficiais do projeto.<\/p>\n<p><strong>Servi\u00e7o<\/strong><br \/>\nProjeto Estrelas do Araguaia \u2013 Julho 2025<br \/>\nIn\u00edcio da etapa de julho: 03\/07<br \/>\nEncerramento: 30\/08 na Cidade de Goi\u00e1s<br \/>\nInstagram: @estrelasdoaraguaia<br \/>\nSite: estrelasdoaraguaia.com.br<br \/>\nInforma\u00e7\u00f5es: (62) 99614-2711 \/ projeto@estrelasdoaraguaia.com.br<\/p>\n<p><strong>Assessoria de Imprensa<\/strong><br \/>\n<strong>Palavra Comunica\u00e7\u00e3o<\/strong><\/p>\n<p><img decoding=\"async\" src=\"https:\/\/goiasemtempo.com.br\/home\/wp-content\/uploads\/2025\/06\/bandas-goianas.jpg\" \/><\/p>\n<p>&nbsp;<\/p>\n","protected":false},"excerpt":{"rendered":"<p>Ap\u00f3s abrir sua programa\u00e7\u00e3o em abril com o show da banda Mr. Gyn, em Aruan\u00e3, o Projeto Estrelas do Araguaia retoma suas atividades em julho com uma nova etapa de apresenta\u00e7\u00f5es culturais e a\u00e7\u00f5es sociais em cidades e acampamentos do Vale do Araguaia. A edi\u00e7\u00e3o 2025 marca a estreia de duas bandas goianas que v\u00eam &hellip;<\/p>\n","protected":false},"author":3,"featured_media":77498,"comment_status":"closed","ping_status":"open","sticky":false,"template":"","format":"standard","meta":{"_exactmetrics_skip_tracking":false,"_exactmetrics_sitenote_active":false,"_exactmetrics_sitenote_note":"","_exactmetrics_sitenote_category":0,"footnotes":""},"categories":[32,50,66],"tags":[],"_links":{"self":[{"href":"https:\/\/goiasemtempo.com.br\/home\/wp-json\/wp\/v2\/posts\/77497"}],"collection":[{"href":"https:\/\/goiasemtempo.com.br\/home\/wp-json\/wp\/v2\/posts"}],"about":[{"href":"https:\/\/goiasemtempo.com.br\/home\/wp-json\/wp\/v2\/types\/post"}],"author":[{"embeddable":true,"href":"https:\/\/goiasemtempo.com.br\/home\/wp-json\/wp\/v2\/users\/3"}],"replies":[{"embeddable":true,"href":"https:\/\/goiasemtempo.com.br\/home\/wp-json\/wp\/v2\/comments?post=77497"}],"version-history":[{"count":2,"href":"https:\/\/goiasemtempo.com.br\/home\/wp-json\/wp\/v2\/posts\/77497\/revisions"}],"predecessor-version":[{"id":77500,"href":"https:\/\/goiasemtempo.com.br\/home\/wp-json\/wp\/v2\/posts\/77497\/revisions\/77500"}],"wp:featuredmedia":[{"embeddable":true,"href":"https:\/\/goiasemtempo.com.br\/home\/wp-json\/wp\/v2\/media\/77498"}],"wp:attachment":[{"href":"https:\/\/goiasemtempo.com.br\/home\/wp-json\/wp\/v2\/media?parent=77497"}],"wp:term":[{"taxonomy":"category","embeddable":true,"href":"https:\/\/goiasemtempo.com.br\/home\/wp-json\/wp\/v2\/categories?post=77497"},{"taxonomy":"post_tag","embeddable":true,"href":"https:\/\/goiasemtempo.com.br\/home\/wp-json\/wp\/v2\/tags?post=77497"}],"curies":[{"name":"wp","href":"https:\/\/api.w.org\/{rel}","templated":true}]}}