{"id":77486,"date":"2025-06-11T13:13:10","date_gmt":"2025-06-11T13:13:10","guid":{"rendered":"https:\/\/goiasemtempo.com.br\/home\/?p=77486"},"modified":"2025-06-11T13:13:10","modified_gmt":"2025-06-11T13:13:10","slug":"led-chega-a-bairros-da-regiao-sudoeste-em-goiania","status":"publish","type":"post","link":"https:\/\/goiasemtempo.com.br\/home\/led-chega-a-bairros-da-regiao-sudoeste-em-goiania\/","title":{"rendered":"LED chega a bairros da regi\u00e3o Sudoeste, em Goi\u00e2nia"},"content":{"rendered":"<p>O prefeito Sandro Mabel lan\u00e7ou, nesta ter\u00e7a-feira (10), no Jardim Europa, mais uma etapa do Programa Brilha Goi\u00e2nia. A a\u00e7\u00e3o abrange 142 bairros da regi\u00e3o Sudoeste, onde mais de 37 mil l\u00e2mpadas convencionais s\u00e3o substitu\u00eddas por lumin\u00e1rias de LED.<\/p>\n<p>De acordo com a Prefeitura, o projeto beneficia diretamente cerca de 260 mil moradores. Em seguida, a inciativa abranger\u00e1 as regi\u00f5es Oeste, Centro-Campinas e Sul. As regi\u00f5es Centro, Noroeste, Norte e Leste j\u00e1 foram contempladas.<\/p>\n<p>Durante o evento, o prefeito destacou a import\u00e2ncia da iniciativa para a regi\u00e3o. \u201cEssas l\u00e2mpadas amarelas v\u00e3o desaparecer para dar lugar \u00e0 ilumina\u00e7\u00e3o de LED, mais bonita, clara e eficiente, o que traz mais seguran\u00e7a para todos. A regi\u00e3o Sudoeste era esquecida. Agora, com Sandro Mabel, ser\u00e1 lembrada. Vamos realizar muitas melhorias por aqui\u201d, afirmou.<\/p>\n<p>Os trabalhos come\u00e7aram pelo Setor Novo Horizonte, que celebra 52 anos de funda\u00e7\u00e3o neste m\u00eas. Somente na localidade, 1,8 mil lumin\u00e1rias ser\u00e3o modernizadas, impactando positivamente mais de 10 mil moradores. \u201cVamos comemorar o anivers\u00e1rio do bairro com a troca completa da ilumina\u00e7\u00e3o\u201d, pontuou Mabel.<\/p>\n<p>A regi\u00e3o Sudoeste \u00e9 a quarta \u00e1rea da capital a ser contemplada com os servi\u00e7os do cons\u00f3rcio respons\u00e1vel pelo programa, que prev\u00ea a moderniza\u00e7\u00e3o de 37,7 mil pontos de luz at\u00e9 o final de julho. As equipes de trabalho seguem em ritmo acelerado: em mar\u00e7o, eram 14 frentes atuando na cidade; em abril, passaram para 20; atualmente, s\u00e3o mais de 30.<\/p>\n<p><strong>Brilha Goi\u00e2nia<\/strong><\/p>\n<p>Lan\u00e7ado em mar\u00e7o deste ano, o Programa Brilha Goi\u00e2nia \u00e9 viabilizado por meio de uma Parceria P\u00fablico-Privada (PPP), com investimento inicial de R$ 200 milh\u00f5es no primeiro ano e aporte total de R$ 1,4 bilh\u00e3o ao longo de 25 anos. A meta \u00e9 modernizar 100 mil pontos de ilumina\u00e7\u00e3o at\u00e9 setembro, al\u00e9m de implantar 300 novos em locais estrat\u00e9gicos da cidade.<\/p>\n<p>Com cerca de 180 mil lumin\u00e1rias no total, Goi\u00e2nia j\u00e1 registra 50 mil pontos modernizados com a nova tecnologia LED, que tem vida \u00fatil m\u00e9dia de 10 anos e oferece luminosidade at\u00e9 tr\u00eas vezes maior que as l\u00e2mpadas convencionais. A substitui\u00e7\u00e3o tamb\u00e9m representa economia significativa: a previs\u00e3o \u00e9 de redu\u00e7\u00e3o de at\u00e9 65% no consumo de energia, o que deve gerar mais de R$ 40 milh\u00f5es de economia anual para os cofres p\u00fablicos.<\/p>\n<p><strong>Tecnologia e seguran\u00e7a<\/strong><\/p>\n<p>Al\u00e9m da moderniza\u00e7\u00e3o da ilumina\u00e7\u00e3o, o Brilha Goi\u00e2nia prev\u00ea uma s\u00e9rie de melhorias estruturais. Ser\u00e3o instaladas 1,8 mil c\u00e2meras de videomonitoramento em pontos estrat\u00e9gicos, ampliada a rede de fibra \u00f3ptica em mais de 800 quil\u00f4metros e implantado Wi-Fi gratuito em 76 pra\u00e7as e parques da capital.<\/p>\n<p>A proposta tamb\u00e9m inclui a constru\u00e7\u00e3o de tr\u00eas usinas fotovoltaicas, fortalecendo o compromisso da gest\u00e3o municipal com a sustentabilidade, a efici\u00eancia energ\u00e9tica e o uso de tecnologias inteligentes para melhorar os servi\u00e7os p\u00fablicos.<\/p>\n<p>Com Ag\u00eancia de Not\u00edcias\/\/ Acr\u00e9scimo de Informa\u00e7\u00f5es-Goi\u00e1s Em Tempo<\/p>\n","protected":false},"excerpt":{"rendered":"<p>O prefeito Sandro Mabel lan\u00e7ou, nesta ter\u00e7a-feira (10), no Jardim Europa, mais uma etapa do Programa Brilha Goi\u00e2nia. A a\u00e7\u00e3o abrange 142 bairros da regi\u00e3o Sudoeste, onde mais de 37 mil l\u00e2mpadas convencionais s\u00e3o substitu\u00eddas por lumin\u00e1rias de LED. De acordo com a Prefeitura, o projeto beneficia diretamente cerca de 260 mil moradores. Em seguida, &hellip;<\/p>\n","protected":false},"author":3,"featured_media":77487,"comment_status":"closed","ping_status":"open","sticky":false,"template":"","format":"standard","meta":{"_exactmetrics_skip_tracking":false,"_exactmetrics_sitenote_active":false,"_exactmetrics_sitenote_note":"","_exactmetrics_sitenote_category":0,"footnotes":""},"categories":[500,480],"tags":[],"_links":{"self":[{"href":"https:\/\/goiasemtempo.com.br\/home\/wp-json\/wp\/v2\/posts\/77486"}],"collection":[{"href":"https:\/\/goiasemtempo.com.br\/home\/wp-json\/wp\/v2\/posts"}],"about":[{"href":"https:\/\/goiasemtempo.com.br\/home\/wp-json\/wp\/v2\/types\/post"}],"author":[{"embeddable":true,"href":"https:\/\/goiasemtempo.com.br\/home\/wp-json\/wp\/v2\/users\/3"}],"replies":[{"embeddable":true,"href":"https:\/\/goiasemtempo.com.br\/home\/wp-json\/wp\/v2\/comments?post=77486"}],"version-history":[{"count":1,"href":"https:\/\/goiasemtempo.com.br\/home\/wp-json\/wp\/v2\/posts\/77486\/revisions"}],"predecessor-version":[{"id":77488,"href":"https:\/\/goiasemtempo.com.br\/home\/wp-json\/wp\/v2\/posts\/77486\/revisions\/77488"}],"wp:featuredmedia":[{"embeddable":true,"href":"https:\/\/goiasemtempo.com.br\/home\/wp-json\/wp\/v2\/media\/77487"}],"wp:attachment":[{"href":"https:\/\/goiasemtempo.com.br\/home\/wp-json\/wp\/v2\/media?parent=77486"}],"wp:term":[{"taxonomy":"category","embeddable":true,"href":"https:\/\/goiasemtempo.com.br\/home\/wp-json\/wp\/v2\/categories?post=77486"},{"taxonomy":"post_tag","embeddable":true,"href":"https:\/\/goiasemtempo.com.br\/home\/wp-json\/wp\/v2\/tags?post=77486"}],"curies":[{"name":"wp","href":"https:\/\/api.w.org\/{rel}","templated":true}]}}