{"id":77480,"date":"2025-06-11T13:04:42","date_gmt":"2025-06-11T13:04:42","guid":{"rendered":"https:\/\/goiasemtempo.com.br\/home\/?p=77480"},"modified":"2025-06-11T13:04:42","modified_gmt":"2025-06-11T13:04:42","slug":"anapolis-tera-bancas-examinadoras-para-cnh-de-pcds","status":"publish","type":"post","link":"https:\/\/goiasemtempo.com.br\/home\/anapolis-tera-bancas-examinadoras-para-cnh-de-pcds\/","title":{"rendered":"An\u00e1polis ter\u00e1 bancas examinadoras para CNH de PCDs"},"content":{"rendered":"<p>O Detran trar\u00e1 a An\u00e1polis bancas examinadoras para obten\u00e7\u00e3o da Carteira Nacional de Habilita\u00e7\u00e3o (CNH) para pessoas com defici\u00eancia (PCD). A primeira delas j\u00e1 est\u00e1 marcada para a pr\u00f3xima quarta-feira (18). Elas ocorrer\u00e3o sempre no Bairro Maracan\u00e3, na regi\u00e3o do Parque da Matinha.<\/p>\n<p>Antes, as bancas espec\u00edficas para PCDs s\u00f3 ocorriam em Goi\u00e2nia. Em An\u00e1polis, inclusive, apenas uma auto escola tem carros adaptados e faz o traslado com os candidatos semanalmente para as provas na capital.<\/p>\n<p>A Comiss\u00e3o de Defesa dos Direitos Humanos, Cidadania e da Pessoa com Defici\u00eancia da C\u00e2mara Municipal foi ao Detran e solicitou que a cidade seja sede das bancas. Elas ocorrer\u00e3o a cada 15 dias, sempre \u00e0s ter\u00e7as-feiras (\u00e0 exce\u00e7\u00e3o da primeira), na regi\u00e3o da Matinha.<\/p>\n<p>A primeira, no dia 18, ter\u00e1 12 candidatos, todos do Centro de Forma\u00e7\u00e3o de Condutores (CFC) Reis. At\u00e9 l\u00e1, a Prefeitura precisar\u00e1 reformar um banheiro no parque, exig\u00eancia do Detran para a vinda da banca.<\/p>\n<p>\u201cEu j\u00e1 tive que me deslocar a Goi\u00e2nia para tirar a carteira para PCD. Temos um grande ganho\u201d, afirmou o vereador Fred Godoy (Agir), que preside a Comiss\u00e3o de Defesa dos Direitos Humanos, Cidadania e da Pessoa com Defici\u00eancia.<\/p>\n<p>Idealizador do projeto, Alex Martins (PP) tamb\u00e9m comemorou. \u201cN\u00e3o precisa mais daquele desgaste de se deslocar para outro munic\u00edpio\u201d. O pepista ainda explicou a escolha pela regi\u00e3o do Bairro Maracan\u00e3. \u201c\u00c9 calmo. Tem ruas largas, sinaliza\u00e7\u00e3o adequada e que atende as normas do C\u00f3digo de Tr\u00e2nsito Brasileiro. Tem um balizamento tranquilo e n\u00e3o vai incomodar a vizinhan\u00e7a\u201d.<\/p>\n<p>Empres\u00e1ria e propriet\u00e1ria do CFC Reis, Marlene Alves lembra de todo o desgaste que se tem no itiner\u00e1rio An\u00e1polis-Goi\u00e2nia para as pessoas com defici\u00eancia que querem obter carteira. Segundo ela, s\u00e3o de quatro a cinco por semana. \u201cSa\u00edmos de manh\u00e3 e voltamos apenas no fim da tarde\u201d, ressaltou. Ela apontou ainda que, depois da primeira etapa, a ideia \u00e9 ter bancas semanais na cidade.<\/p>\n","protected":false},"excerpt":{"rendered":"<p>O Detran trar\u00e1 a An\u00e1polis bancas examinadoras para obten\u00e7\u00e3o da Carteira Nacional de Habilita\u00e7\u00e3o (CNH) para pessoas com defici\u00eancia (PCD). A primeira delas j\u00e1 est\u00e1 marcada para a pr\u00f3xima quarta-feira (18). Elas ocorrer\u00e3o sempre no Bairro Maracan\u00e3, na regi\u00e3o do Parque da Matinha. Antes, as bancas espec\u00edficas para PCDs s\u00f3 ocorriam em Goi\u00e2nia. Em An\u00e1polis, &hellip;<\/p>\n","protected":false},"author":3,"featured_media":77481,"comment_status":"closed","ping_status":"open","sticky":false,"template":"","format":"standard","meta":{"_exactmetrics_skip_tracking":false,"_exactmetrics_sitenote_active":false,"_exactmetrics_sitenote_note":"","_exactmetrics_sitenote_category":0,"footnotes":""},"categories":[346],"tags":[],"_links":{"self":[{"href":"https:\/\/goiasemtempo.com.br\/home\/wp-json\/wp\/v2\/posts\/77480"}],"collection":[{"href":"https:\/\/goiasemtempo.com.br\/home\/wp-json\/wp\/v2\/posts"}],"about":[{"href":"https:\/\/goiasemtempo.com.br\/home\/wp-json\/wp\/v2\/types\/post"}],"author":[{"embeddable":true,"href":"https:\/\/goiasemtempo.com.br\/home\/wp-json\/wp\/v2\/users\/3"}],"replies":[{"embeddable":true,"href":"https:\/\/goiasemtempo.com.br\/home\/wp-json\/wp\/v2\/comments?post=77480"}],"version-history":[{"count":1,"href":"https:\/\/goiasemtempo.com.br\/home\/wp-json\/wp\/v2\/posts\/77480\/revisions"}],"predecessor-version":[{"id":77482,"href":"https:\/\/goiasemtempo.com.br\/home\/wp-json\/wp\/v2\/posts\/77480\/revisions\/77482"}],"wp:featuredmedia":[{"embeddable":true,"href":"https:\/\/goiasemtempo.com.br\/home\/wp-json\/wp\/v2\/media\/77481"}],"wp:attachment":[{"href":"https:\/\/goiasemtempo.com.br\/home\/wp-json\/wp\/v2\/media?parent=77480"}],"wp:term":[{"taxonomy":"category","embeddable":true,"href":"https:\/\/goiasemtempo.com.br\/home\/wp-json\/wp\/v2\/categories?post=77480"},{"taxonomy":"post_tag","embeddable":true,"href":"https:\/\/goiasemtempo.com.br\/home\/wp-json\/wp\/v2\/tags?post=77480"}],"curies":[{"name":"wp","href":"https:\/\/api.w.org\/{rel}","templated":true}]}}