{"id":77468,"date":"2025-06-10T19:36:04","date_gmt":"2025-06-10T19:36:04","guid":{"rendered":"https:\/\/goiasemtempo.com.br\/home\/?p=77468"},"modified":"2025-06-10T19:36:04","modified_gmt":"2025-06-10T19:36:04","slug":"justica-mantem-condenacao-de-gloria-pires-em-processo-trabalhista","status":"publish","type":"post","link":"https:\/\/goiasemtempo.com.br\/home\/justica-mantem-condenacao-de-gloria-pires-em-processo-trabalhista\/","title":{"rendered":"Justi\u00e7a mant\u00e9m condena\u00e7\u00e3o de Gl\u00f3ria Pires em processo trabalhista"},"content":{"rendered":"<p data-t=\"{&quot;n&quot;:&quot;blueLinks&quot;,&quot;t&quot;:13,&quot;a&quot;:&quot;click&quot;,&quot;b&quot;:76}\">Gloria Pires, afastada das novelas desde Terra e Paix\u00e3o (2023), teve sua condena\u00e7\u00e3o mantida pela Justi\u00e7a do Trabalho do Rio de Janeiro em um processo movido por sua ex-cozinheira, Denise de Oliveira. A atriz dever\u00e1 pagar uma indeniza\u00e7\u00e3o de R$ 559.877,36. A decis\u00e3o foi un\u00e2nime, segundo o jornalista Daniel Nascimento, do jornal O Dia.<\/p>\n<div class=\"intra-article-module\" data-t=\"{&quot;n&quot;:&quot;intraArticle&quot;,&quot;t&quot;:13}\">\n<div class=\"articlePageIntraArticleFullWidth ad-slot-placeholder left-image-intra-ad full-bleed-image-intra-ad\" data-ad-index=\"0\">\n<div class=\"intra-article-ad-full left-image-intra-ad full-bleed-image-intra-ad\">\n<div id=\"adnxs-d1f0cd2aa18b4fba93f5\" class=\"full-bleed-image-intra-ad\">O processo envolve acusa\u00e7\u00f5es de jornadas exaustivas, falta de intervalos regulares e um acidente dom\u00e9stico ocorrido durante o expediente. A cozinheira come\u00e7ou em 2014 e afirmou trabalhar de segunda a quinta-feira, das 9h \u00e0s 22h30, e \u00e0s sextas at\u00e9 as 17h, com sal\u00e1rio de R$ 5.780,00.<\/div>\n<div><\/div>\n<\/div>\n<\/div>\n<\/div>\n<p class=\"continue-read-break\" data-t=\"{&quot;n&quot;:&quot;blueLinks&quot;,&quot;t&quot;:13,&quot;a&quot;:&quot;click&quot;,&quot;b&quot;:76}\">Denise relatou ter sofrido um acidente em fevereiro de 2020, sendo afastada pelo INSS. Segundo ela, foi demitida por\u00a0<a href=\"https:\/\/www.famososecelebridades.com.br\/noticias\/em-meio-a-polemicas-video-de-caua-reymond-ironizando-gloria-pires-viraliza.phtml\" target=\"_blank\" rel=\"noopener\" data-t=\"{&quot;n&quot;:&quot;destination&quot;,&quot;t&quot;:13,&quot;a&quot;:&quot;click&quot;,&quot;b&quot;:1,&quot;c.t&quot;:7}\">Gl\u00f3ria Pires<\/a>\u00a0sem justa causa em dezembro do mesmo ano, mesmo ap\u00f3s o ocorrido. A condena\u00e7\u00e3o inclui pagamento de horas extras, adicional noturno e demais direitos trabalhistas.<\/p>\n<p data-t=\"{&quot;n&quot;:&quot;blueLinks&quot;,&quot;t&quot;:13,&quot;a&quot;:&quot;click&quot;,&quot;b&quot;:76}\">Com Ag\u00eancia de Not\u00edcias\/O Dia\/<\/p>\n","protected":false},"excerpt":{"rendered":"<p>Gloria Pires, afastada das novelas desde Terra e Paix\u00e3o (2023), teve sua condena\u00e7\u00e3o mantida pela Justi\u00e7a do Trabalho do Rio de Janeiro em um processo movido por sua ex-cozinheira, Denise de Oliveira. A atriz dever\u00e1 pagar uma indeniza\u00e7\u00e3o de R$ 559.877,36. A decis\u00e3o foi un\u00e2nime, segundo o jornalista Daniel Nascimento, do jornal O Dia. O &hellip;<\/p>\n","protected":false},"author":3,"featured_media":77470,"comment_status":"closed","ping_status":"open","sticky":false,"template":"","format":"standard","meta":{"_exactmetrics_skip_tracking":false,"_exactmetrics_sitenote_active":false,"_exactmetrics_sitenote_note":"","_exactmetrics_sitenote_category":0,"footnotes":""},"categories":[472],"tags":[],"_links":{"self":[{"href":"https:\/\/goiasemtempo.com.br\/home\/wp-json\/wp\/v2\/posts\/77468"}],"collection":[{"href":"https:\/\/goiasemtempo.com.br\/home\/wp-json\/wp\/v2\/posts"}],"about":[{"href":"https:\/\/goiasemtempo.com.br\/home\/wp-json\/wp\/v2\/types\/post"}],"author":[{"embeddable":true,"href":"https:\/\/goiasemtempo.com.br\/home\/wp-json\/wp\/v2\/users\/3"}],"replies":[{"embeddable":true,"href":"https:\/\/goiasemtempo.com.br\/home\/wp-json\/wp\/v2\/comments?post=77468"}],"version-history":[{"count":1,"href":"https:\/\/goiasemtempo.com.br\/home\/wp-json\/wp\/v2\/posts\/77468\/revisions"}],"predecessor-version":[{"id":77471,"href":"https:\/\/goiasemtempo.com.br\/home\/wp-json\/wp\/v2\/posts\/77468\/revisions\/77471"}],"wp:featuredmedia":[{"embeddable":true,"href":"https:\/\/goiasemtempo.com.br\/home\/wp-json\/wp\/v2\/media\/77470"}],"wp:attachment":[{"href":"https:\/\/goiasemtempo.com.br\/home\/wp-json\/wp\/v2\/media?parent=77468"}],"wp:term":[{"taxonomy":"category","embeddable":true,"href":"https:\/\/goiasemtempo.com.br\/home\/wp-json\/wp\/v2\/categories?post=77468"},{"taxonomy":"post_tag","embeddable":true,"href":"https:\/\/goiasemtempo.com.br\/home\/wp-json\/wp\/v2\/tags?post=77468"}],"curies":[{"name":"wp","href":"https:\/\/api.w.org\/{rel}","templated":true}]}}