{"id":77465,"date":"2025-06-10T19:18:02","date_gmt":"2025-06-10T19:18:02","guid":{"rendered":"https:\/\/goiasemtempo.com.br\/home\/?p=77465"},"modified":"2025-06-10T19:18:02","modified_gmt":"2025-06-10T19:18:02","slug":"anatel-impede-comercializacao-de-r-1-milhao-em-equipamentos-irregulares-em-anapolis","status":"publish","type":"post","link":"https:\/\/goiasemtempo.com.br\/home\/anatel-impede-comercializacao-de-r-1-milhao-em-equipamentos-irregulares-em-anapolis\/","title":{"rendered":"Anatel impede comercializa\u00e7\u00e3o de R$ 1 milh\u00e3o em equipamentos irregulares em An\u00e1polis"},"content":{"rendered":"<p>A Ag\u00eancia Nacional de Telecomunica\u00e7\u00f5es (Anatel) interrompeu a comercializa\u00e7\u00e3o de 604 km de cabos irregulares de fibra \u00f3ptica e 4,4 mil produtos para redes \u00f3pticas n\u00e3o homologados em An\u00e1polis (GO). Os itens, lacrados durante a opera\u00e7\u00e3o, est\u00e3o avaliados em R$ 1,1 milh\u00e3o. Em Londrina (PR), onde a mesma empresa mant\u00e9m outro dep\u00f3sito, fiscais da Anatel lacraram mais 1,1 mil produtos para redes \u00f3pticas sem homologa\u00e7\u00e3o, incluindo modens destinados ao consumidor final e equipamentos distribuidores de sinais. A a\u00e7\u00e3o de fiscaliza\u00e7\u00e3o ocorreu nos dias 28 e 29 de maio, e a maior parte dos produtos era de origem chinesa.<br \/>\nA opera\u00e7\u00e3o foi motivada por den\u00fancias sobre a comercializa\u00e7\u00e3o de produtos sem certifica\u00e7\u00e3o ou homologa\u00e7\u00e3o da Anatel. A certifica\u00e7\u00e3o e homologa\u00e7\u00e3o garantem ao consumidor a aquisi\u00e7\u00e3o de produtos que atendem a padr\u00f5es de qualidade, seguran\u00e7a e desempenho t\u00e9cnico, al\u00e9m de respeitarem normas ambientais.<br \/>\nO conselheiro Alexandre Freire, respons\u00e1vel pelas iniciativas de combate \u00e0 pirataria na Anatel, destacou que \u201ca intensifica\u00e7\u00e3o das a\u00e7\u00f5es do Plano de A\u00e7\u00e3o de Combate \u00e0 Pirataria evidencia o compromisso do \u00f3rg\u00e3o regulador com a seguran\u00e7a do consumidor e das redes de telecomunica\u00e7\u00f5es\u201d. Para a superintendente de Fiscaliza\u00e7\u00e3o da Anatel, Gesil\u00e9a Teles, a atua\u00e7\u00e3o dos fiscais foi fundamental, pois focou em componentes essenciais das redes de telecomunica\u00e7\u00f5es, como cabos de fibra \u00f3ptica, modens e distribuidores de sinais.<\/p>\n","protected":false},"excerpt":{"rendered":"<p>A Ag\u00eancia Nacional de Telecomunica\u00e7\u00f5es (Anatel) interrompeu a comercializa\u00e7\u00e3o de 604 km de cabos irregulares de fibra \u00f3ptica e 4,4 mil produtos para redes \u00f3pticas n\u00e3o homologados em An\u00e1polis (GO). Os itens, lacrados durante a opera\u00e7\u00e3o, est\u00e3o avaliados em R$ 1,1 milh\u00e3o. Em Londrina (PR), onde a mesma empresa mant\u00e9m outro dep\u00f3sito, fiscais da Anatel &hellip;<\/p>\n","protected":false},"author":3,"featured_media":77466,"comment_status":"closed","ping_status":"open","sticky":false,"template":"","format":"standard","meta":{"_exactmetrics_skip_tracking":false,"_exactmetrics_sitenote_active":false,"_exactmetrics_sitenote_note":"","_exactmetrics_sitenote_category":0,"footnotes":""},"categories":[18,508,19],"tags":[],"_links":{"self":[{"href":"https:\/\/goiasemtempo.com.br\/home\/wp-json\/wp\/v2\/posts\/77465"}],"collection":[{"href":"https:\/\/goiasemtempo.com.br\/home\/wp-json\/wp\/v2\/posts"}],"about":[{"href":"https:\/\/goiasemtempo.com.br\/home\/wp-json\/wp\/v2\/types\/post"}],"author":[{"embeddable":true,"href":"https:\/\/goiasemtempo.com.br\/home\/wp-json\/wp\/v2\/users\/3"}],"replies":[{"embeddable":true,"href":"https:\/\/goiasemtempo.com.br\/home\/wp-json\/wp\/v2\/comments?post=77465"}],"version-history":[{"count":1,"href":"https:\/\/goiasemtempo.com.br\/home\/wp-json\/wp\/v2\/posts\/77465\/revisions"}],"predecessor-version":[{"id":77467,"href":"https:\/\/goiasemtempo.com.br\/home\/wp-json\/wp\/v2\/posts\/77465\/revisions\/77467"}],"wp:featuredmedia":[{"embeddable":true,"href":"https:\/\/goiasemtempo.com.br\/home\/wp-json\/wp\/v2\/media\/77466"}],"wp:attachment":[{"href":"https:\/\/goiasemtempo.com.br\/home\/wp-json\/wp\/v2\/media?parent=77465"}],"wp:term":[{"taxonomy":"category","embeddable":true,"href":"https:\/\/goiasemtempo.com.br\/home\/wp-json\/wp\/v2\/categories?post=77465"},{"taxonomy":"post_tag","embeddable":true,"href":"https:\/\/goiasemtempo.com.br\/home\/wp-json\/wp\/v2\/tags?post=77465"}],"curies":[{"name":"wp","href":"https:\/\/api.w.org\/{rel}","templated":true}]}}