{"id":77453,"date":"2025-06-10T18:02:27","date_gmt":"2025-06-10T18:02:27","guid":{"rendered":"https:\/\/goiasemtempo.com.br\/home\/?p=77453"},"modified":"2025-06-10T18:02:37","modified_gmt":"2025-06-10T18:02:37","slug":"com-investimento-recorde-fica-2025-comeca-nesta-terca","status":"publish","type":"post","link":"https:\/\/goiasemtempo.com.br\/home\/com-investimento-recorde-fica-2025-comeca-nesta-terca\/","title":{"rendered":"Com investimento recorde, Fica 2025 come\u00e7a nesta ter\u00e7a"},"content":{"rendered":"<p>O Festival de Cinema e V\u00eddeo Ambiental (Fica 2025), a ser realizado na Cidade de Goi\u00e1s de 10 a 15 de junho, promete uma edi\u00e7\u00e3o hist\u00f3rica. Em sua 26\u00aa edi\u00e7\u00e3o, consolida-se como um dos maiores de todos os tempos em investimentos, com R$ 6,1 milh\u00f5es destinados \u00e0 sua realiza\u00e7\u00e3o. De 2019 para c\u00e1, foram mais de R$ 24 milh\u00f5es investidos pelo Governo de Goi\u00e1s, o que possibilitou uma programa\u00e7\u00e3o ampliada, aumento das premia\u00e7\u00f5es, artistas sempre pagos em dia e grandes avan\u00e7os nas \u00e1reas social, cultural e ambiental do evento.<\/p>\n<p>\u201cO aporte financeiro cada vez mais robusto feito pelo governador Ronaldo Caiado tem possibilitado um crescimento expressivo do festival, al\u00e9m de resgatar a credibilidade de artistas e produtores e atrair destaques internacionais. Ali\u00e1s, vale mencionar que, ap\u00f3s a pandemia, temos estabelecido parcerias in\u00e9ditas e important\u00edssimas para o Fica com institui\u00e7\u00f5es como a Funai, a Fiocruz e a Unesco\u201d, afirma a secret\u00e1ria de Cultura do Estado de Goi\u00e1s, Yara Nunes.<\/p>\n<p><strong>Para a Cidade de Goi\u00e1s, os benef\u00edcios s\u00e3o enormes. O festival fomenta o turismo, gera emprego e renda (a cada R$ 1 investido no festival, R$ 3 retornam para a cidade) e promove a\u00e7\u00f5es duradouras<\/strong>, como a recupera\u00e7\u00e3o da nascente do Chap\u00e9u do Padre e as doa\u00e7\u00f5es de lixeiras e outros insumos importantes para a conserva\u00e7\u00e3o e prote\u00e7\u00e3o ambiental.<\/p>\n<p>Criado em 1999 como uma ferramenta para impulsionar o t\u00edtulo de Patrim\u00f4nio da Humanidade \u00e0 Cidade de Goi\u00e1s, o qual foi concedido em 2001 pela Unesco, o Fica chega \u00e0 sua 26\u00aa edi\u00e7\u00e3o tendo sido interrompido somente em 2019 devido \u00e0s d\u00edvidas de premia\u00e7\u00f5es de 2018 e pend\u00eancias de outros anos.<\/p>\n<div class=\"wp-block-image\">\n<figure class=\"aligncenter size-full\"><img fetchpriority=\"high\" decoding=\"async\" class=\"wp-image-157406 entered litespeed-loaded\" src=\"https:\/\/agenciacoradenoticias.go.gov.br\/wp-content\/uploads\/2025\/06\/SECULT_SECRETARIA_YARA_NUNES.jpeg\" sizes=\"(max-width: 1024px) 100vw, 1024px\" srcset=\"https:\/\/agenciacoradenoticias.go.gov.br\/wp-content\/uploads\/2025\/06\/SECULT_SECRETARIA_YARA_NUNES.jpeg 1024w, https:\/\/agenciacoradenoticias.go.gov.br\/wp-content\/uploads\/2025\/06\/SECULT_SECRETARIA_YARA_NUNES-300x200.jpeg 300w, https:\/\/agenciacoradenoticias.go.gov.br\/wp-content\/uploads\/2025\/06\/SECULT_SECRETARIA_YARA_NUNES-768x512.jpeg 768w\" alt=\"\" width=\"1024\" height=\"682\" data-lazyloaded=\"1\" data-src=\"https:\/\/agenciacoradenoticias.go.gov.br\/wp-content\/uploads\/2025\/06\/SECULT_SECRETARIA_YARA_NUNES.jpeg\" data-srcset=\"https:\/\/agenciacoradenoticias.go.gov.br\/wp-content\/uploads\/2025\/06\/SECULT_SECRETARIA_YARA_NUNES.jpeg 1024w, https:\/\/agenciacoradenoticias.go.gov.br\/wp-content\/uploads\/2025\/06\/SECULT_SECRETARIA_YARA_NUNES-300x200.jpeg 300w, https:\/\/agenciacoradenoticias.go.gov.br\/wp-content\/uploads\/2025\/06\/SECULT_SECRETARIA_YARA_NUNES-768x512.jpeg 768w\" data-sizes=\"(max-width: 1024px) 100vw, 1024px\" data-ll-status=\"loaded\" \/><figcaption class=\"wp-element-caption\">\u201cNeste ano, foram mais de R$ 6,1 milh\u00f5es destinados ao Fica, o maior valor de toda a sua hist\u00f3ria\u201d, comenta a secret\u00e1ria de Cultura de Goi\u00e1s, Yara Nunes .(Foto: Secult-GO)<\/p>\n<p>\u201cCom responsabilidade fiscal, providenciamos o pagamento de d\u00edvidas dos anos anteriores em um total de R$ 70 milh\u00f5es e, mesmo em per\u00edodo de pandemia da Covid-19, conseguimos realizar o festival em formato virtual em 2020, de forma h\u00edbrida em 2021, com investimento de R$ 1,5 milh\u00e3o; e j\u00e1 totalmente presencial em 2022, com investimentos de mais de R$ 5 milh\u00f5es. Neste ano, foram mais de R$ 6,1 milh\u00f5es destinados ao Fica, o maior valor de toda a sua hist\u00f3ria\u201d, comentou Yara.<\/figcaption><\/figure>\n<\/div>\n<h2 class=\"wp-block-heading\">Hist\u00f3ria<\/h2>\n<p>Com foco na arte, educa\u00e7\u00e3o e ativismo, o Fica \u00e9, hoje, um festival consolidado e de prest\u00edgio internacional, sendo considerado o maior festival de cinema da Am\u00e9rica Latina e um dos maiores do mundo com a tem\u00e1tica ambiental. Este ano, foram mais de 1.446 filmes de 88 pa\u00edses \u2013 outro recorde a ser comemorado.<\/p>\n<p>Durante suas edi\u00e7\u00f5es, recebeu a participa\u00e7\u00e3o de importantes personalidades do cinema, como os cineastas Fernando Meirelles, Arnaldo Jabor, Luiz Bolognesi, La\u00eds Bodanski, Jo\u00e3o Batista de Andrade, Lauro Escorel, Eduardo Escorel, Jos\u00e9 Wilker, Cac\u00e1 Diegues, Vincent Careli, Walter Carvalho, Pedro Rovai, Vladimir Carvalho e Jo\u00e3o Moreira Salles. J\u00e1 entre os convidados ambientalistas, um nome de destaque \u00e9 o do ex-vice-presidente dos Estados Unidos Al Gore, al\u00e9m de Fernando Gabeira e Ailton Krenak.<\/p>\n<p>Vale dizer que o Fica contabiliza, at\u00e9 2024, mais de dez mil filmes inscritos e mais de 700 filmes selecionados. Importante ressaltar, a valoriza\u00e7\u00e3o dos artistas e outros nomes de prest\u00edgio que sempre homenageia ano ap\u00f3s ano: Acary de Passos Oliveira, Carmo Bernardes, Cora Coralina, Jo\u00e3o B\u00eannio, Jos\u00e9 Petrillo, Wolf Jesco Von Puttkamer, Ant\u00f4nio Poteiro, Ana Maria Pacheco, Washington Novaes, Elder Rocha Lima, Cleber Gouveia, Goiandira do Couto, Gustav Ritter, Octo Marques, Veiga Valle, Paulo Bertran, Jos\u00e9 Mendon\u00e7a Teles, Rodrigo God\u00e1, Pit\u00e1goras, Marcelo Sol\u00e1 e outros.<\/p>\n<div class=\"wp-block-image\">\n<figure class=\"aligncenter size-full\"><img decoding=\"async\" class=\"wp-image-155583 entered litespeed-loaded\" src=\"https:\/\/agenciacoradenoticias.go.gov.br\/wp-content\/uploads\/2025\/05\/SECULT_FICA_2025_PROGRAMACAO_ARTISTICA_COMPLETA.jpeg\" sizes=\"(max-width: 1024px) 100vw, 1024px\" srcset=\"https:\/\/agenciacoradenoticias.go.gov.br\/wp-content\/uploads\/2025\/05\/SECULT_FICA_2025_PROGRAMACAO_ARTISTICA_COMPLETA.jpeg 1024w, https:\/\/agenciacoradenoticias.go.gov.br\/wp-content\/uploads\/2025\/05\/SECULT_FICA_2025_PROGRAMACAO_ARTISTICA_COMPLETA-300x200.jpeg 300w, https:\/\/agenciacoradenoticias.go.gov.br\/wp-content\/uploads\/2025\/05\/SECULT_FICA_2025_PROGRAMACAO_ARTISTICA_COMPLETA-768x512.jpeg 768w\" alt=\"Com investimento recorde, Fica come\u00e7a nesta ter\u00e7a - frequentadores do Fica nas ruas de Goi\u00e1s durante \u00e0 noite \" width=\"1024\" height=\"682\" data-lazyloaded=\"1\" data-src=\"https:\/\/agenciacoradenoticias.go.gov.br\/wp-content\/uploads\/2025\/05\/SECULT_FICA_2025_PROGRAMACAO_ARTISTICA_COMPLETA.jpeg\" data-srcset=\"https:\/\/agenciacoradenoticias.go.gov.br\/wp-content\/uploads\/2025\/05\/SECULT_FICA_2025_PROGRAMACAO_ARTISTICA_COMPLETA.jpeg 1024w, https:\/\/agenciacoradenoticias.go.gov.br\/wp-content\/uploads\/2025\/05\/SECULT_FICA_2025_PROGRAMACAO_ARTISTICA_COMPLETA-300x200.jpeg 300w, https:\/\/agenciacoradenoticias.go.gov.br\/wp-content\/uploads\/2025\/05\/SECULT_FICA_2025_PROGRAMACAO_ARTISTICA_COMPLETA-768x512.jpeg 768w\" data-sizes=\"(max-width: 1024px) 100vw, 1024px\" data-ll-status=\"loaded\" \/><figcaption class=\"wp-element-caption\">Festival conta com exibi\u00e7\u00e3o de filmes, debates, oficinas, shows, exposi\u00e7\u00f5es art\u00edsticas e atividades culturais paralelas com maior participa\u00e7\u00e3o da comunidade local e expressiva valoriza\u00e7\u00e3o da produ\u00e7\u00e3o audiovisual goiana (Foco: Secult-GO)<\/figcaption><\/figure>\n<\/div>\n<h2 class=\"wp-block-heading\">Fica 2025<\/h2>\n<p>Este ano, o festival chega com a tem\u00e1tica\u00a0<em><strong>Cerrado: a Savana Brasileira e o Equil\u00edbrio do Clima<\/strong><\/em>\u00a0e uma programa\u00e7\u00e3o robusta que conta com exibi\u00e7\u00e3o de filmes, debates, oficinas, shows, exposi\u00e7\u00f5es art\u00edsticas e atividades culturais paralelas com maior participa\u00e7\u00e3o da comunidade local e expressiva valoriza\u00e7\u00e3o da produ\u00e7\u00e3o audiovisual goiana.<\/p>\n<p>Destaque para o II F\u00f3rum Infantil de Meio Ambiente e para os homenageados: a artista visual Selma Parreira, o estilista Ronaldo Fraga e os cineastas \u00c9ric Rassi e Cris Miotto. As premia\u00e7\u00f5es destinadas a este ano somam mais de R$ 220 mil em pr\u00eamios que variam entre R$ 5 mil e R$ 35 mil, contemplando produ\u00e7\u00f5es nacionais, internacionais, goianas, vilaboenses e de povos origin\u00e1rios e tradicionais.<\/p>\n<p>O Festival Internacional de Cinema e V\u00eddeo Ambiental \u00e9 realizado pelo Governo de Goi\u00e1s, por meio da\u00a0<a href=\"https:\/\/goias.gov.br\/cultura\" target=\"_blank\" rel=\"noreferrer noopener\">Secretaria de Estado da Cultura (Secult)<\/a>, com correaliza\u00e7\u00e3o da Universidade Federal de Goi\u00e1s (UFG) e apoio de parceiros como a prefeitura da cidade de Goi\u00e1s, o Goi\u00e1s Social, Universidade Estadual de Goi\u00e1s (UEG), Instituto Federal de Goi\u00e1s (IFG \u2013 Campus Goi\u00e1s) e Sesc Goi\u00e1s.<\/p>\n<p>Tamb\u00e9m conta com a ades\u00e3o de importantes parceiros globais, tais como: Unesco, The Nature Conservancy Brasil, MapBiomas, Museu do \u00cdndio (Funai), Funda\u00e7\u00e3o Nacional dos Povos Ind\u00edgenas (Funai), Fiocruz, entre outros.<\/p>\n","protected":false},"excerpt":{"rendered":"<p>O Festival de Cinema e V\u00eddeo Ambiental (Fica 2025), a ser realizado na Cidade de Goi\u00e1s de 10 a 15 de junho, promete uma edi\u00e7\u00e3o hist\u00f3rica. Em sua 26\u00aa edi\u00e7\u00e3o, consolida-se como um dos maiores de todos os tempos em investimentos, com R$ 6,1 milh\u00f5es destinados \u00e0 sua realiza\u00e7\u00e3o. De 2019 para c\u00e1, foram mais &hellip;<\/p>\n","protected":false},"author":3,"featured_media":77454,"comment_status":"closed","ping_status":"open","sticky":false,"template":"","format":"standard","meta":{"_exactmetrics_skip_tracking":false,"_exactmetrics_sitenote_active":false,"_exactmetrics_sitenote_note":"","_exactmetrics_sitenote_category":0,"footnotes":""},"categories":[7,32,19],"tags":[],"_links":{"self":[{"href":"https:\/\/goiasemtempo.com.br\/home\/wp-json\/wp\/v2\/posts\/77453"}],"collection":[{"href":"https:\/\/goiasemtempo.com.br\/home\/wp-json\/wp\/v2\/posts"}],"about":[{"href":"https:\/\/goiasemtempo.com.br\/home\/wp-json\/wp\/v2\/types\/post"}],"author":[{"embeddable":true,"href":"https:\/\/goiasemtempo.com.br\/home\/wp-json\/wp\/v2\/users\/3"}],"replies":[{"embeddable":true,"href":"https:\/\/goiasemtempo.com.br\/home\/wp-json\/wp\/v2\/comments?post=77453"}],"version-history":[{"count":1,"href":"https:\/\/goiasemtempo.com.br\/home\/wp-json\/wp\/v2\/posts\/77453\/revisions"}],"predecessor-version":[{"id":77455,"href":"https:\/\/goiasemtempo.com.br\/home\/wp-json\/wp\/v2\/posts\/77453\/revisions\/77455"}],"wp:featuredmedia":[{"embeddable":true,"href":"https:\/\/goiasemtempo.com.br\/home\/wp-json\/wp\/v2\/media\/77454"}],"wp:attachment":[{"href":"https:\/\/goiasemtempo.com.br\/home\/wp-json\/wp\/v2\/media?parent=77453"}],"wp:term":[{"taxonomy":"category","embeddable":true,"href":"https:\/\/goiasemtempo.com.br\/home\/wp-json\/wp\/v2\/categories?post=77453"},{"taxonomy":"post_tag","embeddable":true,"href":"https:\/\/goiasemtempo.com.br\/home\/wp-json\/wp\/v2\/tags?post=77453"}],"curies":[{"name":"wp","href":"https:\/\/api.w.org\/{rel}","templated":true}]}}