{"id":77396,"date":"2025-06-06T13:16:08","date_gmt":"2025-06-06T13:16:08","guid":{"rendered":"https:\/\/goiasemtempo.com.br\/home\/?p=77396"},"modified":"2025-06-06T13:16:08","modified_gmt":"2025-06-06T13:16:08","slug":"na-estreia-de-ancelotti-brasil-joga-mal-e-fica-no-0-a-0-com-o-equador-na","status":"publish","type":"post","link":"https:\/\/goiasemtempo.com.br\/home\/na-estreia-de-ancelotti-brasil-joga-mal-e-fica-no-0-a-0-com-o-equador-na\/","title":{"rendered":"Na estreia de Ancelotti  Brasil joga mal e fica no 0 a 0 com o Equador na"},"content":{"rendered":"<p>O Brasil n\u00e3o jogou bem e empatou sem gols com o Equador, na noite desta quinta-feira (5) no est\u00e1dio Monumental Isidro Romero Carbo, em Guaiaquil, na partida que marcou o in\u00edcio da era Carlo Ancelotti no comando da sele\u00e7\u00e3o brasileira. A\u00a0<strong>R\u00e1dio Nacional<\/strong>\u00a0transmitiu a partida v\u00e1lida pelas Eliminat\u00f3rias Sul-Americanas para a Copa do Mundo.<img decoding=\"async\" src=\"https:\/\/agenciabrasil.ebc.com.br\/ebc.png?id=1645730&amp;o=node\" \/><img decoding=\"async\" src=\"https:\/\/agenciabrasil.ebc.com.br\/ebc.gif?id=1645730&amp;o=node\" \/><\/p>\n<div class=\"twitter-tweet twitter-tweet-rendered\"><iframe id=\"twitter-widget-0\" class=\"\" title=\"X Post\" src=\"https:\/\/platform.twitter.com\/embed\/Tweet.html?creatorScreenName=agenciabrasil&amp;dnt=false&amp;embedId=twitter-widget-0&amp;features=eyJ0ZndfdGltZWxpbmVfbGlzdCI6eyJidWNrZXQiOltdLCJ2ZXJzaW9uIjpudWxsfSwidGZ3X2ZvbGxvd2VyX2NvdW50X3N1bnNldCI6eyJidWNrZXQiOnRydWUsInZlcnNpb24iOm51bGx9LCJ0ZndfdHdlZXRfZWRpdF9iYWNrZW5kIjp7ImJ1Y2tldCI6Im9uIiwidmVyc2lvbiI6bnVsbH0sInRmd19yZWZzcmNfc2Vzc2lvbiI6eyJidWNrZXQiOiJvbiIsInZlcnNpb24iOm51bGx9LCJ0ZndfZm9zbnJfc29mdF9pbnRlcnZlbnRpb25zX2VuYWJsZWQiOnsiYnVja2V0Ijoib24iLCJ2ZXJzaW9uIjpudWxsfSwidGZ3X21peGVkX21lZGlhXzE1ODk3Ijp7ImJ1Y2tldCI6InRyZWF0bWVudCIsInZlcnNpb24iOm51bGx9LCJ0ZndfZXhwZXJpbWVudHNfY29va2llX2V4cGlyYXRpb24iOnsiYnVja2V0IjoxMjA5NjAwLCJ2ZXJzaW9uIjpudWxsfSwidGZ3X3Nob3dfYmlyZHdhdGNoX3Bpdm90c19lbmFibGVkIjp7ImJ1Y2tldCI6Im9uIiwidmVyc2lvbiI6bnVsbH0sInRmd19kdXBsaWNhdGVfc2NyaWJlc190b19zZXR0aW5ncyI6eyJidWNrZXQiOiJvbiIsInZlcnNpb24iOm51bGx9LCJ0ZndfdXNlX3Byb2ZpbGVfaW1hZ2Vfc2hhcGVfZW5hYmxlZCI6eyJidWNrZXQiOiJvbiIsInZlcnNpb24iOm51bGx9LCJ0ZndfdmlkZW9faGxzX2R5bmFtaWNfbWFuaWZlc3RzXzE1MDgyIjp7ImJ1Y2tldCI6InRydWVfYml0cmF0ZSIsInZlcnNpb24iOm51bGx9LCJ0ZndfbGVnYWN5X3RpbWVsaW5lX3N1bnNldCI6eyJidWNrZXQiOnRydWUsInZlcnNpb24iOm51bGx9LCJ0ZndfdHdlZXRfZWRpdF9mcm9udGVuZCI6eyJidWNrZXQiOiJvbiIsInZlcnNpb24iOm51bGx9fQ%3D%3D&amp;frame=false&amp;hideCard=false&amp;hideThread=false&amp;id=1930792225027326219&amp;lang=pt&amp;origin=https%3A%2F%2Fagenciabrasil.ebc.com.br%2Fesportes%2Fnoticia%2F2025-06%2Fbrasil-joga-mal-e-fica-no-0-0-com-o-equador-na-estreia-de-ancelotti&amp;sessionId=73967a10ef1496d354b26e4d14e7bcaba62b5d04&amp;siteScreenName=agenciabrasil&amp;theme=light&amp;widgetsVersion=2615f7e52b7e0%3A1702314776716&amp;width=550px\" frameborder=\"0\" scrolling=\"no\" allowfullscreen=\"allowfullscreen\" data-tweet-id=\"1930792225027326219\" data-mce-fragment=\"1\"><\/iframe><\/div>\n<p>Com o resultado, a equipe canarinho chegou aos 22 pontos, mantendo a 4\u00aa posi\u00e7\u00e3o da classifica\u00e7\u00e3o, mas tendo a possibilidade de cair para a 5\u00aa coloca\u00e7\u00e3o caso a Col\u00f4mbia, que tem 20 pontos, derrote o Peru na pr\u00f3xima sexta-feira (6).<\/p>\n<h2>Atua\u00e7\u00e3o burocr\u00e1tica<\/h2>\n<p>Os primeiros minutos da sele\u00e7\u00e3o brasileira sob o comando de Ancelotti n\u00e3o foram animadores. Com um Brasil guardando posi\u00e7\u00e3o na defesa, o Equador assumiu o comando das a\u00e7\u00f5es. A equipe da casa trocava passes buscando espa\u00e7os para entrar em uma defesa brasileira que n\u00e3o fazia muita press\u00e3o.<\/p>\n<p>A din\u00e2mica do confronto come\u00e7ou a mudar um pouco a partir dos 15 minutos, quando o Brasil passou a mostrar um pouco da proposta de jogo do t\u00e9cnico italiano, baseada em transi\u00e7\u00f5es em velocidade pelas pontas para tentar superar a defesa advers\u00e1ria. A primeira boa jogada saiu dos p\u00e9s de Vinicius J\u00fanior pela ponta esquerda, quando driblou um advers\u00e1rio e cruzou para a \u00e1rea, onde a zaga equatoriana conseguiu cortar.<\/p>\n<p>Aos 24 quem chutou a gol foi o Equador, quando Caicedo recuperou a bola e tocou para Yeboah, que bateu de longa dist\u00e2ncia para boa defesa do goleiro Alisson. Antes do intervalo o Brasil ainda criou boas oportunidades com o lateral Vanderson, aos 30 minutos, e com o volante Casemiro, aos 32. Mas quem criou a oportunidade mais cristalina para abrir o marcador foi a equipe da casa, em cabe\u00e7ada de Yeboah, aos 37 minutos, que acabou indo para fora.<\/p>\n<div class=\"twitter-tweet twitter-tweet-rendered\"><iframe id=\"twitter-widget-1\" class=\"\" title=\"X Post\" src=\"https:\/\/platform.twitter.com\/embed\/Tweet.html?creatorScreenName=agenciabrasil&amp;dnt=false&amp;embedId=twitter-widget-1&amp;features=eyJ0ZndfdGltZWxpbmVfbGlzdCI6eyJidWNrZXQiOltdLCJ2ZXJzaW9uIjpudWxsfSwidGZ3X2ZvbGxvd2VyX2NvdW50X3N1bnNldCI6eyJidWNrZXQiOnRydWUsInZlcnNpb24iOm51bGx9LCJ0ZndfdHdlZXRfZWRpdF9iYWNrZW5kIjp7ImJ1Y2tldCI6Im9uIiwidmVyc2lvbiI6bnVsbH0sInRmd19yZWZzcmNfc2Vzc2lvbiI6eyJidWNrZXQiOiJvbiIsInZlcnNpb24iOm51bGx9LCJ0ZndfZm9zbnJfc29mdF9pbnRlcnZlbnRpb25zX2VuYWJsZWQiOnsiYnVja2V0Ijoib24iLCJ2ZXJzaW9uIjpudWxsfSwidGZ3X21peGVkX21lZGlhXzE1ODk3Ijp7ImJ1Y2tldCI6InRyZWF0bWVudCIsInZlcnNpb24iOm51bGx9LCJ0ZndfZXhwZXJpbWVudHNfY29va2llX2V4cGlyYXRpb24iOnsiYnVja2V0IjoxMjA5NjAwLCJ2ZXJzaW9uIjpudWxsfSwidGZ3X3Nob3dfYmlyZHdhdGNoX3Bpdm90c19lbmFibGVkIjp7ImJ1Y2tldCI6Im9uIiwidmVyc2lvbiI6bnVsbH0sInRmd19kdXBsaWNhdGVfc2NyaWJlc190b19zZXR0aW5ncyI6eyJidWNrZXQiOiJvbiIsInZlcnNpb24iOm51bGx9LCJ0ZndfdXNlX3Byb2ZpbGVfaW1hZ2Vfc2hhcGVfZW5hYmxlZCI6eyJidWNrZXQiOiJvbiIsInZlcnNpb24iOm51bGx9LCJ0ZndfdmlkZW9faGxzX2R5bmFtaWNfbWFuaWZlc3RzXzE1MDgyIjp7ImJ1Y2tldCI6InRydWVfYml0cmF0ZSIsInZlcnNpb24iOm51bGx9LCJ0ZndfbGVnYWN5X3RpbWVsaW5lX3N1bnNldCI6eyJidWNrZXQiOnRydWUsInZlcnNpb24iOm51bGx9LCJ0ZndfdHdlZXRfZWRpdF9mcm9udGVuZCI6eyJidWNrZXQiOiJvbiIsInZlcnNpb24iOm51bGx9fQ%3D%3D&amp;frame=false&amp;hideCard=false&amp;hideThread=false&amp;id=1930774975176147010&amp;lang=pt&amp;origin=https%3A%2F%2Fagenciabrasil.ebc.com.br%2Fesportes%2Fnoticia%2F2025-06%2Fbrasil-joga-mal-e-fica-no-0-0-com-o-equador-na-estreia-de-ancelotti&amp;sessionId=73967a10ef1496d354b26e4d14e7bcaba62b5d04&amp;siteScreenName=agenciabrasil&amp;theme=light&amp;widgetsVersion=2615f7e52b7e0%3A1702314776716&amp;width=550px\" frameborder=\"0\" scrolling=\"no\" allowfullscreen=\"allowfullscreen\" data-tweet-id=\"1930774975176147010\" data-mce-fragment=\"1\"><\/iframe><\/div>\n<p>Na etapa final o Brasil voltou a mostrar dificuldades de assumir o controle da partida, em especial por conta da fraca atua\u00e7\u00e3o dos jogadores de meio de campo. Mas em boa jogada criada por seus dois ponteiros, Est\u00eav\u00e3o e Vinicius J\u00fanior, o Brasil chegou com perigo aos 7 minutos com Richarlison, que finalizou para fora.<\/p>\n<p>A partir da\u00ed a partida fica muito truncada, e as melhores oportunidades foram criadas pelo Equador, em especial por Yeboah, aos 21 minutos, e por Estupi\u00f1\u00e1n, aos 31. Por\u00e9m, nenhuma das duas equipes foi competente para alterar o marcador.<\/p>\n<p>Ap\u00f3s o apito final ficou claro que Ancelotti conseguiu dar um pouco mais de seguran\u00e7a \u00e0 defesa brasileira, mas ainda h\u00e1 muito trabalho a ser feito no setor do ataque.<\/p>\n<div class=\"twitter-tweet twitter-tweet-rendered\"><iframe id=\"twitter-widget-2\" class=\"\" title=\"X Post\" src=\"https:\/\/platform.twitter.com\/embed\/Tweet.html?creatorScreenName=agenciabrasil&amp;dnt=false&amp;embedId=twitter-widget-2&amp;features=eyJ0ZndfdGltZWxpbmVfbGlzdCI6eyJidWNrZXQiOltdLCJ2ZXJzaW9uIjpudWxsfSwidGZ3X2ZvbGxvd2VyX2NvdW50X3N1bnNldCI6eyJidWNrZXQiOnRydWUsInZlcnNpb24iOm51bGx9LCJ0ZndfdHdlZXRfZWRpdF9iYWNrZW5kIjp7ImJ1Y2tldCI6Im9uIiwidmVyc2lvbiI6bnVsbH0sInRmd19yZWZzcmNfc2Vzc2lvbiI6eyJidWNrZXQiOiJvbiIsInZlcnNpb24iOm51bGx9LCJ0ZndfZm9zbnJfc29mdF9pbnRlcnZlbnRpb25zX2VuYWJsZWQiOnsiYnVja2V0Ijoib24iLCJ2ZXJzaW9uIjpudWxsfSwidGZ3X21peGVkX21lZGlhXzE1ODk3Ijp7ImJ1Y2tldCI6InRyZWF0bWVudCIsInZlcnNpb24iOm51bGx9LCJ0ZndfZXhwZXJpbWVudHNfY29va2llX2V4cGlyYXRpb24iOnsiYnVja2V0IjoxMjA5NjAwLCJ2ZXJzaW9uIjpudWxsfSwidGZ3X3Nob3dfYmlyZHdhdGNoX3Bpdm90c19lbmFibGVkIjp7ImJ1Y2tldCI6Im9uIiwidmVyc2lvbiI6bnVsbH0sInRmd19kdXBsaWNhdGVfc2NyaWJlc190b19zZXR0aW5ncyI6eyJidWNrZXQiOiJvbiIsInZlcnNpb24iOm51bGx9LCJ0ZndfdXNlX3Byb2ZpbGVfaW1hZ2Vfc2hhcGVfZW5hYmxlZCI6eyJidWNrZXQiOiJvbiIsInZlcnNpb24iOm51bGx9LCJ0ZndfdmlkZW9faGxzX2R5bmFtaWNfbWFuaWZlc3RzXzE1MDgyIjp7ImJ1Y2tldCI6InRydWVfYml0cmF0ZSIsInZlcnNpb24iOm51bGx9LCJ0ZndfbGVnYWN5X3RpbWVsaW5lX3N1bnNldCI6eyJidWNrZXQiOnRydWUsInZlcnNpb24iOm51bGx9LCJ0ZndfdHdlZXRfZWRpdF9mcm9udGVuZCI6eyJidWNrZXQiOiJvbiIsInZlcnNpb24iOm51bGx9fQ%3D%3D&amp;frame=false&amp;hideCard=false&amp;hideThread=false&amp;id=1930770095057358907&amp;lang=pt&amp;origin=https%3A%2F%2Fagenciabrasil.ebc.com.br%2Fesportes%2Fnoticia%2F2025-06%2Fbrasil-joga-mal-e-fica-no-0-0-com-o-equador-na-estreia-de-ancelotti&amp;sessionId=73967a10ef1496d354b26e4d14e7bcaba62b5d04&amp;siteScreenName=agenciabrasil&amp;theme=light&amp;widgetsVersion=2615f7e52b7e0%3A1702314776716&amp;width=550px\" frameborder=\"0\" scrolling=\"no\" allowfullscreen=\"allowfullscreen\" data-tweet-id=\"1930770095057358907\" data-mce-fragment=\"1\"><\/iframe><\/div>\n<h2>Pr\u00f3ximo compromisso<\/h2>\n<p>O Brasil volta a entrar em a\u00e7\u00e3o pelas Eliminat\u00f3rias na pr\u00f3xima ter\u00e7a-feira (10), quando mede for\u00e7as com o Paraguai a partir das 21h45 (hor\u00e1rio de Bras\u00edlia) em Itaquera, S\u00e3o Paulo.<\/p>\n","protected":false},"excerpt":{"rendered":"<p>O Brasil n\u00e3o jogou bem e empatou sem gols com o Equador, na noite desta quinta-feira (5) no est\u00e1dio Monumental Isidro Romero Carbo, em Guaiaquil, na partida que marcou o in\u00edcio da era Carlo Ancelotti no comando da sele\u00e7\u00e3o brasileira. A\u00a0R\u00e1dio Nacional\u00a0transmitiu a partida v\u00e1lida pelas Eliminat\u00f3rias Sul-Americanas para a Copa do Mundo. Com o &hellip;<\/p>\n","protected":false},"author":3,"featured_media":77397,"comment_status":"closed","ping_status":"open","sticky":false,"template":"","format":"standard","meta":{"_exactmetrics_skip_tracking":false,"_exactmetrics_sitenote_active":false,"_exactmetrics_sitenote_note":"","_exactmetrics_sitenote_category":0,"footnotes":""},"categories":[457,60],"tags":[],"_links":{"self":[{"href":"https:\/\/goiasemtempo.com.br\/home\/wp-json\/wp\/v2\/posts\/77396"}],"collection":[{"href":"https:\/\/goiasemtempo.com.br\/home\/wp-json\/wp\/v2\/posts"}],"about":[{"href":"https:\/\/goiasemtempo.com.br\/home\/wp-json\/wp\/v2\/types\/post"}],"author":[{"embeddable":true,"href":"https:\/\/goiasemtempo.com.br\/home\/wp-json\/wp\/v2\/users\/3"}],"replies":[{"embeddable":true,"href":"https:\/\/goiasemtempo.com.br\/home\/wp-json\/wp\/v2\/comments?post=77396"}],"version-history":[{"count":1,"href":"https:\/\/goiasemtempo.com.br\/home\/wp-json\/wp\/v2\/posts\/77396\/revisions"}],"predecessor-version":[{"id":77398,"href":"https:\/\/goiasemtempo.com.br\/home\/wp-json\/wp\/v2\/posts\/77396\/revisions\/77398"}],"wp:featuredmedia":[{"embeddable":true,"href":"https:\/\/goiasemtempo.com.br\/home\/wp-json\/wp\/v2\/media\/77397"}],"wp:attachment":[{"href":"https:\/\/goiasemtempo.com.br\/home\/wp-json\/wp\/v2\/media?parent=77396"}],"wp:term":[{"taxonomy":"category","embeddable":true,"href":"https:\/\/goiasemtempo.com.br\/home\/wp-json\/wp\/v2\/categories?post=77396"},{"taxonomy":"post_tag","embeddable":true,"href":"https:\/\/goiasemtempo.com.br\/home\/wp-json\/wp\/v2\/tags?post=77396"}],"curies":[{"name":"wp","href":"https:\/\/api.w.org\/{rel}","templated":true}]}}