{"id":77381,"date":"2025-06-05T18:54:14","date_gmt":"2025-06-05T18:54:14","guid":{"rendered":"https:\/\/goiasemtempo.com.br\/home\/?p=77381"},"modified":"2025-06-05T18:54:14","modified_gmt":"2025-06-05T18:54:14","slug":"obra-em-trecho-entre-a-ricardo-paranhos-e-av-136-vai-ampliar-capacidade-de-trafego-em-goiania","status":"publish","type":"post","link":"https:\/\/goiasemtempo.com.br\/home\/obra-em-trecho-entre-a-ricardo-paranhos-e-av-136-vai-ampliar-capacidade-de-trafego-em-goiania\/","title":{"rendered":"Obra em trecho entre a Ricardo Paranhos e Av. 136 vai ampliar capacidade de tr\u00e1fego, em Goi\u00e2nia"},"content":{"rendered":"<p>A Prefeitura de Goi\u00e2nia est\u00e1 promovendo altera\u00e7\u00f5es nas principais vias da cidade, de modo a melhorar a fluidez no tr\u00e2nsito. Nesta quinta-feira (5), a Secretaria Municipal de Infraestrutura Urbana (Seinfra) iniciou uma obra de readequa\u00e7\u00e3o do canteiro central da Rua 135, no Setor Marista, altera\u00e7\u00e3o que tem objetivo de ampliar a capacidade de tr\u00e1fego e melhorar a fluidez na regi\u00e3o.<\/p>\n<p>De acordo com a Prefeitura, a partir da amplia\u00e7\u00e3o da via, a Rua 135 ter\u00e1 mais uma faixa de rolamento, o vai facilitar o andamento do fluxo de ve\u00edculos na \u00e1rea, que \u00e9 uma das mais movimentadas da capital. As obras, cujo projeto \u00e9 de responsabilidade da Secretaria Municipal de Engenharia de Tr\u00e2nsito (SET) com execu\u00e7\u00e3o da Seinfra, tem previs\u00e3o de conclus\u00e3o na pr\u00f3xima semana.<\/p>\n<p>Segundo a SET, a interven\u00e7\u00e3o n\u00e3o exige interdi\u00e7\u00e3o total da Rua 135. Durante os pr\u00f3ximos dias, a Prefeitura orienta os motoristas a redobrarem a aten\u00e7\u00e3o ao trafegarem no trecho, devido \u00e0 presen\u00e7a de maquin\u00e1rio e trabalhadores durante o dia.<\/p>\n<h2 id=\"h-demais-medidas\" class=\"wp-block-heading\">Demais medidas<\/h2>\n<p>Essa \u00e9 a segunda a\u00e7\u00e3o de alargamento de vias realizada recentemente em Goi\u00e2nia. No \u00faltimo dia 24 de maio, a Seinfra executou obra semelhante na conflu\u00eancia das Avenidas 85 e 136, na Pra\u00e7a Tiradentes, onde foi adicionada uma faixa de 3,5 metros de largura para melhorar o fluxo de ve\u00edculos no local.<\/p>\n<p>Com Ag\u00eancia de Not\u00edcias\/DG\/Acr\u00e9scimo de informa\u00e7\u00f5es-Goi\u00e1s Em Tempo<\/p>\n","protected":false},"excerpt":{"rendered":"<p>A Prefeitura de Goi\u00e2nia est\u00e1 promovendo altera\u00e7\u00f5es nas principais vias da cidade, de modo a melhorar a fluidez no tr\u00e2nsito. Nesta quinta-feira (5), a Secretaria Municipal de Infraestrutura Urbana (Seinfra) iniciou uma obra de readequa\u00e7\u00e3o do canteiro central da Rua 135, no Setor Marista, altera\u00e7\u00e3o que tem objetivo de ampliar a capacidade de tr\u00e1fego e &hellip;<\/p>\n","protected":false},"author":3,"featured_media":77382,"comment_status":"closed","ping_status":"open","sticky":false,"template":"","format":"standard","meta":{"_exactmetrics_skip_tracking":false,"_exactmetrics_sitenote_active":false,"_exactmetrics_sitenote_note":"","_exactmetrics_sitenote_category":0,"footnotes":""},"categories":[500,480],"tags":[],"_links":{"self":[{"href":"https:\/\/goiasemtempo.com.br\/home\/wp-json\/wp\/v2\/posts\/77381"}],"collection":[{"href":"https:\/\/goiasemtempo.com.br\/home\/wp-json\/wp\/v2\/posts"}],"about":[{"href":"https:\/\/goiasemtempo.com.br\/home\/wp-json\/wp\/v2\/types\/post"}],"author":[{"embeddable":true,"href":"https:\/\/goiasemtempo.com.br\/home\/wp-json\/wp\/v2\/users\/3"}],"replies":[{"embeddable":true,"href":"https:\/\/goiasemtempo.com.br\/home\/wp-json\/wp\/v2\/comments?post=77381"}],"version-history":[{"count":1,"href":"https:\/\/goiasemtempo.com.br\/home\/wp-json\/wp\/v2\/posts\/77381\/revisions"}],"predecessor-version":[{"id":77383,"href":"https:\/\/goiasemtempo.com.br\/home\/wp-json\/wp\/v2\/posts\/77381\/revisions\/77383"}],"wp:featuredmedia":[{"embeddable":true,"href":"https:\/\/goiasemtempo.com.br\/home\/wp-json\/wp\/v2\/media\/77382"}],"wp:attachment":[{"href":"https:\/\/goiasemtempo.com.br\/home\/wp-json\/wp\/v2\/media?parent=77381"}],"wp:term":[{"taxonomy":"category","embeddable":true,"href":"https:\/\/goiasemtempo.com.br\/home\/wp-json\/wp\/v2\/categories?post=77381"},{"taxonomy":"post_tag","embeddable":true,"href":"https:\/\/goiasemtempo.com.br\/home\/wp-json\/wp\/v2\/tags?post=77381"}],"curies":[{"name":"wp","href":"https:\/\/api.w.org\/{rel}","templated":true}]}}