{"id":77330,"date":"2025-06-04T18:02:25","date_gmt":"2025-06-04T18:02:25","guid":{"rendered":"https:\/\/goiasemtempo.com.br\/home\/?p=77330"},"modified":"2025-06-04T18:02:25","modified_gmt":"2025-06-04T18:02:25","slug":"sergin-no-rancho-dos-amigos-um-audiovisual-para-o-brasil-se-apaixonar-por-um-talento-mineiro","status":"publish","type":"post","link":"https:\/\/goiasemtempo.com.br\/home\/sergin-no-rancho-dos-amigos-um-audiovisual-para-o-brasil-se-apaixonar-por-um-talento-mineiro\/","title":{"rendered":"Sergin no Rancho dos Amigos: um audiovisual para o Brasil se apaixonar por um talento mineiro"},"content":{"rendered":"<p>O domingo, 1\u00ba de junho, marcou um momento especial na carreira de Ant\u00f4nio S\u00e9rgio Tiago, ou simplesmente Sergin, como \u00e9 carinhosamente conhecido. O cantor gravou o audiovisual \u201cSergin no Rancho dos Amigos\u201d, um projeto que n\u00e3o apenas celebra sua trajet\u00f3ria na m\u00fasica sertaneja, mas apresenta ao Brasil a ess\u00eancia de um artista que canta com o cora\u00e7\u00e3o e valoriza cada passo da sua caminhada.<\/p>\n<p>Gravado em um espa\u00e7o intimista e acolhedor, cercado por pessoas queridas, o projeto reflete o estilo de vida de Sergin: pr\u00f3ximo, leve e verdadeiro. Com dire\u00e7\u00e3o de Anselmo Troncoso, produ\u00e7\u00e3o musical de F\u00e1bio Miranda, cenografia assinada por Elisa Bonfim (Yupi Festa) e Imprilux, cerimonial de Karla Rattes e buffet comandado pelo BBQ Family, nomes j\u00e1 consolidados no mercado, a grava\u00e7\u00e3o foi pensada nos m\u00ednimos detalhes. O repert\u00f3rio passeia com naturalidade entre o sertanejo raiz, o universit\u00e1rio e at\u00e9 o ax\u00e9, revelando a versatilidade do artista. O projeto ainda contou com a participa\u00e7\u00e3o especial do cantor Rafael Garcez e de amigos que tornaram a noite ainda mais especial.<\/p>\n<p><strong>De Belo Horizonte para o cora\u00e7\u00e3o do Brasil sertanejo<\/strong><\/p>\n<p>Natural de Belo Horizonte (MG), Sergin encontrou em Goi\u00e1s o seu lar desde 1998. No timbre forte e cheio de emo\u00e7\u00e3o, carrega influ\u00eancias de \u00eddolos como Chit\u00e3ozinho &amp; Xoror\u00f3 e Trio Parada Dura. Sua voz marcante j\u00e1 levou muitos a compar\u00e1-lo a nomes como Bruno (Bruno &amp; Marrone) e Henrique (Henrique &amp; Juliano).<\/p>\n<p>A rela\u00e7\u00e3o com a m\u00fasica come\u00e7ou cedo: aos quatro anos, j\u00e1 encantava ao cantar na igreja. Iniciou a carreira profissional em 2002 como percussionista, mas foi apenas em 2016 que decidiu dar voz ao pr\u00f3prio talento. Antes de se firmar no sertanejo, em 2018, experimentou o samba e o ax\u00e9, numa busca genu\u00edna por sua verdade musical.<\/p>\n<p>Autodidata, estudou sozinho, treinou repert\u00f3rios, aprimorou a t\u00e9cnica vocal e foi, aos poucos, se tornando um artista completo. Hoje, realiza em m\u00e9dia 10 apresenta\u00e7\u00f5es por m\u00eas, do formato ac\u00fastico a shows com banda, levando m\u00fasica e alegria a eventos corporativos, encontros intimistas, pescarias e festas particulares.<\/p>\n<p>Caminho para o reconhecimento nacional<\/p>\n<p>Em 2022, Sergin chegou a lan\u00e7ar o projeto S\u00e9rgio Salles. Mas \u00e9 com \u201cSergin no Rancho dos Amigos\u201d que ele sente estar pronto para dar um novo salto. Mais do que mostrar sua voz, o audiovisual compartilha a emo\u00e7\u00e3o que ele entrega em cada can\u00e7\u00e3o, cada olhar, cada momento de conex\u00e3o com o p\u00fablico.<\/p>\n<p>\u201cCanto com a alma e adoro a energia que troco com as pessoas. \u00c9 essa conex\u00e3o que me faz vibrar e seguir em frente\u201d, afirma Sergin, que al\u00e9m de cantor, \u00e9 pai orgulhoso do Ant\u00f4nio, de 13 anos, e da pequena Anabela, de 7, suas maiores fontes de inspira\u00e7\u00e3o.<\/p>\n<p><img decoding=\"async\" src=\"https:\/\/goiasemtempo.com.br\/home\/wp-content\/uploads\/2025\/06\/sergim-1.jpg\" \/><\/p>\n<p><img decoding=\"async\" src=\"https:\/\/goiasemtempo.com.br\/home\/wp-content\/uploads\/2025\/06\/sergim-2.jpg\" \/><\/p>\n<p><img decoding=\"async\" src=\"https:\/\/goiasemtempo.com.br\/home\/wp-content\/uploads\/2025\/06\/sergim-3.jpg\" \/><\/p>\n<p>&nbsp;<\/p>\n<p>&nbsp;<\/p>\n","protected":false},"excerpt":{"rendered":"<p>O domingo, 1\u00ba de junho, marcou um momento especial na carreira de Ant\u00f4nio S\u00e9rgio Tiago, ou simplesmente Sergin, como \u00e9 carinhosamente conhecido. O cantor gravou o audiovisual \u201cSergin no Rancho dos Amigos\u201d, um projeto que n\u00e3o apenas celebra sua trajet\u00f3ria na m\u00fasica sertaneja, mas apresenta ao Brasil a ess\u00eancia de um artista que canta com &hellip;<\/p>\n","protected":false},"author":3,"featured_media":77334,"comment_status":"closed","ping_status":"open","sticky":false,"template":"","format":"standard","meta":{"_exactmetrics_skip_tracking":false,"_exactmetrics_sitenote_active":false,"_exactmetrics_sitenote_note":"","_exactmetrics_sitenote_category":0,"footnotes":""},"categories":[66,22],"tags":[],"_links":{"self":[{"href":"https:\/\/goiasemtempo.com.br\/home\/wp-json\/wp\/v2\/posts\/77330"}],"collection":[{"href":"https:\/\/goiasemtempo.com.br\/home\/wp-json\/wp\/v2\/posts"}],"about":[{"href":"https:\/\/goiasemtempo.com.br\/home\/wp-json\/wp\/v2\/types\/post"}],"author":[{"embeddable":true,"href":"https:\/\/goiasemtempo.com.br\/home\/wp-json\/wp\/v2\/users\/3"}],"replies":[{"embeddable":true,"href":"https:\/\/goiasemtempo.com.br\/home\/wp-json\/wp\/v2\/comments?post=77330"}],"version-history":[{"count":1,"href":"https:\/\/goiasemtempo.com.br\/home\/wp-json\/wp\/v2\/posts\/77330\/revisions"}],"predecessor-version":[{"id":77335,"href":"https:\/\/goiasemtempo.com.br\/home\/wp-json\/wp\/v2\/posts\/77330\/revisions\/77335"}],"wp:featuredmedia":[{"embeddable":true,"href":"https:\/\/goiasemtempo.com.br\/home\/wp-json\/wp\/v2\/media\/77334"}],"wp:attachment":[{"href":"https:\/\/goiasemtempo.com.br\/home\/wp-json\/wp\/v2\/media?parent=77330"}],"wp:term":[{"taxonomy":"category","embeddable":true,"href":"https:\/\/goiasemtempo.com.br\/home\/wp-json\/wp\/v2\/categories?post=77330"},{"taxonomy":"post_tag","embeddable":true,"href":"https:\/\/goiasemtempo.com.br\/home\/wp-json\/wp\/v2\/tags?post=77330"}],"curies":[{"name":"wp","href":"https:\/\/api.w.org\/{rel}","templated":true}]}}