{"id":77276,"date":"2025-05-30T14:36:53","date_gmt":"2025-05-30T14:36:53","guid":{"rendered":"https:\/\/goiasemtempo.com.br\/home\/?p=77276"},"modified":"2025-05-30T14:36:53","modified_gmt":"2025-05-30T14:36:53","slug":"venda-de-sentencas-prefeito-de-palmas-e-alvo-de-buscas-da-policia-federal","status":"publish","type":"post","link":"https:\/\/goiasemtempo.com.br\/home\/venda-de-sentencas-prefeito-de-palmas-e-alvo-de-buscas-da-policia-federal\/","title":{"rendered":"Venda de senten\u00e7as: prefeito de Palmas \u00e9 alvo de buscas da Pol\u00edcia Federal"},"content":{"rendered":"<div id=\"chunk-6d1vf\">\n<div class=\"mc-column content-text active-extra-styles \" data-block-type=\"unstyled\" data-block-weight=\"29\" data-block-id=\"3\">\n<p class=\" content-text__container \" data-track-category=\"Link no Texto\" data-track-links=\"\" data-mrf-recirculation=\"Mat\u00e9ria - Links no Texto\">A Pol\u00edcia Federal faz novas buscas, nesta sexta-feira (30), em endere\u00e7os de suspeitos de envolvimento com um esquema nacional de venda de senten\u00e7as judiciais e vazamento de informa\u00e7\u00f5es sigilosas.<\/p>\n<\/div>\n<\/div>\n<div class=\"wall protected-content\">\n<div id=\"chunk-7jm35\">\n<div class=\"mc-column content-text active-extra-styles \" data-block-type=\"unstyled\" data-block-weight=\"37\" data-block-id=\"5\">\n<p class=\" content-text__container \" data-track-category=\"Link no Texto\" data-track-links=\"\" data-mrf-recirculation=\"Mat\u00e9ria - Links no Texto\">Desta vez, policiais fazem buscas em endere\u00e7os de tr\u00eas suspeitos em\u00a0<a class=\"\" href=\"https:\/\/g1.globo.com\/to\/tocantins\/cidade\/palmas\/\" data-mrf-link=\"https:\/\/g1.globo.com\/to\/tocantins\/cidade\/palmas\/\" target=\"_blank\" rel=\"noopener\">Palmas (TO)<\/a>.\u00a0<strong><span class=\"highlight highlighted\">O prefeito , Eduardo Siqueira Campos (Podemos), est\u00e1 entre os alvos das buscas \u2013 a suposta participa\u00e7\u00e3o dele no esquema n\u00e3o foi detalhada.<\/span><\/strong>\u00a0Houve buscas tamb\u00e9m no pr\u00e9dio da prefeitura.<\/p>\n<\/div>\n<\/div>\n<div id=\"chunk-ad5k\">\n<div class=\"content-ads content-ads--reveal\" data-block-type=\"ads\" data-block-id=\"7\">\n<div id=\"banner_materia2\" class=\"tag-manager-publicidade-container tag-manager-publicidade-banner_materia2 tag-manager-publicidade-container--carregado tag-manager-publicidade-container--visivel\" data-google-query-id=\"CNWd7JS0y40DFcVSuAQdkKgwIA\">\n<div id=\"google_ads_iframe_\/95377733\/tvg_G1\/Politica_2__container__\">O passaporte do prefeito foi apreendido. O <strong><span class=\"highlight highlighted\">\u00a0pol\u00edtico \u00e9 alvo por, supostamente, ter tido acesso a autos de investiga\u00e7\u00f5es antes que elas se tornassem p\u00fablicas<\/span><\/strong>.<\/div>\n<\/div>\n<\/div>\n<\/div>\n<div id=\"chunk-7cfss\">\n<div class=\"mc-column content-text active-extra-styles\" data-block-type=\"raw\" data-block-weight=\"23\" data-block-id=\"9\">\n<p class=\"content-text__container\" data-mrf-recirculation=\"Mat\u00e9ria - Links no Texto\">\n<ul class=\"content-unordered-list\">\n<li style=\"list-style-type: none\">\n<ul class=\"content-unordered-list\">Outro alvo da opera\u00e7\u00e3o de hoje seria o advogado<\/ul>\n<\/li>\n<\/ul>\n<p><a class=\"\" href=\"https:\/\/g1.globo.com\/to\/tocantins\/noticia\/2025\/03\/18\/policia-federal-cumpre-mandados-em-operacao-contra-supostos-vazamentos-de-decisoes-judiciais-no-tocantins.ghtml\" data-mrf-link=\"https:\/\/g1.globo.com\/to\/tocantins\/noticia\/2025\/03\/18\/policia-federal-cumpre-mandados-em-operacao-contra-supostos-vazamentos-de-decisoes-judiciais-no-tocantins.ghtml\" target=\"_blank\" rel=\"noopener\">Thiago Marcos Barbosa, advogado e sobrinho do governador Wanderlei Barbosa<\/a><\/p>\n<ul class=\"content-unordered-list\">.<\/ul>\n<\/div>\n<\/div>\n<div id=\"chunk-12diu\">\n<div class=\"mc-column content-text active-extra-styles \" data-block-type=\"unstyled\" data-block-weight=\"27\" data-block-id=\"11\">\n<p class=\" content-text__container \" data-track-category=\"Link no Texto\" data-track-links=\"\" data-mrf-recirculation=\"Mat\u00e9ria - Links no Texto\">Ele foi preso em uma fase anterior da mesma opera\u00e7\u00e3o, em mar\u00e7o. Agora, a PF apura se ele estava recebendo algum benef\u00edcio ou tratamento privilegiado no pres\u00eddio.<\/p>\n<\/div>\n<\/div>\n<div id=\"chunk-1e4ct\">\n<div class=\"mc-column content-text active-extra-styles \" data-block-type=\"unstyled\" data-block-weight=\"41\" data-block-id=\"12\">\n<p class=\" content-text__container \" data-track-category=\"Link no Texto\" data-track-links=\"\" data-mrf-recirculation=\"Mat\u00e9ria - Links no Texto\">Os mandados foram autorizados pelo ministro do Supremo Tribunal Federal (STF) Cristiano Zanin. A a\u00e7\u00e3o faz parte da opera\u00e7\u00e3o Sisamnes, que j\u00e1 identificou suposta venda de senten\u00e7as no Tribunal de Justi\u00e7a de Mato Grosso e no Superior Tribunal de Justi\u00e7a (STJ).<\/p>\n<\/div>\n<\/div>\n<div id=\"chunk-fs1ub\">\n<div class=\"row medium-uncollapsed content-media content-photo\" data-block-type=\"backstage-photo\" data-block-id=\"13\">\n<div class=\" mc-column  content-media__container\">\n<div class=\"content-media-container glb-skeleton-box\">\n<figure class=\"content-media-figure\"><img decoding=\"async\" class=\"i-amphtml-fill-content i-amphtml-replaced-content\" src=\"https:\/\/s2-g1.glbimg.com\/eIV70dpDc0JUnQEUNfiSwthKSnc=\/0x0:6720x4480\/984x0\/smart\/filters:strip_icc()\/i.s3.glbimg.com\/v1\/AUTH_59edd422c0c84a879bd37670ae4f538a\/internal_photos\/bs\/2025\/G\/7\/CuORD1QdmPBaHKEari3Q\/c8f0dcdf-d4c2-4048-ae68-c1d212f663d6.jpg\" sizes=\"(max-width: 1366px) 648px, 100vw\" srcset=\"https:\/\/s2-g1.glbimg.com\/kee4wu9mg45LpPvx0sjuNARdb3U=\/0x0:6720x4480\/1000x0\/smart\/filters:strip_icc()\/i.s3.glbimg.com\/v1\/AUTH_59edd422c0c84a879bd37670ae4f538a\/internal_photos\/bs\/2025\/G\/7\/CuORD1QdmPBaHKEari3Q\/c8f0dcdf-d4c2-4048-ae68-c1d212f663d6.jpg 1000w, https:\/\/s2-g1.glbimg.com\/eIV70dpDc0JUnQEUNfiSwthKSnc=\/0x0:6720x4480\/984x0\/smart\/filters:strip_icc()\/i.s3.glbimg.com\/v1\/AUTH_59edd422c0c84a879bd37670ae4f538a\/internal_photos\/bs\/2025\/G\/7\/CuORD1QdmPBaHKEari3Q\/c8f0dcdf-d4c2-4048-ae68-c1d212f663d6.jpg 984w, https:\/\/s2-g1.glbimg.com\/l9Lc0pjtGVZcOq_G1BitlVvM7wk=\/0x0:6720x4480\/640x0\/smart\/filters:strip_icc()\/i.s3.glbimg.com\/v1\/AUTH_59edd422c0c84a879bd37670ae4f538a\/internal_photos\/bs\/2025\/G\/7\/CuORD1QdmPBaHKEari3Q\/c8f0dcdf-d4c2-4048-ae68-c1d212f663d6.jpg 640w, https:\/\/s2-g1.glbimg.com\/VXVVfYJO77aSF6QiMPKvuUivXPM=\/0x0:6720x4480\/600x0\/smart\/filters:strip_icc()\/i.s3.glbimg.com\/v1\/AUTH_59edd422c0c84a879bd37670ae4f538a\/internal_photos\/bs\/2025\/G\/7\/CuORD1QdmPBaHKEari3Q\/c8f0dcdf-d4c2-4048-ae68-c1d212f663d6.jpg 600w\" alt=\"Prefeito de Palmas, Eduardo Siqueira Campos \u2014 Foto: Edu Fortes\/ Secom Palmas\" \/><\/figure>\n<\/div>\n<p class=\"content-media__description  \">Prefeito de Palmas, Eduardo Siqueira Campos \u2014 Foto: Edu Fortes\/ Secom Palmas<\/p>\n<\/div>\n<\/div>\n<\/div>\n<div id=\"chunk-alk8m\">\n<div class=\"content-ads content-ads--reveal\" data-block-type=\"ads\" data-block-id=\"14\"><\/div>\n<\/div>\n<div id=\"chunk-e09gk\">\n<div class=\"mc-column content-text active-extra-styles \" data-block-type=\"unstyled\" data-block-weight=\"25\" data-block-id=\"15\">\n<p class=\" content-text__container \" data-track-category=\"Link no Texto\" data-track-links=\"\" data-mrf-recirculation=\"Mat\u00e9ria - Links no Texto\">Segundo a PF, os alvos desta sexta &#8220;teriam tido\u00a0<strong>acesso antecipado a detalhes de opera\u00e7\u00f5es policiais<\/strong>, comprometendo a efic\u00e1cia das medidas judiciais que seriam implementadas&#8221;<\/p>\n<\/div>\n<\/div>\n<div id=\"chunk-bm4nt\">\n<div class=\"mc-column content-text active-extra-styles \" data-block-type=\"unstyled\" data-block-weight=\"31\" data-block-id=\"16\">\n<p class=\" content-text__container \" data-track-category=\"Link no Texto\" data-track-links=\"\" data-mrf-recirculation=\"Mat\u00e9ria - Links no Texto\">Ainda de acordo com o material divulgado, a opera\u00e7\u00e3o desta sexta tamb\u00e9m busca mais informa\u00e7\u00f5es sobre &#8220;<strong>eventuais privil\u00e9gios ilegais concedidos a um dos investigados atualmente preso<\/strong>&#8221; no \u00e2mbito da mesma investiga\u00e7\u00e3o.<\/p>\n<\/div>\n<\/div>\n<div id=\"chunk-9jjai\">\n<div class=\"mc-column content-text active-extra-styles \" data-block-type=\"unstyled\" data-block-weight=\"22\" data-block-id=\"17\">\n<p class=\" content-text__container \" data-track-category=\"Link no Texto\" data-track-links=\"\" data-mrf-recirculation=\"Mat\u00e9ria - Links no Texto\">Outro alvo seria um advogado de Bras\u00edlia que, de acordo com as investiga\u00e7\u00f5es, estaria vazando informa\u00e7\u00f5es sigilosas sobre investiga\u00e7\u00f5es para os alvos.<\/p>\n<\/div>\n<\/div>\n<div id=\"chunk-906kj\">\n<div class=\"mc-column content-text active-extra-styles\" data-block-type=\"raw\" data-block-weight=\"6\" data-block-id=\"18\">\n<p class=\"content-text__container\" data-mrf-recirculation=\"Mat\u00e9ria - Links no Texto\">\n<div class=\"content-intertitle\">\n<h2>Fase anterior prendeu grupo de exterm\u00ednio<\/h2>\n<\/div>\n<p>&nbsp;<\/p>\n<\/div>\n<\/div>\n<div id=\"chunk-84rrh\">\n<div class=\"mc-column content-text active-extra-styles \" data-block-type=\"unstyled\" data-block-weight=\"28\" data-block-id=\"19\">\n<p class=\" content-text__container \" data-track-category=\"Link no Texto\" data-track-links=\"\" data-mrf-recirculation=\"Mat\u00e9ria - Links no Texto\">Esta \u00e9 a nona fase da opera\u00e7\u00e3o Sisamnes \u2013 a mesma que, na quarta (28), prendeu\u00a0<a class=\"\" href=\"https:\/\/g1.globo.com\/politica\/blog\/camila-bomfim\/post\/2025\/05\/28\/pf-cumpre-mandados-em-nova-fase-de-operacao-sobre-venda-de-sentencas.ghtml\" data-mrf-link=\"https:\/\/g1.globo.com\/politica\/blog\/camila-bomfim\/post\/2025\/05\/28\/pf-cumpre-mandados-em-nova-fase-de-operacao-sobre-venda-de-sentencas.ghtml\" target=\"_blank\" rel=\"noopener\">cinco suspeitos de integrarem um grupo de espionagem e homic\u00eddios por encomenda<\/a>.<\/p>\n<p data-track-category=\"Link no Texto\" data-track-links=\"\" data-mrf-recirculation=\"Mat\u00e9ria - Links no Texto\">Com Informa\u00e7\u00f5es do G1. Com Ag\u00eancia de Not\u00edcias e PF-<\/p>\n<\/div>\n<\/div>\n<\/div>\n","protected":false},"excerpt":{"rendered":"<p>A Pol\u00edcia Federal faz novas buscas, nesta sexta-feira (30), em endere\u00e7os de suspeitos de envolvimento com um esquema nacional de venda de senten\u00e7as judiciais e vazamento de informa\u00e7\u00f5es sigilosas. Desta vez, policiais fazem buscas em endere\u00e7os de tr\u00eas suspeitos em\u00a0Palmas (TO).\u00a0O prefeito , Eduardo Siqueira Campos (Podemos), est\u00e1 entre os alvos das buscas \u2013 a &hellip;<\/p>\n","protected":false},"author":3,"featured_media":77277,"comment_status":"closed","ping_status":"open","sticky":false,"template":"","format":"standard","meta":{"footnotes":""},"categories":[26,19,33,4],"tags":[],"class_list":["post-77276","post","type-post","status-publish","format-standard","has-post-thumbnail","hentry","category-justica","category-manchete","category-policia","category-ultimas-noticias"],"_links":{"self":[{"href":"https:\/\/goiasemtempo.com.br\/home\/wp-json\/wp\/v2\/posts\/77276","targetHints":{"allow":["GET"]}}],"collection":[{"href":"https:\/\/goiasemtempo.com.br\/home\/wp-json\/wp\/v2\/posts"}],"about":[{"href":"https:\/\/goiasemtempo.com.br\/home\/wp-json\/wp\/v2\/types\/post"}],"author":[{"embeddable":true,"href":"https:\/\/goiasemtempo.com.br\/home\/wp-json\/wp\/v2\/users\/3"}],"replies":[{"embeddable":true,"href":"https:\/\/goiasemtempo.com.br\/home\/wp-json\/wp\/v2\/comments?post=77276"}],"version-history":[{"count":1,"href":"https:\/\/goiasemtempo.com.br\/home\/wp-json\/wp\/v2\/posts\/77276\/revisions"}],"predecessor-version":[{"id":77278,"href":"https:\/\/goiasemtempo.com.br\/home\/wp-json\/wp\/v2\/posts\/77276\/revisions\/77278"}],"wp:featuredmedia":[{"embeddable":true,"href":"https:\/\/goiasemtempo.com.br\/home\/wp-json\/wp\/v2\/media\/77277"}],"wp:attachment":[{"href":"https:\/\/goiasemtempo.com.br\/home\/wp-json\/wp\/v2\/media?parent=77276"}],"wp:term":[{"taxonomy":"category","embeddable":true,"href":"https:\/\/goiasemtempo.com.br\/home\/wp-json\/wp\/v2\/categories?post=77276"},{"taxonomy":"post_tag","embeddable":true,"href":"https:\/\/goiasemtempo.com.br\/home\/wp-json\/wp\/v2\/tags?post=77276"}],"curies":[{"name":"wp","href":"https:\/\/api.w.org\/{rel}","templated":true}]}}