{"id":77210,"date":"2025-05-28T20:18:50","date_gmt":"2025-05-28T20:18:50","guid":{"rendered":"https:\/\/goiasemtempo.com.br\/home\/?p=77210"},"modified":"2025-05-28T20:18:50","modified_gmt":"2025-05-28T20:18:50","slug":"treinador-vai-levar-cao-para-menina-com-espectro-autista-em-portugal","status":"publish","type":"post","link":"https:\/\/goiasemtempo.com.br\/home\/treinador-vai-levar-cao-para-menina-com-espectro-autista-em-portugal\/","title":{"rendered":"Treinador vai levar c\u00e3o para menina com espectro autista em Portugal"},"content":{"rendered":"<div id=\"chunk-su48\">\n<div class=\"mc-column content-text active-extra-styles \" data-block-type=\"unstyled\" data-block-weight=\"31\" data-block-id=\"3\">\n<p class=\" content-text__container \" data-track-category=\"Link no Texto\" data-track-links=\"\" data-mrf-recirculation=\"Mat\u00e9ria - Links no Texto\">O treinador de c\u00e3es Ricardo Cazarotte embarca na pr\u00f3xima sexta-feira (30) para Lisboa, em Portugal, para levar o c\u00e3o de servi\u00e7o Teddy ao encontro da menina Alice, de 12 anos.<\/p>\n<\/div>\n<\/div>\n<div class=\"wall protected-content\">\n<div id=\"chunk-bfenn\">\n<div class=\"mc-column content-text active-extra-styles \" data-block-type=\"unstyled\" data-block-weight=\"20\" data-block-id=\"5\">\n<p class=\" content-text__container \" data-track-category=\"Link no Texto\" data-track-links=\"\" data-mrf-recirculation=\"Mat\u00e9ria - Links no Texto\">O cachorro, que d\u00e1\u00a0<a class=\"\" href=\"https:\/\/g1.globo.com\/rj\/rio-de-janeiro\/noticia\/2025\/05\/26\/cao-de-servico-impedido-embarcar-previne-meltdown.ghtml\" data-mrf-link=\"https:\/\/g1.globo.com\/rj\/rio-de-janeiro\/noticia\/2025\/05\/26\/cao-de-servico-impedido-embarcar-previne-meltdown.ghtml\" target=\"_blank\" rel=\"noopener\">suporte \u00e0 menina autista<\/a>, foi impedido tr\u00eas vezes de embarcar pela companhia a\u00e9rea TAP, de Portugal.<\/p>\n<\/div>\n<\/div>\n<div id=\"chunk-5r4dc\">\n<div class=\"mc-column content-text active-extra-styles \" data-block-type=\"unstyled\" data-block-weight=\"27\" data-block-id=\"6\">\n<p class=\" content-text__container \" data-track-category=\"Link no Texto\" data-track-links=\"\" data-mrf-recirculation=\"Mat\u00e9ria - Links no Texto\">A fam\u00edlia est\u00e1 na Europa desde o come\u00e7o de abril, e se mudou para l\u00e1 por causa do trabalho do pai de Alice, o m\u00e9dico Renato S\u00e1.<\/p>\n<\/div>\n<\/div>\n<div id=\"chunk-e79oe\">\n<div class=\"mc-column content-text active-extra-styles \" data-block-type=\"unstyled\" data-block-weight=\"28\" data-block-id=\"7\">\n<p class=\" content-text__container \" data-track-category=\"Link no Texto\" data-track-links=\"\" data-mrf-recirculation=\"Mat\u00e9ria - Links no Texto\">A ida do treinador com o cachorro foi acertada ap\u00f3s conversas entre o Minist\u00e9rio de Portos e Aeroportos, o pai da menina e a empresa a\u00e9rea TAP.<\/p>\n<\/div>\n<\/div>\n<div id=\"chunk-fptmo\">\n<div class=\"content-ads content-ads--reveal\" data-block-type=\"ads\" data-block-id=\"8\"><\/div>\n<\/div>\n<div id=\"chunk-fl2bj\">\n<div class=\"mc-column content-text active-extra-styles \" data-block-type=\"unstyled\" data-block-weight=\"29\" data-block-id=\"9\">\n<p class=\" content-text__container \" data-track-category=\"Link no Texto\" data-track-links=\"\" data-mrf-recirculation=\"Mat\u00e9ria - Links no Texto\">Desde 8 de abril, a fam\u00edlia tenta levar Teddy. A primeira tentativa foi na viagem de mudan\u00e7a. Houve mais duas tentativas desde ent\u00e3o, inclusive com uma ordem judicial.<\/p>\n<\/div>\n<\/div>\n<div id=\"chunk-5rp66\">\n<div class=\"mc-column content-text active-extra-styles \" data-block-type=\"unstyled\" data-block-weight=\"35\" data-block-id=\"10\">\n<p class=\" content-text__container \" data-track-category=\"Link no Texto\" data-track-links=\"\" data-mrf-recirculation=\"Mat\u00e9ria - Links no Texto\">Mesmo assim, a TAP informou \u00e0 fam\u00edlia que n\u00e3o transportaria Teddy na cabine e sugeriu que o animal fosse no bagageiro. A irm\u00e3 da Alice, que ficou cuidando do c\u00e3o no Brasil, n\u00e3o concordou.<\/p>\n<\/div>\n<\/div>\n<div id=\"chunk-90e6r\">\n<div class=\"row medium-uncollapsed content-media content-photo\" data-block-type=\"backstage-photo\" data-block-id=\"11\">\n<div class=\" mc-column  content-media__container\">\n<div class=\"content-media-container glb-skeleton-box\">\n<figure class=\"content-media-figure\"><\/figure>\n<\/div>\n<p class=\"content-media__description  \">Tedy, o c\u00e3o de servi\u00e7o, no setor de embarque do Aeroporto do Gale\u00e3o, no Rio \u2014 Foto: \u00c1lbum de fam\u00edlia<\/p>\n<\/div>\n<\/div>\n<\/div>\n<div id=\"chunk-e5ae2\">\n<div class=\"mc-column content-text active-extra-styles \" data-block-type=\"unstyled\" data-block-weight=\"21\" data-block-id=\"12\">\n<p class=\" content-text__container \" data-track-category=\"Link no Texto\" data-track-links=\"\" data-mrf-recirculation=\"Mat\u00e9ria - Links no Texto\">A TAP afirmou que o cumprimento da decis\u00e3o violaria seu manual de opera\u00e7\u00f5es e colocaria em risco a seguran\u00e7a a bordo.<\/p>\n<\/div>\n<\/div>\n<div id=\"chunk-7a5jp\">\n<div class=\"mc-column content-text active-extra-styles \" data-block-type=\"unstyled\" data-block-weight=\"27\" data-block-id=\"13\">\n<p class=\" content-text__container \" data-track-category=\"Link no Texto\" data-track-links=\"\" data-mrf-recirculation=\"Mat\u00e9ria - Links no Texto\">O caso gerou repercuss\u00e3o em Portugal, onde o jornal Correio da Manh\u00e3 destacou o preju\u00edzo estimado em mais de R$ 3 milh\u00f5es com o cancelamento do voo.<\/p>\n<\/div>\n<\/div>\n<div id=\"chunk-82akc\">\n<div class=\"content-ads content-ads--reveal\" data-block-type=\"ads\" data-block-id=\"14\"><\/div>\n<\/div>\n<div id=\"chunk-fsrsm\">\n<div class=\"mc-column content-text active-extra-styles \" data-block-type=\"unstyled\" data-block-weight=\"18\" data-block-id=\"15\">\n<p class=\" content-text__container \" data-track-category=\"Link no Texto\" data-track-links=\"\" data-mrf-recirculation=\"Mat\u00e9ria - Links no Texto\">A fam\u00edlia contesta a exig\u00eancia da empresa e afirma que o certificado apresentado \u00e9 aceito pelo governo portugu\u00eas.<\/p>\n<\/div>\n<\/div>\n<div id=\"chunk-47pkq\">\n<div class=\"row medium-uncollapsed content-media content-photo\" data-block-type=\"backstage-photo\" data-block-id=\"16\">\n<div class=\" mc-column  content-media__container\">\n<div class=\"content-media-container glb-skeleton-box\">\n<figure class=\"content-media-figure\"><img decoding=\"async\" class=\"i-amphtml-fill-content i-amphtml-replaced-content\" src=\"https:\/\/s2-g1.glbimg.com\/zUI-CLg6-NjFZKQEFN0RccxqCSE=\/0x0:960x1280\/984x0\/smart\/filters:strip_icc()\/i.s3.glbimg.com\/v1\/AUTH_59edd422c0c84a879bd37670ae4f538a\/internal_photos\/bs\/2025\/Q\/x\/GRDw0oQQ6R660TgyIl5Q\/tedy1.jpeg\" sizes=\"(max-width: 1366px) 648px, 100vw\" srcset=\"https:\/\/s2-g1.glbimg.com\/ardIl31iz76y-b--8k479MZlkCY=\/0x0:960x1280\/1000x0\/smart\/filters:strip_icc()\/i.s3.glbimg.com\/v1\/AUTH_59edd422c0c84a879bd37670ae4f538a\/internal_photos\/bs\/2025\/Q\/x\/GRDw0oQQ6R660TgyIl5Q\/tedy1.jpeg 1000w, https:\/\/s2-g1.glbimg.com\/zUI-CLg6-NjFZKQEFN0RccxqCSE=\/0x0:960x1280\/984x0\/smart\/filters:strip_icc()\/i.s3.glbimg.com\/v1\/AUTH_59edd422c0c84a879bd37670ae4f538a\/internal_photos\/bs\/2025\/Q\/x\/GRDw0oQQ6R660TgyIl5Q\/tedy1.jpeg 984w, https:\/\/s2-g1.glbimg.com\/qmkKGA1YAgzPcXnpGH5uKxmv8Wg=\/0x0:960x1280\/640x0\/smart\/filters:strip_icc()\/i.s3.glbimg.com\/v1\/AUTH_59edd422c0c84a879bd37670ae4f538a\/internal_photos\/bs\/2025\/Q\/x\/GRDw0oQQ6R660TgyIl5Q\/tedy1.jpeg 640w, https:\/\/s2-g1.glbimg.com\/g8YvQHJZA20MW3eT3FkOF3nTrW8=\/0x0:960x1280\/600x0\/smart\/filters:strip_icc()\/i.s3.glbimg.com\/v1\/AUTH_59edd422c0c84a879bd37670ae4f538a\/internal_photos\/bs\/2025\/Q\/x\/GRDw0oQQ6R660TgyIl5Q\/tedy1.jpeg 600w\" alt=\"Tedy \u00e9 c\u00e3o de servi\u00e7o de uma crian\u00e7a autista e foi proibido pela empresa a\u00e9rea TAP a embarcar em voo com destino a Portugal \u2014 Foto: Arquivo pessoal\" \/><\/figure>\n<\/div>\n<p class=\"content-media__description  \">Tedy \u00e9 c\u00e3o de servi\u00e7o de uma crian\u00e7a autista e foi proibido pela empresa a\u00e9rea TAP a embarcar em voo com destino a Portugal \u2014 Foto: Arquivo pessoal<\/p>\n<\/div>\n<\/div>\n<\/div>\n<div id=\"chunk-58cdu\">\n<div class=\"mc-column content-text active-extra-styles\" data-block-type=\"raw\" data-block-weight=\"4\" data-block-id=\"17\">\n<p class=\"content-text__container\" data-mrf-recirculation=\"Mat\u00e9ria - Links no Texto\">\n<div class=\"content-intertitle\">\n<h2>Negocia\u00e7\u00e3o para a viagem<\/h2>\n<\/div>\n<p>&nbsp;<\/p>\n<\/div>\n<\/div>\n<div id=\"chunk-6tghs\">\n<div class=\"mc-column content-text active-extra-styles \" data-block-type=\"unstyled\" data-block-weight=\"29\" data-block-id=\"18\">\n<p class=\" content-text__container \" data-track-category=\"Link no Texto\" data-track-links=\"\" data-mrf-recirculation=\"Mat\u00e9ria - Links no Texto\">Na manh\u00e3 de ter\u00e7a-feira (27), o ministro de Portos e Aeroportos, Silvio Costa Filho informou o pai da crian\u00e7a que negociaria uma solu\u00e7\u00e3o com a companhia a\u00e9rea portuguesa.<\/p>\n<\/div>\n<\/div>\n<div id=\"chunk-epmhf\">\n<div class=\"mc-column content-text active-extra-styles \" data-block-type=\"unstyled\" data-block-weight=\"42\" data-block-id=\"19\">\n<p class=\" content-text__container \" data-track-category=\"Link no Texto\" data-track-links=\"\" data-mrf-recirculation=\"Mat\u00e9ria - Links no Texto\">A negocia\u00e7\u00e3o prev\u00ea que Ricardo Cazarotte saia de Ribeir\u00e3o Preto, no interior de S\u00e3o Paulo, e v\u00e1 at\u00e9 Niter\u00f3i, na Regi\u00e3o Metropolitana do Rio de Janeiro, para se encontrar com Teddy e embarcarem para Portugal. Depois, o treinador retorna para S\u00e3o Paulo.<\/p>\n<\/div>\n<\/div>\n<div id=\"chunk-o5tf\">\n<div class=\"mc-column content-text active-extra-styles \" data-block-type=\"unstyled\" data-block-weight=\"45\" data-block-id=\"20\">\n<p class=\" content-text__container \" data-track-category=\"Link no Texto\" data-track-links=\"\" data-mrf-recirculation=\"Mat\u00e9ria - Links no Texto\">O animal, que foi treinado por Cazarotte por 1 ano e meio para prevenir crises emocionais graves na menina, vai viajar ao lado do treinador. Teddy est\u00e1 separado de Alice h\u00e1 50 dias, o que j\u00e1 resultou em epis\u00f3dios de desregula\u00e7\u00e3o emocional na crian\u00e7a.<\/p>\n<\/div>\n<\/div>\n<div id=\"chunk-27qng\">\n<div class=\"content-ads content-ads--reveal\" data-block-type=\"ads\" data-block-id=\"21\"><\/div>\n<\/div>\n<div id=\"chunk-6feo2\">\n<div class=\"mc-column content-text active-extra-styles \" data-block-type=\"unstyled\" data-block-weight=\"32\" data-block-id=\"22\">\n<p class=\" content-text__container \" data-track-category=\"Link no Texto\" data-track-links=\"\" data-mrf-recirculation=\"Mat\u00e9ria - Links no Texto\">Cazarotte foi respons\u00e1vel pelo canil da Pol\u00edcia Militar de S\u00e3o Paulo at\u00e9 se aposentar. O treinador se especializou em preparar c\u00e3es de assist\u00eancia e at\u00e9 para detectar doen\u00e7as previamente em pessoas.<\/p>\n<\/div>\n<\/div>\n<div id=\"chunk-1ekdg\">\n<div class=\"mc-column content-text active-extra-styles \" data-block-type=\"unstyled\" data-block-weight=\"15\" data-block-id=\"23\">\n<p class=\" content-text__container \" data-track-category=\"Link no Texto\" data-track-links=\"\" data-mrf-recirculation=\"Mat\u00e9ria - Links no Texto\">Como \u00e9 o treinador do animal s\u00f3 ele ou a cuidadora podem viajar com Teddy.<\/p>\n<p data-track-category=\"Link no Texto\" data-track-links=\"\" data-mrf-recirculation=\"Mat\u00e9ria - Links no Texto\">Com G1\/ Ag\u00eancia de Not\u00edcias<\/p>\n<\/div>\n<\/div>\n<\/div>\n","protected":false},"excerpt":{"rendered":"<p>O treinador de c\u00e3es Ricardo Cazarotte embarca na pr\u00f3xima sexta-feira (30) para Lisboa, em Portugal, para levar o c\u00e3o de servi\u00e7o Teddy ao encontro da menina Alice, de 12 anos. O cachorro, que d\u00e1\u00a0suporte \u00e0 menina autista, foi impedido tr\u00eas vezes de embarcar pela companhia a\u00e9rea TAP, de Portugal. A fam\u00edlia est\u00e1 na Europa desde &hellip;<\/p>\n","protected":false},"author":3,"featured_media":77211,"comment_status":"closed","ping_status":"open","sticky":false,"template":"","format":"standard","meta":{"footnotes":""},"categories":[4],"tags":[],"class_list":["post-77210","post","type-post","status-publish","format-standard","has-post-thumbnail","hentry","category-ultimas-noticias"],"_links":{"self":[{"href":"https:\/\/goiasemtempo.com.br\/home\/wp-json\/wp\/v2\/posts\/77210","targetHints":{"allow":["GET"]}}],"collection":[{"href":"https:\/\/goiasemtempo.com.br\/home\/wp-json\/wp\/v2\/posts"}],"about":[{"href":"https:\/\/goiasemtempo.com.br\/home\/wp-json\/wp\/v2\/types\/post"}],"author":[{"embeddable":true,"href":"https:\/\/goiasemtempo.com.br\/home\/wp-json\/wp\/v2\/users\/3"}],"replies":[{"embeddable":true,"href":"https:\/\/goiasemtempo.com.br\/home\/wp-json\/wp\/v2\/comments?post=77210"}],"version-history":[{"count":1,"href":"https:\/\/goiasemtempo.com.br\/home\/wp-json\/wp\/v2\/posts\/77210\/revisions"}],"predecessor-version":[{"id":77212,"href":"https:\/\/goiasemtempo.com.br\/home\/wp-json\/wp\/v2\/posts\/77210\/revisions\/77212"}],"wp:featuredmedia":[{"embeddable":true,"href":"https:\/\/goiasemtempo.com.br\/home\/wp-json\/wp\/v2\/media\/77211"}],"wp:attachment":[{"href":"https:\/\/goiasemtempo.com.br\/home\/wp-json\/wp\/v2\/media?parent=77210"}],"wp:term":[{"taxonomy":"category","embeddable":true,"href":"https:\/\/goiasemtempo.com.br\/home\/wp-json\/wp\/v2\/categories?post=77210"},{"taxonomy":"post_tag","embeddable":true,"href":"https:\/\/goiasemtempo.com.br\/home\/wp-json\/wp\/v2\/tags?post=77210"}],"curies":[{"name":"wp","href":"https:\/\/api.w.org\/{rel}","templated":true}]}}