{"id":77186,"date":"2025-05-28T18:47:52","date_gmt":"2025-05-28T18:47:52","guid":{"rendered":"https:\/\/goiasemtempo.com.br\/home\/?p=77186"},"modified":"2025-05-28T18:47:52","modified_gmt":"2025-05-28T18:47:52","slug":"vem-voz-evangelizacao-e-musica-maior-festival-de-musica-catolica-do-brasil-abre-inscricoes","status":"publish","type":"post","link":"https:\/\/goiasemtempo.com.br\/home\/vem-voz-evangelizacao-e-musica-maior-festival-de-musica-catolica-do-brasil-abre-inscricoes\/","title":{"rendered":"VEM &#8211; Voz, Evangeliza\u00e7\u00e3o e M\u00fasica: maior festival de m\u00fasica cat\u00f3lica do Brasil abre inscri\u00e7\u00f5es"},"content":{"rendered":"<p>O principal festival de m\u00fasica cat\u00f3lica contempor\u00e2nea do Brasil est\u00e1 com inscri\u00e7\u00f5es abertas para a 5a\u00a0edi\u00e7\u00e3o. Promovido pela Associa\u00e7\u00e3o Evangelizar \u00c9 Preciso, o VEM \u2013 Voz, Evangeliza\u00e7\u00e3o e M\u00fasica \u2013 chega em 2025 consolidado como uma vitrine nacional para novos talentos que unem f\u00e9 e arte. As inscri\u00e7\u00f5es podem ser feitas gratuitamente a partir desta segunda-feira (26) e seguem at\u00e9 28 de julho, exclusivamente pelo site\u00a0<a href=\"https:\/\/bombai.us8.list-manage.com\/track\/click?u=10feae69d1d45ef7a087cd134&amp;id=e238be5290&amp;e=ca97924e3f\" target=\"_blank\" rel=\"noopener\" data-saferedirecturl=\"https:\/\/www.google.com\/url?q=https:\/\/bombai.us8.list-manage.com\/track\/click?u%3D10feae69d1d45ef7a087cd134%26id%3De238be5290%26e%3Dca97924e3f&amp;source=gmail&amp;ust=1748543970731000&amp;usg=AOvVaw3XYFErfeoMLV38uf3f8Qoo\">vemfestival.com.br<\/a>.<\/p>\n<p>Com o prop\u00f3sito de valorizar a m\u00fasica como instrumento de evangeliza\u00e7\u00e3o e de renova\u00e7\u00e3o cultural, o Festival VEM vai selecionar\u00a0<strong>16 can\u00e7\u00f5es autorais ligadas \u00e0 f\u00e9 cat\u00f3lica<\/strong>, cujos autores e int\u00e9rpretes ser\u00e3o convidados a participar das apresenta\u00e7\u00f5es ao vivo, que acontecem em\u00a0<strong>novembro de 2025<\/strong>, na sede da Evangelizar, em Curitiba (PR). Os finalistas ter\u00e3o todas as despesas pagas pela organiza\u00e7\u00e3o e ir\u00e3o participar de uma programa\u00e7\u00e3o intensa, que inclui ensaios, forma\u00e7\u00e3o espiritual e orienta\u00e7\u00e3o musical.<\/p>\n<p>De acordo com o coordenador do festival,\u00a0<strong>Jefferson Genta<\/strong>, os requisitos para participa\u00e7\u00e3o s\u00e3o simples, mas importantes: \u00e9 preciso\u00a0<strong>ter mais de 18 anos<\/strong>\u00a0e ser o\u00a0<strong>autor de uma m\u00fasica com tem\u00e1tica cat\u00f3lica<\/strong>. \u201c<em>A pessoa pode ser tamb\u00e9m o int\u00e9rprete da pr\u00f3pria m\u00fasica ou indicar algu\u00e9m para defend\u00ea-la no palco. O essencial \u00e9 que a composi\u00e7\u00e3o seja autoral e que o participante esteja dispon\u00edvel para os dias do festival presencial, em novembro\u201d<\/em>, explica. A proposta do evento \u00e9 acolher m\u00fasicos de diferentes estilos e regi\u00f5es do pa\u00eds, desde que o conte\u00fado das can\u00e7\u00f5es dialogue com os valores da f\u00e9 cat\u00f3lica e da miss\u00e3o evangelizadora.<\/p>\n<p>A curadoria respons\u00e1vel pela sele\u00e7\u00e3o das m\u00fasicas \u00e9 formada por\u00a0<strong>mais de 20 profissionais<\/strong>\u00a0com experi\u00eancia no mercado musical, tanto cat\u00f3lico quanto secular. Entre os crit\u00e9rios avaliados est\u00e3o\u00a0<strong>a originalidade da composi\u00e7\u00e3o, a criatividade, a qualidade da interpreta\u00e7\u00e3o, a profundidade e coer\u00eancia da letra, al\u00e9m da adequa\u00e7\u00e3o teol\u00f3gica e do uso apropriado da linguagem<\/strong>. A primeira fase do processo seletivo acontece de forma online, a partir das inscri\u00e7\u00f5es, e define os 16 classificados que seguem para a etapa presencial em Curitiba.<\/p>\n<p>Mais do que apenas uma competi\u00e7\u00e3o, o Festival VEM \u00e9 tamb\u00e9m uma oportunidade de forma\u00e7\u00e3o e visibilidade para quem deseja evangelizar por meio da m\u00fasica. Os finalistas concorrem a pr\u00eamios que v\u00e3o desde grava\u00e7\u00f5es profissionais at\u00e9 mentorias especializadas. O autor da\u00a0<strong>melhor composi\u00e7\u00e3o<\/strong>\u00a0ir\u00e1 receber um kit de\u00a0<em>home studio<\/em>\u00a0completo e ter\u00e1 sua m\u00fasica gravada em est\u00fadio. O pr\u00eamio de\u00a0<strong>melhor int\u00e9rprete<\/strong>\u00a0inclui a grava\u00e7\u00e3o de uma live session, um microfone profissional e tamb\u00e9m a grava\u00e7\u00e3o da m\u00fasica. J\u00e1 o vencedor do\u00a0<strong>voto popular<\/strong>\u00a0ser\u00e1 contemplado com orienta\u00e7\u00e3o vocal, assessoria em marketing musical e grava\u00e7\u00e3o da can\u00e7\u00e3o.<\/p>\n<p>Para o diretor do festival,\u00a0<strong>Jos\u00e9 de Melo<\/strong>, o VEM tem se destacado por revelar talentos que traduzem a espiritualidade crist\u00e3 em can\u00e7\u00f5es contempor\u00e2neas, com qualidade t\u00e9cnica e sensibilidade art\u00edstica. Segundo ele, embora a diversidade regional dos participantes seja uma consequ\u00eancia natural, o foco principal da curadoria \u00e9\u00a0<strong>a for\u00e7a musical e evangelizadora das composi\u00e7\u00f5es<\/strong>. \u201c<em>A escolha das m\u00fasicas que seguem para as semifinais e para a final leva em conta a qualidade r\u00edtmica, harm\u00f4nica, a riqueza nos arranjos e a beleza da melodia. Procuramos can\u00e7\u00f5es que possam ser bem executadas ao vivo pela banda do festival, que tenham for\u00e7a para se destacar no cen\u00e1rio da m\u00fasica cat\u00f3lica brasileira<\/em>\u201d, afirma.<\/p>\n<p>A 5\u00aa edi\u00e7\u00e3o do VEM promete tamb\u00e9m inova\u00e7\u00f5es importantes em sua estrutura e apresenta\u00e7\u00e3o. A equipe da Associa\u00e7\u00e3o Evangelizar \u00c9 Preciso est\u00e1 preparando melhorias t\u00e9cnicas e visuais para que o festival, como produto audiovisual, continue a crescer e se conectar com o p\u00fablico. \u201c<em>Estamos investindo em novos formatos, em cen\u00e1rios renovados e em recursos tecnol\u00f3gicos que destaquem a evolu\u00e7\u00e3o do festival. O VEM precisa acompanhar as transforma\u00e7\u00f5es do meio musical e se firmar como uma refer\u00eancia n\u00e3o s\u00f3 art\u00edstica, mas tamb\u00e9m espiritual e humana<\/em>\u201d, diz Jos\u00e9 de Melo.<\/p>\n<p>Mais do que t\u00e9cnica ou estilo, o que realmente diferencia os artistas que se destacam nas quatro edi\u00e7\u00f5es anteriores do VEM \u00e9 a voca\u00e7\u00e3o. Para Jos\u00e9 de Melo, o ponto de partida est\u00e1 na inten\u00e7\u00e3o evangelizadora. \u201c<em>Um artista est\u00e1 pronto quando tem clareza de sua miss\u00e3o: evangelizar com autenticidade, com amor, com verdade. As m\u00fasicas que tocam o cora\u00e7\u00e3o s\u00e3o aquelas que nascem de experi\u00eancias sinceras, que respeitam as tradi\u00e7\u00f5es culturais e regionais, mas que tamb\u00e9m trazem algo novo para o nosso tempo. O conselho que deixo \u00e9 que os inscritos mantenham sua personalidade, n\u00e3o tenham medo de serem quem s\u00e3o. Se sua raiz est\u00e1 na m\u00fasica sertaneja, na can\u00e7\u00e3o popular nordestina, no samba, no pop ou no rock, use isso com sabedoria. A for\u00e7a est\u00e1 na verdade da sua m\u00fasica<\/em>\u201d, conclui.<\/p>\n<p><strong>Vozes que permanecem: vencedores de 2024 conquistam proje\u00e7\u00e3o<\/strong><\/p>\n<p>A import\u00e2ncia e o alcance do Festival VEM ficam ainda mais evidentes quando se ouve o testemunho daqueles que j\u00e1 passaram pelo palco. Os vencedores da edi\u00e7\u00e3o de 2024 compartilharam como a experi\u00eancia transformou suas vidas e carreiras.\u00a0<strong>Lucas Eduardo<\/strong>, artista de\u00a0S\u00e3o Bento do Sul (SC), premiado como melhor compositor, conta que a vit\u00f3ria despertou um novo olhar do p\u00fablico para sua arte: \u201c<em>As pessoas passaram a me admirar mais, especialmente depois de me verem na TV. Isso me deu visibilidade n\u00e3o s\u00f3 como artista, mas tamb\u00e9m como evangelizador. Minha miss\u00e3o sempre foi evangelizar por meio da m\u00fasica, e agora essa miss\u00e3o alcan\u00e7ou ainda mais cora\u00e7\u00f5es<\/em>\u201d.<\/p>\n<p>Al\u00e9m de participar de programas de TV e r\u00e1dio, Lucas viu sua atua\u00e7\u00e3o profissional crescer: \u201c<em>Na minha cidade, o reconhecimento foi muito grande. Isso impactou diretamente no meu trabalho com m\u00fasica para casamentos, me trouxe mais contratos e at\u00e9 retorno financeiro. Mas o que mais me toca \u00e9 saber que minha m\u00fasica segue tocando vidas. As pessoas comentam muito sobre a apresenta\u00e7\u00e3o no YouTube e dizem como a letra ajudou a refletir sobre o amor de Deus e o chamado \u00e0 santidade. Isso \u00e9 o mais importante para mim: saber que Deus me usou como instrumento<\/em>\u201d, diz.<\/p>\n<p>J\u00e1 a cantora de\u00a0Tr\u00eas Lagoas (MS),\u00a0<strong>Silvia Rodrigues<\/strong>, eleita melhor int\u00e9rprete, v\u00ea o festival como uma verdadeira experi\u00eancia de reconcilia\u00e7\u00e3o espiritual. \u201c<em>O VEM foi um presente de Deus. Eu estava distante da minha miss\u00e3o, mergulhada numa carreira secular. E foi atrav\u00e9s do festival que Jesus me trouxe de volta, com amor. Mais do que vencer, foi reencontrar o meu prop\u00f3sito. Hoje eu canto com outra consci\u00eancia: n\u00e3o \u00e9 sobre t\u00e9cnica, \u00e9 sobre ser luz para quem me ouve. Sigo na evangeliza\u00e7\u00e3o mais convicta do que nunca<\/em>\u201d, relata. Ap\u00f3s o festival, Silvia passou por um processo de convers\u00e3o pessoal e familiar: \u201c<em>Hoje toda a minha fam\u00edlia caminha comigo na f\u00e9. Sa\u00edmos em miss\u00e3o juntos: eu, meu esposo e meus filhos. E posso dizer com toda certeza: a alegria do Senhor \u00e9 nossa for\u00e7a\u201d,<\/em>\u00a0ressalta.<\/p>\n<p><strong>Almir Jorge<\/strong>, de\u00a0Carira (SE), escolhido pelo p\u00fablico como o artista mais querido, afirma que sua trajet\u00f3ria musical come\u00e7ou justamente no ambiente do VEM. \u201c<em>Eu n\u00e3o tinha carreira musical antes do festival, minha caminhada come\u00e7ou j\u00e1 na miss\u00e3o. O VEM me ajudou a ser mais conhecido e, assim, cumprir melhor esse chamado de evangelizar atrav\u00e9s da m\u00fasica<\/em>\u201d. Para ele, o impacto do festival foi tamb\u00e9m pessoal: \u201c<em>Sou uma pessoa muito t\u00edmida, e o VEM foi uma oportunidade de quebrar barreiras, de crescer como servo. Foi uma porta aberta para me fortalecer na miss\u00e3o<\/em>\u201d, conta.<\/p>\n<p class=\"m_5597516828932306550mcePastedContent\">As inscri\u00e7\u00f5es para o Festival VEM \u2013 Voz, Evangeliza\u00e7\u00e3o e M\u00fasica \u2013 estar\u00e3o abertas entre os dias\u00a0<strong>26 de maio e 28 de julho<\/strong>. Para mais informa\u00e7\u00f5es e acesso ao regulamento, basta acessar o<a href=\"https:\/\/bombai.us8.list-manage.com\/track\/click?u=10feae69d1d45ef7a087cd134&amp;id=54d62f5aaa&amp;e=ca97924e3f\" target=\"_blank\" rel=\"noopener\" data-saferedirecturl=\"https:\/\/www.google.com\/url?q=https:\/\/bombai.us8.list-manage.com\/track\/click?u%3D10feae69d1d45ef7a087cd134%26id%3D54d62f5aaa%26e%3Dca97924e3f&amp;source=gmail&amp;ust=1748543970732000&amp;usg=AOvVaw0yiU2ruxuzoH__EFVF18Ft\">\u00a0site oficial<\/a>\u00a0do Festival.<\/p>\n","protected":false},"excerpt":{"rendered":"<p>O principal festival de m\u00fasica cat\u00f3lica contempor\u00e2nea do Brasil est\u00e1 com inscri\u00e7\u00f5es abertas para a 5a\u00a0edi\u00e7\u00e3o. Promovido pela Associa\u00e7\u00e3o Evangelizar \u00c9 Preciso, o VEM \u2013 Voz, Evangeliza\u00e7\u00e3o e M\u00fasica \u2013 chega em 2025 consolidado como uma vitrine nacional para novos talentos que unem f\u00e9 e arte. As inscri\u00e7\u00f5es podem ser feitas gratuitamente a partir desta &hellip;<\/p>\n","protected":false},"author":3,"featured_media":77187,"comment_status":"closed","ping_status":"open","sticky":false,"template":"","format":"standard","meta":{"_exactmetrics_skip_tracking":false,"_exactmetrics_sitenote_active":false,"_exactmetrics_sitenote_note":"","_exactmetrics_sitenote_category":0,"footnotes":""},"categories":[53,66],"tags":[],"_links":{"self":[{"href":"https:\/\/goiasemtempo.com.br\/home\/wp-json\/wp\/v2\/posts\/77186"}],"collection":[{"href":"https:\/\/goiasemtempo.com.br\/home\/wp-json\/wp\/v2\/posts"}],"about":[{"href":"https:\/\/goiasemtempo.com.br\/home\/wp-json\/wp\/v2\/types\/post"}],"author":[{"embeddable":true,"href":"https:\/\/goiasemtempo.com.br\/home\/wp-json\/wp\/v2\/users\/3"}],"replies":[{"embeddable":true,"href":"https:\/\/goiasemtempo.com.br\/home\/wp-json\/wp\/v2\/comments?post=77186"}],"version-history":[{"count":1,"href":"https:\/\/goiasemtempo.com.br\/home\/wp-json\/wp\/v2\/posts\/77186\/revisions"}],"predecessor-version":[{"id":77188,"href":"https:\/\/goiasemtempo.com.br\/home\/wp-json\/wp\/v2\/posts\/77186\/revisions\/77188"}],"wp:featuredmedia":[{"embeddable":true,"href":"https:\/\/goiasemtempo.com.br\/home\/wp-json\/wp\/v2\/media\/77187"}],"wp:attachment":[{"href":"https:\/\/goiasemtempo.com.br\/home\/wp-json\/wp\/v2\/media?parent=77186"}],"wp:term":[{"taxonomy":"category","embeddable":true,"href":"https:\/\/goiasemtempo.com.br\/home\/wp-json\/wp\/v2\/categories?post=77186"},{"taxonomy":"post_tag","embeddable":true,"href":"https:\/\/goiasemtempo.com.br\/home\/wp-json\/wp\/v2\/tags?post=77186"}],"curies":[{"name":"wp","href":"https:\/\/api.w.org\/{rel}","templated":true}]}}