{"id":77150,"date":"2025-05-24T17:44:31","date_gmt":"2025-05-24T17:44:31","guid":{"rendered":"https:\/\/goiasemtempo.com.br\/home\/?p=77150"},"modified":"2025-05-24T17:44:31","modified_gmt":"2025-05-24T17:44:31","slug":"no-df-mae-engravida-com-diu-e-bebe-nasce-com-dispositivo-colado-ao-corpo","status":"publish","type":"post","link":"https:\/\/goiasemtempo.com.br\/home\/no-df-mae-engravida-com-diu-e-bebe-nasce-com-dispositivo-colado-ao-corpo\/","title":{"rendered":"No DF, M\u00e3e engravida com DIU e beb\u00ea nasce com dispositivo colado ao corpo"},"content":{"rendered":"<div class=\"mc-column content-text active-extra-styles active-capital-letter\" data-block-type=\"unstyled\" data-block-weight=\"63\" data-block-id=\"1\">\n<p class=\" content-text__container theme-color-primary-first-letter\" data-track-category=\"Link no Texto\" data-track-links=\"\" data-mrf-recirculation=\"Article links\">A chegada de Bernardo ficar\u00e1 marcada para sempre na mem\u00f3ria da fam\u00edlia. Afinal, o beb\u00ea enfrentou a baixa probabilidade de vir ao mundo, j\u00e1 que sua m\u00e3e\u00a0<a class=\"\" href=\"https:\/\/revistacrescer.globo.com\/Gravidez\/Planejando-a-gravidez\/noticia\/2017\/08\/diu-tudo-o-que-voce-precisa-saber-sobre-esse-metodo-contraceptivo.html\" data-mrf-link=\"https:\/\/revistacrescer.globo.com\/Gravidez\/Planejando-a-gravidez\/noticia\/2017\/08\/diu-tudo-o-que-voce-precisa-saber-sobre-esse-metodo-contraceptivo.html\" target=\"_blank\" rel=\"noopener\">usava o DIU<\/a>\u00a0quando engravidou. No entanto, outro detalhe chamou a aten\u00e7\u00e3o em seu nascimento, tornando o desfecho dessa hist\u00f3ria ainda mais surpreendente \u2014\u00a0<span class=\"highlight highlighted\">o pequeno nasceu com o dispositivo Intrauterino colado em seu bumbum.<\/span><\/p>\n<\/div>\n<div class=\"wall protected-content\">\n<div class=\"row medium-uncollapsed content-media content-photo\" data-block-type=\"backstage-photo\" data-block-id=\"2\">\n<div class=\"mc-column content-media__container\">\n<div class=\"content-media-container\">\n<div class=\"cropped-block\">\n<div class=\"mc-column content-text active-extra-styles \" data-block-type=\"unstyled\" data-block-weight=\"43\" data-block-id=\"3\">\n<p class=\" content-text__container \" data-track-category=\"Link no Texto\" data-track-links=\"\" data-mrf-recirculation=\"Article links\">A obstetra e ginecologista Rafaela Frota (@<a class=\"\" href=\"https:\/\/www.instagram.com\/p\/DJPygecP12f\/?hl=en\" target=\"_blank\" rel=\"noopener\" data-mrf-link=\"https:\/\/www.instagram.com\/p\/DJPygecP12f\/?hl=en\">drarafaelafrota<\/a>), de Bras\u00edlia (DF), compartilhou a hist\u00f3ria incr\u00edvel em suas redes sociais e a publica\u00e7\u00e3o, rapidamente, viralizou. A m\u00e9dica explicou que o DIU n\u00e3o ofereceu risco para a sua paciente ao longo da gesta\u00e7\u00e3o.<\/p>\n<\/div>\n<\/div>\n<div class=\"cropped-block\">\n<div class=\"mc-column content-text active-extra-styles \" data-block-type=\"unstyled\" data-block-weight=\"59\" data-block-id=\"4\">\n<p class=\" content-text__container \" data-track-category=\"Link no Texto\" data-track-links=\"\" data-mrf-recirculation=\"Article links\">A decis\u00e3o para remover o dispositivo uterino durante a gravidez deve ser tomada com cautela pelos m\u00e9dicos. Segundo a especialista, quando o dispositivo intrauterino se encontra abaixo do local da implanta\u00e7\u00e3o do embri\u00e3o, \u00e9 necess\u00e1ria a remo\u00e7\u00e3o. No caso da m\u00e3e do pequeno Bernardo, a obstetra optou pela n\u00e3o retirada para evitar a possibilidade de um\u00a0<a class=\"\" href=\"https:\/\/revistacrescer.globo.com\/Gravidez\/Saude\/noticia\/2013\/04\/entenda-o-aborto-espontaneo.html\" data-mrf-link=\"https:\/\/revistacrescer.globo.com\/Gravidez\/Saude\/noticia\/2013\/04\/entenda-o-aborto-espontaneo.html\" target=\"_blank\" rel=\"noopener\">aborto espont\u00e2neo<\/a>.<\/p>\n<\/div>\n<\/div>\n<div class=\"cropped-block\">\n<div class=\"mc-column content-text active-extra-styles\" data-block-type=\"raw\" data-block-weight=\"51\" data-block-id=\"5\">\n<p>A m\u00e9dica tamb\u00e9m revela que a m\u00e3e de Bernardo precisou passar por uma cesariana de emerg\u00eancia, que n\u00e3o teve liga\u00e7\u00e3o com o DIU. A paciente teve um <a class=\"\" href=\"https:\/\/revistacrescer.globo.com\/gravidez\/saude-bem-estar\/noticia\/2024\/06\/descolamento-de-placenta-o-que-e-quais-sao-os-sintomas-e-o-que-fazer.ghtml\" data-mrf-link=\"https:\/\/revistacrescer.globo.com\/gravidez\/saude-bem-estar\/noticia\/2024\/06\/descolamento-de-placenta-o-que-e-quais-sao-os-sintomas-e-o-que-fazer.ghtml\" target=\"_blank\" rel=\"noopener\">descolamento prematuro de placenta<\/a>. Como a bolsa da gestante rompeu antes da cirurgia, o beb\u00ea teve contato com o DIU, que ficou colado em seu corpo devido ao<a class=\"\" href=\"https:\/\/revistacrescer.globo.com\/bebes\/saude\/noticia\/2019\/04\/vernix-entenda-o-que-e-e-conheca-os-beneficios.ghtml\" data-mrf-link=\"https:\/\/revistacrescer.globo.com\/bebes\/saude\/noticia\/2019\/04\/vernix-entenda-o-que-e-e-conheca-os-beneficios.ghtml\" target=\"_blank\" rel=\"noopener\">\u00a0v\u00e9rnix\u00a0<\/a>\u2014 subst\u00e2ncia esbranqui\u00e7ada e gordurosa que recobre a pele dos rec\u00e9m-nascidos. \u201cNunca tinha visto o DIU ficar nesse local. Ent\u00e3o, quando fui entregar o Bernardo para o pediatra, fiquei surpresa. Achei diferente e pedi para o pai tirar uma foto\u201d, a m\u00e9dica lembrou.<\/p>\n<\/div>\n<\/div>\n<div class=\"cropped-block\">\n<div class=\"content-ads content-ads--reveal\" data-block-type=\"ads\" data-block-id=\"7\"><\/div>\n<\/div>\n<div class=\"cropped-block\">\n<div class=\"mc-column content-text active-extra-styles \" data-block-type=\"unstyled\" data-block-weight=\"44\" data-block-id=\"8\">\n<p class=\" content-text__container \" data-track-category=\"Link no Texto\" data-track-links=\"\" data-mrf-recirculation=\"Article links\">Rafaela n\u00e3o imaginava que sua imagem teria tanta repercuss\u00e3o nas redes sociais. \u201cA ideia era mostrar que o DIU, como qualquer outro m\u00e9todo, pode falhar, mas mesmo assim, \u00e9 considerado um contraceptivo muito eficiente com taxa de falha de 0,2%\u201d, a m\u00e9dica alertou.<\/p>\n<p data-track-category=\"Link no Texto\" data-track-links=\"\" data-mrf-recirculation=\"Article links\">Mat\u00e9ria &#8211;<em>CRESCER<\/em><\/p>\n<\/div>\n<\/div>\n<\/div>\n<\/div>\n<\/div>\n<\/div>\n","protected":false},"excerpt":{"rendered":"<p>A chegada de Bernardo ficar\u00e1 marcada para sempre na mem\u00f3ria da fam\u00edlia. Afinal, o beb\u00ea enfrentou a baixa probabilidade de vir ao mundo, j\u00e1 que sua m\u00e3e\u00a0usava o DIU\u00a0quando engravidou. No entanto, outro detalhe chamou a aten\u00e7\u00e3o em seu nascimento, tornando o desfecho dessa hist\u00f3ria ainda mais surpreendente \u2014\u00a0o pequeno nasceu com o dispositivo Intrauterino &hellip;<\/p>\n","protected":false},"author":3,"featured_media":77151,"comment_status":"closed","ping_status":"open","sticky":false,"template":"","format":"standard","meta":{"footnotes":""},"categories":[4],"tags":[],"class_list":["post-77150","post","type-post","status-publish","format-standard","has-post-thumbnail","hentry","category-ultimas-noticias"],"_links":{"self":[{"href":"https:\/\/goiasemtempo.com.br\/home\/wp-json\/wp\/v2\/posts\/77150","targetHints":{"allow":["GET"]}}],"collection":[{"href":"https:\/\/goiasemtempo.com.br\/home\/wp-json\/wp\/v2\/posts"}],"about":[{"href":"https:\/\/goiasemtempo.com.br\/home\/wp-json\/wp\/v2\/types\/post"}],"author":[{"embeddable":true,"href":"https:\/\/goiasemtempo.com.br\/home\/wp-json\/wp\/v2\/users\/3"}],"replies":[{"embeddable":true,"href":"https:\/\/goiasemtempo.com.br\/home\/wp-json\/wp\/v2\/comments?post=77150"}],"version-history":[{"count":1,"href":"https:\/\/goiasemtempo.com.br\/home\/wp-json\/wp\/v2\/posts\/77150\/revisions"}],"predecessor-version":[{"id":77152,"href":"https:\/\/goiasemtempo.com.br\/home\/wp-json\/wp\/v2\/posts\/77150\/revisions\/77152"}],"wp:featuredmedia":[{"embeddable":true,"href":"https:\/\/goiasemtempo.com.br\/home\/wp-json\/wp\/v2\/media\/77151"}],"wp:attachment":[{"href":"https:\/\/goiasemtempo.com.br\/home\/wp-json\/wp\/v2\/media?parent=77150"}],"wp:term":[{"taxonomy":"category","embeddable":true,"href":"https:\/\/goiasemtempo.com.br\/home\/wp-json\/wp\/v2\/categories?post=77150"},{"taxonomy":"post_tag","embeddable":true,"href":"https:\/\/goiasemtempo.com.br\/home\/wp-json\/wp\/v2\/tags?post=77150"}],"curies":[{"name":"wp","href":"https:\/\/api.w.org\/{rel}","templated":true}]}}