{"id":77123,"date":"2025-05-23T13:25:38","date_gmt":"2025-05-23T13:25:38","guid":{"rendered":"https:\/\/goiasemtempo.com.br\/home\/?p=77123"},"modified":"2025-05-23T13:25:38","modified_gmt":"2025-05-23T13:25:38","slug":"mpgo-se-reune-com-area-da-saude-de-anapolis-para-tratar-da-instalacao-dos-servicos-de-residencia-terapeutica-no-municipio","status":"publish","type":"post","link":"https:\/\/goiasemtempo.com.br\/home\/mpgo-se-reune-com-area-da-saude-de-anapolis-para-tratar-da-instalacao-dos-servicos-de-residencia-terapeutica-no-municipio\/","title":{"rendered":"MPGO se re\u00fane com \u00e1rea da sa\u00fade de An\u00e1polis para tratar da instala\u00e7\u00e3o dos servi\u00e7os de resid\u00eancia terap\u00eautica no munic\u00edpio"},"content":{"rendered":"<div class=\"table-line text\">\n<p>A partir de convite feito pelo Minist\u00e9rio P\u00fablico de Goi\u00e1s (MPGO), autoridades estaduais e municipais ligadas \u00e0s \u00e1reas de sa\u00fade e desenvolvimento social de An\u00e1polis estiveram reunidas nesta quarta-feira (21\/5) com o promotor de Justi\u00e7a Marcelo de Freitas, titular da 9\u00aa PJ. O objetivo do encontro foi discutir os caminhos a serem adotados a fim de garantir a instala\u00e7\u00e3o de servi\u00e7os de resid\u00eancia terap\u00eautica no munic\u00edpio.<\/p>\n<p>A Secretaria de Estado da Sa\u00fade (SES) instituiu um grupo de trabalho a fim de viabilizar o processo de desinstitucionaliza\u00e7\u00e3o dos 33 pacientes que atualmente se encontram acolhidos na chamada \u201cfazendinha\u201d do Instituto de Medicina do Comportamento Eur\u00edpedes Barsanulfo (INMCEB).<\/p>\n<p>O grupo, que realiza reuni\u00f5es mensais para defini\u00e7\u00e3o de estrat\u00e9gias voltadas \u00e0 efetiva\u00e7\u00e3o da medida, identificou a necessidade de implanta\u00e7\u00e3o das resid\u00eancias terap\u00eauticas como forma de repara\u00e7\u00e3o hist\u00f3rica e garantia dos direitos previstos na legisla\u00e7\u00e3o, al\u00e9m da complementa\u00e7\u00e3o e qualifica\u00e7\u00e3o da equipe m\u00ednima dos Centros de Aten\u00e7\u00e3o Psicossocial (Caps) para atender ao processo.<\/p>\n<p>No entanto, segundo o GT, h\u00e1 quest\u00f5es pr\u00e9vias que precisam ser enfrentadas antes da efetiva desinstitucionaliza\u00e7\u00e3o, como a atualiza\u00e7\u00e3o cadastral dos pacientes e a realiza\u00e7\u00e3o de diagn\u00f3stico pr\u00e9vio para identificar os que s\u00e3o eleg\u00edveis para o servi\u00e7o de resid\u00eancia terap\u00eautica.<br \/>\nJ\u00e1 a \u00e1rea de Assist\u00eancia Social de An\u00e1polis manifestou discord\u00e2ncia em rela\u00e7\u00e3o ao processo de desinstitucionaliza\u00e7\u00e3o, argumentando que os 33 pacientes est\u00e3o atualmente adaptados e recebendo tratamento humanizado, inclusive, com v\u00ednculos afetivos semelhantes aos de uma fam\u00edlia.<\/p>\n<p>Os assistentes sociais defendem a ideia de que uma eventual separa\u00e7\u00e3o poderia causar impactos significativos \u00e0 sa\u00fade mental dos envolvidos e que nem todos os casos se enquadrariam no perfil de resid\u00eancia terap\u00eautica. Sobre esse diagn\u00f3stico, a equipe da Secretaria Municipal de Sa\u00fade informou que foi constitu\u00edda uma comiss\u00e3o, composta pela equipe do Caps Vidativa, com a finalidade espec\u00edfica de avaliar os aspectos relacionados \u00e0 sa\u00fade dos pacientes.<\/p>\n<p>Ao final da reuni\u00e3o, ficou definido que haver\u00e1 a inclus\u00e3o dos representantes do INMCEB no processo de discuss\u00e3o sobre a implanta\u00e7\u00e3o das resid\u00eancias terap\u00eauticas. Um novo encontro para definir estrat\u00e9gias para avalia\u00e7\u00e3o dos pacientes ficou marcado para o dia 26 de maio, \u00e0s 14h, em formato virtual.<\/p>\n<p>Participaram da reuni\u00e3o Eliane Pereira dos Santos, secret\u00e1ria de Sa\u00fade do munic\u00edpio de An\u00e1polis; Raquel Moreira de Ara\u00fajo, diretora de assist\u00eancia da Secretaria Municipal de Sa\u00fade; Rodrigo Carvalho do Rego Barros, gerente de Sa\u00fade Mental de An\u00e1polis; Julianne Alc\u00e2ntara Duarte, gerente do Centro de Refer\u00eancia Especializado de Assist\u00eancia Social II (Creas); Amanda Nunes, assistente social do CreaS II; Jonas Alves da Silva Neto, presidente do Conselho Municipal de Sa\u00fade; K\u00e1tia Cilene da Concei\u00e7\u00e3o, servidora lotada no Conselho Municipal de Sa\u00fade; Let\u00edcia Elias, psic\u00f3loga da Secretaria de Estado de Desenvolvimento Social (Seds); Magna Regina Ferreira, gerente de gest\u00e3o do Sistema \u00danico de Assist\u00eancia Social (Suas); Marcello Rosa, superintendente do Suas; Ludmilla Braga, gerente do Creas I; Nirvana de Oliveira Monteiro, diretora de prote\u00e7\u00e3o social especial; Gremilla Nolasco Moraes, assistente social e coordenadora do Caps Vidativa; Viviane Rodrigues Lima, diretora jur\u00eddica da Secretaria Municipal de Assuntos Pol\u00edticos; Nath\u00e1lia dos Santos Silva, Ana Maria Porto da Silva e Suelene Elizabeth Camargo de Matos, da ger\u00eancia de sa\u00fade mental da SES; e Jordana de Faria Pena, secret\u00e1ria Municipal de Assist\u00eancia Social.<\/p>\n<p><em>(Texto: Mariani Ribeiro \/Assessoria de Comunica\u00e7\u00e3o Social do MPGO- Fotos: 9\u00aa PJ de An\u00e1polis)<\/em><\/p>\n<\/div>\n<div class=\"section-sm mb-40\"><strong class=\"block\">Tags:<\/strong><\/div>\n","protected":false},"excerpt":{"rendered":"<p>A partir de convite feito pelo Minist\u00e9rio P\u00fablico de Goi\u00e1s (MPGO), autoridades estaduais e municipais ligadas \u00e0s \u00e1reas de sa\u00fade e desenvolvimento social de An\u00e1polis estiveram reunidas nesta quarta-feira (21\/5) com o promotor de Justi\u00e7a Marcelo de Freitas, titular da 9\u00aa PJ. O objetivo do encontro foi discutir os caminhos a serem adotados a fim &hellip;<\/p>\n","protected":false},"author":3,"featured_media":77124,"comment_status":"closed","ping_status":"open","sticky":false,"template":"","format":"standard","meta":{"_exactmetrics_skip_tracking":false,"_exactmetrics_sitenote_active":false,"_exactmetrics_sitenote_note":"","_exactmetrics_sitenote_category":0,"footnotes":""},"categories":[18,19,16,4],"tags":[],"_links":{"self":[{"href":"https:\/\/goiasemtempo.com.br\/home\/wp-json\/wp\/v2\/posts\/77123"}],"collection":[{"href":"https:\/\/goiasemtempo.com.br\/home\/wp-json\/wp\/v2\/posts"}],"about":[{"href":"https:\/\/goiasemtempo.com.br\/home\/wp-json\/wp\/v2\/types\/post"}],"author":[{"embeddable":true,"href":"https:\/\/goiasemtempo.com.br\/home\/wp-json\/wp\/v2\/users\/3"}],"replies":[{"embeddable":true,"href":"https:\/\/goiasemtempo.com.br\/home\/wp-json\/wp\/v2\/comments?post=77123"}],"version-history":[{"count":1,"href":"https:\/\/goiasemtempo.com.br\/home\/wp-json\/wp\/v2\/posts\/77123\/revisions"}],"predecessor-version":[{"id":77125,"href":"https:\/\/goiasemtempo.com.br\/home\/wp-json\/wp\/v2\/posts\/77123\/revisions\/77125"}],"wp:featuredmedia":[{"embeddable":true,"href":"https:\/\/goiasemtempo.com.br\/home\/wp-json\/wp\/v2\/media\/77124"}],"wp:attachment":[{"href":"https:\/\/goiasemtempo.com.br\/home\/wp-json\/wp\/v2\/media?parent=77123"}],"wp:term":[{"taxonomy":"category","embeddable":true,"href":"https:\/\/goiasemtempo.com.br\/home\/wp-json\/wp\/v2\/categories?post=77123"},{"taxonomy":"post_tag","embeddable":true,"href":"https:\/\/goiasemtempo.com.br\/home\/wp-json\/wp\/v2\/tags?post=77123"}],"curies":[{"name":"wp","href":"https:\/\/api.w.org\/{rel}","templated":true}]}}