{"id":77114,"date":"2025-05-23T13:05:40","date_gmt":"2025-05-23T13:05:40","guid":{"rendered":"https:\/\/goiasemtempo.com.br\/home\/?p=77114"},"modified":"2025-05-23T13:05:40","modified_gmt":"2025-05-23T13:05:40","slug":"corpo-de-goiana-morta-no-japao-chega-ao-brasil-nesta-sexta-feira-23-5","status":"publish","type":"post","link":"https:\/\/goiasemtempo.com.br\/home\/corpo-de-goiana-morta-no-japao-chega-ao-brasil-nesta-sexta-feira-23-5\/","title":{"rendered":"Corpo de goiana morta no Jap\u00e3o chega ao Brasil nesta sexta-feira (23\/5)"},"content":{"rendered":"<p>O corpo da goiana\u00a0<a href=\"https:\/\/www.maisgoias.com.br\/mundo\/goiana-e-encontrada-morta-em-quarto-de-hotel-no-japao\/\" target=\"_blank\" rel=\"noreferrer noopener\">Amanda Borges da Silva<\/a>, de 31 anos, morta no inicio do m\u00eas em Narita,\u00a0no Jap\u00e3o, chega ao Brasil nesta sexta-feira (23), pelo Aeroporto Internacional de Guarulhos, em S\u00e3o Paulo. A informa\u00e7\u00e3o foi confirmada pela fam\u00edlia da v\u00edtima por meio das redes sociais. A mulher ser\u00e1 velada e sepultada em Goi\u00e1s, em hor\u00e1rio e local que ainda ser\u00e1 divulgado pelos familiares. Parte do valor necess\u00e1rio para o translado do corpo, cerca de 70%, foi obtido atrav\u00e9s de doa\u00e7\u00f5es em uma campanha organizada pela m\u00e3e.<\/p>\n<div id=\"inread1\" class=\"square-ad\" data-google-query-id=\"CLOxldTTuY0DFcZXuAQdjuQ0dA\">\n<div id=\"google_ads_iframe_\/176290677\/maisgoias\/inread1_0__container__\"><\/div>\n<\/div>\n<p>Em nota,\u00a0<a href=\"https:\/\/www.maisgoias.com.br\/cidades\/familia-de-goiana-morta-no-japao-faz-vaquinha-para-trazer-corpo-ao-brasil\/\" target=\"_blank\" rel=\"noreferrer noopener\">os parentes disseram que<\/a>\u00a0este \u00e9 um \u201cmomento de despedida\u201d marcado por \u201cprofunda emo\u00e7\u00e3o e respeito\u201d. No texto, os familiares tamb\u00e9m agradeceram a todos que colaboraram para tornar poss\u00edvel o translado do corpo da jovem, permitindo que ela tenha um sepultamento digno em sua terra natal. \u201cAssim que Amanda chegar a Goi\u00e2nia, comunicaremos oficialmente o dia e o hor\u00e1rio do sepultamento\u201d, disseram.<\/p>\n<p>A fam\u00edlia tamb\u00e9m agradeceu o apoio da prefeitura de Caldazinha, que acompanhou e auxiliou o processo. A viagem do corpo ao Brasil s\u00f3 foi viabilizada gra\u00e7as a uma campanha de arrecada\u00e7\u00e3o organizada pelos familiares, com ajuda de doa\u00e7\u00f5es.<\/p>\n<h2 id=\"h-apoio-do-governo\" class=\"wp-block-heading\"><strong>Apoio do governo<\/strong><\/h2>\n<p>O custo total do traslado pode ultrapassar R$ 70 mil. A fam\u00edlia conseguiu arrecadar cerca de R$ 55 mil por meio de doa\u00e7\u00f5es, enquanto os 30% restantes foram complementados com recursos do\u00a0<a href=\"https:\/\/goias.gov.br\/governo\/atendimento-internacional-ao-cidadao\/\" target=\"_blank\" rel=\"noreferrer noopener\">Gabinete de Assuntos Internacionais de Goi\u00e1s<\/a>\u00a0(GAI), que presta aux\u00edlio a goianos mortos no exterior.<\/p>\n<div id=\"inread2\" class=\"square-ad\" data-google-query-id=\"CP30ldTTuY0DFVtSuAQdCnU4FQ\">\n<div id=\"google_ads_iframe_\/176290677\/maisgoias\/inread2_0__container__\"><\/div>\n<\/div>\n<p>Segundo Giordano de Souza, chefe do GAI, o programa estadual cobre o valor da crema\u00e7\u00e3o e repatria\u00e7\u00e3o das cinzas. No entanto, como a fam\u00edlia optou por trazer o corpo de Amanda, foi necess\u00e1rio complementar os custos com servi\u00e7os extras, como embalsamamento e transporte da urna funer\u00e1ria. \u201cEstamos prestando apoio dentro dos limites legais e or\u00e7ament\u00e1rios. Esse aux\u00edlio \u00e9 voltado a evitar que nenhum goiano fique em situa\u00e7\u00e3o de indig\u00eancia fora do pa\u00eds\u201d, afirmou.<\/p>\n<figure class=\"wp-block-image size-full\"><img loading=\"lazy\" decoding=\"async\" class=\"wp-image-949699\" src=\"https:\/\/uploads.maisgoias.com.br\/2025\/05\/3f5fca2b-whatsapp-image-2025-05-23-at-07.34.14.jpeg\" sizes=\"auto, (max-width: 960px) 100vw, 960px\" srcset=\"https:\/\/uploads.maisgoias.com.br\/2025\/05\/3f5fca2b-whatsapp-image-2025-05-23-at-07.34.14.jpeg 960w, https:\/\/uploads.maisgoias.com.br\/2025\/05\/3f5fca2b-whatsapp-image-2025-05-23-at-07.34.14-450x300.jpeg 450w, https:\/\/uploads.maisgoias.com.br\/2025\/05\/3f5fca2b-whatsapp-image-2025-05-23-at-07.34.14-150x100.jpeg 150w, https:\/\/uploads.maisgoias.com.br\/2025\/05\/3f5fca2b-whatsapp-image-2025-05-23-at-07.34.14-600x400.jpeg 600w, https:\/\/uploads.maisgoias.com.br\/2025\/05\/3f5fca2b-whatsapp-image-2025-05-23-at-07.34.14-70x47.jpeg 70w, https:\/\/uploads.maisgoias.com.br\/2025\/05\/3f5fca2b-whatsapp-image-2025-05-23-at-07.34.14-120x80.jpeg 120w, https:\/\/uploads.maisgoias.com.br\/2025\/05\/3f5fca2b-whatsapp-image-2025-05-23-at-07.34.14-300x200.jpeg 300w\" alt=\"Imagem do Google Maps\" width=\"960\" height=\"640\" \/><figcaption class=\"wp-element-caption\">Apartamento tinha dois andares e teve um dos c\u00f4modos destru\u00eddos pelas chamas em Hon-Sarizuka (Foto: Google)<\/figcaption><\/figure>\n<h2 id=\"h-relembre-o-caso-da-goiana-morta-no-japao\" class=\"wp-block-heading\"><strong>Relembre o caso<\/strong>\u00a0da goiana morta no Jap\u00e3o<\/h2>\n<p>Amanda foi encontrada\u00a0<a href=\"https:\/\/www.maisgoias.com.br\/mundo\/goiana-e-encontrada-morta-com-sinais-de-asfixia-por-fumaca-no-japao\/\" target=\"_blank\" rel=\"noreferrer noopener\">morta em um apartamento incendiado<\/a>\u00a0na cidade de Narita, pr\u00f3ximo ao aeroporto internacional, no dia 1\u00ba de maio. Ela estava no Jap\u00e3o desde abril, onde assistiu ao Grande Pr\u00eamio de F\u00f3rmula 1 em Suzuka, e voltaria ao Brasil no mesmo dia do crime.<\/p>\n<p>O corpo da goiana foi localizado debaixo dos escombros ap\u00f3s um inc\u00eandio que destruiu o c\u00f4modo em que estava hospedada. A pol\u00edcia japonesa prendeu no dia 3 de maio o suspeito\u00a0<a href=\"https:\/\/www.maisgoias.com.br\/cidades\/policia-japonesa-prende-suspeito-de-incendiar-apartamento-onde-goiana-estava-no-japao\/\" target=\"_blank\" rel=\"noreferrer noopener\">Abeysuriyapatabedige Pathum Udayanga<\/a>, de 31 anos, natural do Sri Lanka. Ele vivia no mesmo local e, em depoimento, afirmou que entrou em p\u00e2nico e n\u00e3o apagou as chamas.<\/p>\n<div id=\"inread3\" class=\"square-ad\" data-google-query-id=\"CJ29l9TTuY0DFY5PuAQdfBkjCA\">\n<div id=\"google_ads_iframe_\/176290677\/maisgoias\/inread3_0__container__\"><\/div>\n<\/div>\n<p>A investiga\u00e7\u00e3o\u00a0<a href=\"https:\/\/www.maisgoias.com.br\/cidades\/indiano-e-suspeito-pela-morte-de-goiana-no-japao\/\" target=\"_blank\" rel=\"noreferrer noopener\">corre sob sigilo de Justi\u00e7a<\/a>. Segundo relatos da fam\u00edlia, Amanda havia mencionado, em conversa com o namorado, que estava com medo do comportamento de um homem com quem teria se comunicado horas antes do desaparecimento, achando que era um conhecido, mas estranhou o fato dele falar em hindi, idioma indiano, por telefone com ela. \u201cAcho que ele est\u00e1 fazendo casinha para mim, kkk\u201d, escreveu, em tom de brincadeira, em uma das \u00faltimas mensagens enviadas.<\/p>\n<p>O caso segue sob investiga\u00e7\u00e3o das autoridades japonesas em coopera\u00e7\u00e3o com o consulado brasileiro.<\/p>\n<p>Com Ag\u00eancia de Not\u00edcias\/ Edi\u00e7\u00e3o<em>-Goi\u00e1s Em Tempo<\/em><\/p>\n","protected":false},"excerpt":{"rendered":"<p>O corpo da goiana\u00a0Amanda Borges da Silva, de 31 anos, morta no inicio do m\u00eas em Narita,\u00a0no Jap\u00e3o, chega ao Brasil nesta sexta-feira (23), pelo Aeroporto Internacional de Guarulhos, em S\u00e3o Paulo. A informa\u00e7\u00e3o foi confirmada pela fam\u00edlia da v\u00edtima por meio das redes sociais. A mulher ser\u00e1 velada e sepultada em Goi\u00e1s, em hor\u00e1rio &hellip;<\/p>\n","protected":false},"author":3,"featured_media":77115,"comment_status":"closed","ping_status":"open","sticky":false,"template":"","format":"standard","meta":{"footnotes":""},"categories":[4],"tags":[],"class_list":["post-77114","post","type-post","status-publish","format-standard","has-post-thumbnail","hentry","category-ultimas-noticias"],"_links":{"self":[{"href":"https:\/\/goiasemtempo.com.br\/home\/wp-json\/wp\/v2\/posts\/77114","targetHints":{"allow":["GET"]}}],"collection":[{"href":"https:\/\/goiasemtempo.com.br\/home\/wp-json\/wp\/v2\/posts"}],"about":[{"href":"https:\/\/goiasemtempo.com.br\/home\/wp-json\/wp\/v2\/types\/post"}],"author":[{"embeddable":true,"href":"https:\/\/goiasemtempo.com.br\/home\/wp-json\/wp\/v2\/users\/3"}],"replies":[{"embeddable":true,"href":"https:\/\/goiasemtempo.com.br\/home\/wp-json\/wp\/v2\/comments?post=77114"}],"version-history":[{"count":1,"href":"https:\/\/goiasemtempo.com.br\/home\/wp-json\/wp\/v2\/posts\/77114\/revisions"}],"predecessor-version":[{"id":77116,"href":"https:\/\/goiasemtempo.com.br\/home\/wp-json\/wp\/v2\/posts\/77114\/revisions\/77116"}],"wp:featuredmedia":[{"embeddable":true,"href":"https:\/\/goiasemtempo.com.br\/home\/wp-json\/wp\/v2\/media\/77115"}],"wp:attachment":[{"href":"https:\/\/goiasemtempo.com.br\/home\/wp-json\/wp\/v2\/media?parent=77114"}],"wp:term":[{"taxonomy":"category","embeddable":true,"href":"https:\/\/goiasemtempo.com.br\/home\/wp-json\/wp\/v2\/categories?post=77114"},{"taxonomy":"post_tag","embeddable":true,"href":"https:\/\/goiasemtempo.com.br\/home\/wp-json\/wp\/v2\/tags?post=77114"}],"curies":[{"name":"wp","href":"https:\/\/api.w.org\/{rel}","templated":true}]}}