{"id":77096,"date":"2025-05-22T16:41:48","date_gmt":"2025-05-22T16:41:48","guid":{"rendered":"https:\/\/goiasemtempo.com.br\/home\/?p=77096"},"modified":"2025-05-22T17:09:18","modified_gmt":"2025-05-22T17:09:18","slug":"iese-medical-marca-nova-fase-do-instituto-iese-que-apresenta-reposicionamento-em-sessao-exclusiva-no-cinex","status":"publish","type":"post","link":"https:\/\/goiasemtempo.com.br\/home\/iese-medical-marca-nova-fase-do-instituto-iese-que-apresenta-reposicionamento-em-sessao-exclusiva-no-cinex\/","title":{"rendered":"IESE Medical marca nova fase do Instituto IESE, que apresenta reposicionamento em sess\u00e3o exclusiva no Cinex"},"content":{"rendered":"<p>Refer\u00eancia em educa\u00e7\u00e3o na \u00e1rea da sa\u00fade est\u00e9tica, o Instituto IESE apresentou oficialmente sua nova identidade visual e de posicionamento em um evento exclusivo realizado na quinta-feira (15), no Cinex, no Centro Cultural Oscar Niemeyer, em Goi\u00e2nia. Um dos grandes destaques da noite foi o lan\u00e7amento do IESE Medical, projeto desenvolvido em parceria com a dermatologista Tha\u00eds Couto, refer\u00eancia na educa\u00e7\u00e3o m\u00e9dica, assume a lideran\u00e7a dos cursos da \u00e1rea no Instituto.<\/p>\n<p>A proposta \u00e9 ampliar o alcance da atua\u00e7\u00e3o do IESE, agora tamb\u00e9m com foco direto na forma\u00e7\u00e3o de m\u00e9dicos para o mercado da est\u00e9tica, refor\u00e7ando seu papel como refer\u00eancia no setor. A novidade representa mais do que uma expans\u00e3o da grade educacional: sinaliza uma virada estrat\u00e9gica, que acompanha os dez anos de maturidade institucional e a consolida\u00e7\u00e3o da marca.<\/p>\n<p>Al\u00e9m do IESE Medical, outros projetos foram apresentados, como: IESE Business, IESE Online, IESE Aesthetics, IESE OTB, IESE HOF e IESE NutriHealth, al\u00e9m da mascote do Instituto, a pantera IESELINA \u2014 jun\u00e7\u00e3o dos nomes IESE e Carolina, fundadora e CEO da institui\u00e7\u00e3o.<\/p>\n<p>\u201cEsse novo momento nasce da consci\u00eancia de que a excel\u00eancia \u00e9 uma escolha cont\u00ednua. A nova marca reflete nosso compromisso com a inten\u00e7\u00e3o, a conex\u00e3o com nossos alunos e docentes, e o movimento constante de inova\u00e7\u00e3o\u201d, afirma Carol Teixeira, fundadora e CEO do Instituto.<\/p>\n<p>A programa\u00e7\u00e3o incluiu a exibi\u00e7\u00e3o do curta-metragem Onde Come\u00e7a o Futuro, dirigido por Rafael Oliveira, cineasta reconhecido por sua linguagem est\u00e9tica e autoral. O evento reuniu l\u00edderes de marca, CEOs e especialistas dos setores de sa\u00fade est\u00e9tica, cosm\u00e9ticos, educa\u00e7\u00e3o e sa\u00fade, em um ambiente cuidadosamente pensado para conectar inova\u00e7\u00e3o, identidade e prop\u00f3sito.<\/p>\n<p>Sobre o Instituto IESE<br \/>\nCom matriz em Goi\u00e2nia e sede em Bras\u00edlia, o Instituto IESE j\u00e1 formou mais de 10 mil alunos em todo o Brasil, oferecendo p\u00f3s-gradua\u00e7\u00e3o e cursos livres e reconhecidos pelo MEC. A institui\u00e7\u00e3o se destaca por tratar a est\u00e9tica como parte fundamental da sa\u00fade e nunca \u00e0 parte dela.<\/p>\n<p>&nbsp;<\/p>\n<p>Assessoria de Imprensa<br \/>\nPalavra Comunica\u00e7\u00e3o<br \/>\n(62) 9 8162-4898 \/ (62) 9 9979-5256<br \/>\nnoticias@palavracom.com<\/p>\n<p><img decoding=\"async\" src=\"https:\/\/goiasemtempo.com.br\/home\/wp-content\/uploads\/2025\/05\/bruna-lyssa-scaled.jpg\" \/><\/p>\n<p><strong>Bruna Lyssa<\/strong><\/p>\n<p>&nbsp;<\/p>\n<p>&nbsp;<\/p>\n<p><img decoding=\"async\" src=\"https:\/\/goiasemtempo.com.br\/home\/wp-content\/uploads\/2025\/05\/cinex-1-scaled.jpg\" \/><\/p>\n<p><img decoding=\"async\" src=\"https:\/\/goiasemtempo.com.br\/home\/wp-content\/uploads\/2025\/05\/cinex-2.jpg\" \/><\/p>\n<p><img decoding=\"async\" src=\"https:\/\/goiasemtempo.com.br\/home\/wp-content\/uploads\/2025\/05\/cinex-3.jpg\" \/><\/p>\n<p>]<\/p>\n","protected":false},"excerpt":{"rendered":"<p>Refer\u00eancia em educa\u00e7\u00e3o na \u00e1rea da sa\u00fade est\u00e9tica, o Instituto IESE apresentou oficialmente sua nova identidade visual e de posicionamento em um evento exclusivo realizado na quinta-feira (15), no Cinex, no Centro Cultural Oscar Niemeyer, em Goi\u00e2nia. Um dos grandes destaques da noite foi o lan\u00e7amento do IESE Medical, projeto desenvolvido em parceria com a &hellip;<\/p>\n","protected":false},"author":3,"featured_media":77100,"comment_status":"closed","ping_status":"open","sticky":false,"template":"","format":"standard","meta":{"_exactmetrics_skip_tracking":false,"_exactmetrics_sitenote_active":false,"_exactmetrics_sitenote_note":"","_exactmetrics_sitenote_category":0,"footnotes":""},"categories":[41,32],"tags":[],"_links":{"self":[{"href":"https:\/\/goiasemtempo.com.br\/home\/wp-json\/wp\/v2\/posts\/77096"}],"collection":[{"href":"https:\/\/goiasemtempo.com.br\/home\/wp-json\/wp\/v2\/posts"}],"about":[{"href":"https:\/\/goiasemtempo.com.br\/home\/wp-json\/wp\/v2\/types\/post"}],"author":[{"embeddable":true,"href":"https:\/\/goiasemtempo.com.br\/home\/wp-json\/wp\/v2\/users\/3"}],"replies":[{"embeddable":true,"href":"https:\/\/goiasemtempo.com.br\/home\/wp-json\/wp\/v2\/comments?post=77096"}],"version-history":[{"count":3,"href":"https:\/\/goiasemtempo.com.br\/home\/wp-json\/wp\/v2\/posts\/77096\/revisions"}],"predecessor-version":[{"id":77107,"href":"https:\/\/goiasemtempo.com.br\/home\/wp-json\/wp\/v2\/posts\/77096\/revisions\/77107"}],"wp:featuredmedia":[{"embeddable":true,"href":"https:\/\/goiasemtempo.com.br\/home\/wp-json\/wp\/v2\/media\/77100"}],"wp:attachment":[{"href":"https:\/\/goiasemtempo.com.br\/home\/wp-json\/wp\/v2\/media?parent=77096"}],"wp:term":[{"taxonomy":"category","embeddable":true,"href":"https:\/\/goiasemtempo.com.br\/home\/wp-json\/wp\/v2\/categories?post=77096"},{"taxonomy":"post_tag","embeddable":true,"href":"https:\/\/goiasemtempo.com.br\/home\/wp-json\/wp\/v2\/tags?post=77096"}],"curies":[{"name":"wp","href":"https:\/\/api.w.org\/{rel}","templated":true}]}}