{"id":77065,"date":"2025-05-19T20:30:09","date_gmt":"2025-05-19T20:30:09","guid":{"rendered":"https:\/\/goiasemtempo.com.br\/home\/?p=77065"},"modified":"2025-05-19T20:30:09","modified_gmt":"2025-05-19T20:30:09","slug":"elevador-despenca-e-deixa-tres-operarios-mortos-em-obra-de-condominio-na-raposo-tavares-em-sp","status":"publish","type":"post","link":"https:\/\/goiasemtempo.com.br\/home\/elevador-despenca-e-deixa-tres-operarios-mortos-em-obra-de-condominio-na-raposo-tavares-em-sp\/","title":{"rendered":"Elevador despenca e deixa tr\u00eas oper\u00e1rios mortos em obra de condom\u00ednio na Raposo Tavares, em SP"},"content":{"rendered":"<div id=\"chunk-e048i\">\n<div class=\"mc-column content-text active-extra-styles \" data-block-type=\"unstyled\" data-block-weight=\"36\" data-block-id=\"3\">\n<p class=\" content-text__container \" data-track-category=\"Link no Texto\" data-track-links=\"\" data-mrf-recirculation=\"Mat\u00e9ria - Links no Texto\">A queda de um elevador de carga deixou tr\u00eas oper\u00e1rios mortos na obra de um condom\u00ednio residencial no Butant\u00e3, na Zona Oeste de\u00a0<a class=\"\" href=\"https:\/\/g1.globo.com\/sp\/sao-paulo\/cidade\/sao-paulo\/\" data-mrf-link=\"https:\/\/g1.globo.com\/sp\/sao-paulo\/cidade\/sao-paulo\/\">S\u00e3o Paulo<\/a>, nesta segunda-feira (19). Ainda n\u00e3o se sabe a causa do acidente.<\/p>\n<\/div>\n<\/div>\n<div class=\"wall protected-content\">\n<div id=\"chunk-l21c\">\n<div class=\"mc-column content-text active-extra-styles \" data-block-type=\"unstyled\" data-block-weight=\"18\" data-block-id=\"5\">\n<p class=\" content-text__container \" data-track-category=\"Link no Texto\" data-track-links=\"\" data-mrf-recirculation=\"Mat\u00e9ria - Links no Texto\">Segundo o Corpo de Bombeiros, o caso aconteceu na altura do km 18 da Rodovia Raposo Tavares.<\/p>\n<p data-track-category=\"Link no Texto\" data-track-links=\"\" data-mrf-recirculation=\"Mat\u00e9ria - Links no Texto\">O equipamento que despencou do 17\u00ba andar da obra se chama &#8220;elevador de cremalheira&#8221; (veja abaixo). Ele consiste numa cabine que se movimenta por trilhos verticais, instalados na parte externa dos pr\u00e9dios. Nele, podem ser transportados tanto materiais de constru\u00e7\u00e3o quanto pessoas.<\/p>\n<div id=\"chunk-96mbv\">\n<div class=\"mc-column content-text active-extra-styles\" data-block-type=\"raw\" data-block-weight=\"43\" data-block-id=\"6\">\n<p>&nbsp;<\/p>\n<\/div>\n<\/div>\n<div id=\"chunk-ai2ov\">\n<div class=\"row medium-uncollapsed content-media content-photo\" data-block-type=\"backstage-photo\" data-block-id=\"7\">\n<div class=\" mc-column  content-media__container\">\n<div class=\"content-media-container glb-skeleton-box\">\n<figure class=\"content-media-figure\"><img decoding=\"async\" class=\"i-amphtml-fill-content i-amphtml-replaced-content\" src=\"https:\/\/s2-g1.glbimg.com\/peVpqCIVBsfzxha2ubddwyVHV3c=\/0x0:1920x1080\/984x0\/smart\/filters:strip_icc()\/i.s3.glbimg.com\/v1\/AUTH_59edd422c0c84a879bd37670ae4f538a\/internal_photos\/bs\/2025\/X\/j\/s2GBtaT2GAqe4CTusQ3A\/sp1-elevador-raposo-20250519-1133-frame-78854.jpeg\" sizes=\"(max-width: 1366px) 648px, 100vw\" srcset=\"https:\/\/s2-g1.glbimg.com\/MNrI_0rQucKVjm3jO8obrmkybw4=\/0x0:1920x1080\/1000x0\/smart\/filters:strip_icc()\/i.s3.glbimg.com\/v1\/AUTH_59edd422c0c84a879bd37670ae4f538a\/internal_photos\/bs\/2025\/X\/j\/s2GBtaT2GAqe4CTusQ3A\/sp1-elevador-raposo-20250519-1133-frame-78854.jpeg 1000w, https:\/\/s2-g1.glbimg.com\/peVpqCIVBsfzxha2ubddwyVHV3c=\/0x0:1920x1080\/984x0\/smart\/filters:strip_icc()\/i.s3.glbimg.com\/v1\/AUTH_59edd422c0c84a879bd37670ae4f538a\/internal_photos\/bs\/2025\/X\/j\/s2GBtaT2GAqe4CTusQ3A\/sp1-elevador-raposo-20250519-1133-frame-78854.jpeg 984w, https:\/\/s2-g1.glbimg.com\/_cbEBO9_gUmDgSI8l3hY2ulfniY=\/0x0:1920x1080\/640x0\/smart\/filters:strip_icc()\/i.s3.glbimg.com\/v1\/AUTH_59edd422c0c84a879bd37670ae4f538a\/internal_photos\/bs\/2025\/X\/j\/s2GBtaT2GAqe4CTusQ3A\/sp1-elevador-raposo-20250519-1133-frame-78854.jpeg 640w, https:\/\/s2-g1.glbimg.com\/LjwhG3QAzfyNmd4EHG5CT-xPgTs=\/0x0:1920x1080\/600x0\/smart\/filters:strip_icc()\/i.s3.glbimg.com\/v1\/AUTH_59edd422c0c84a879bd37670ae4f538a\/internal_photos\/bs\/2025\/X\/j\/s2GBtaT2GAqe4CTusQ3A\/sp1-elevador-raposo-20250519-1133-frame-78854.jpeg 600w\" alt=\"Elevador de cremalheira em obra onde tr\u00eas oper\u00e1rios morreram, em SP \u2014 Foto: Reprodu\u00e7\u00e3o\/TV Globo\" \/><\/figure>\n<\/div>\n<p class=\"content-media__description  \">Elevador de cremalheira em obra onde tr\u00eas oper\u00e1rios morreram, em SP \u2014 Foto: Reprodu\u00e7\u00e3o\/TV Globo<\/p>\n<\/div>\n<\/div>\n<\/div>\n<div id=\"chunk-9kkin\">\n<div class=\"content-ads content-ads--reveal\" data-block-type=\"ads\" data-block-id=\"8\"><\/div>\n<\/div>\n<div id=\"chunk-dsmt5\">\n<div class=\"mc-column content-text active-extra-styles \" data-block-type=\"unstyled\" data-block-weight=\"20\" data-block-id=\"9\">\n<p class=\" content-text__container \" data-track-category=\"Link no Texto\" data-track-links=\"\" data-mrf-recirculation=\"Mat\u00e9ria - Links no Texto\">Os tr\u00eas trabalhadores tiveram a morte constatada ali mesmo. Eles foram identificados como homens de 43, 26 e 20 anos.<\/p>\n<\/div>\n<\/div>\n<div id=\"chunk-e669e\">\n<div class=\"mc-column content-text active-extra-styles \" data-block-type=\"unstyled\" data-block-weight=\"26\" data-block-id=\"10\">\n<p class=\" content-text__container \" data-track-category=\"Link no Texto\" data-track-links=\"\" data-mrf-recirculation=\"Mat\u00e9ria - Links no Texto\">Uma quarta pessoa foi socorrida e encaminhada para um hospital. Segundo a Pol\u00edcia Militar, ela n\u00e3o estava no elevador, mas passou mal ao presenciar o ocorrido.<\/p>\n<\/div>\n<\/div>\n<div id=\"chunk-79i68\">\n<div class=\"mc-column content-text active-extra-styles \" data-block-type=\"unstyled\" data-block-weight=\"12\" data-block-id=\"11\">\n<p class=\" content-text__container \" data-track-category=\"Link no Texto\" data-track-links=\"\" data-mrf-recirculation=\"Mat\u00e9ria - Links no Texto\">Ao todo, seis equipes da corpora\u00e7\u00e3o foram enviadas para prestar socorro.<\/p>\n<\/div>\n<\/div>\n<div id=\"chunk-fe3ta\">\n<div class=\"mc-column content-text active-extra-styles \" data-block-type=\"unstyled\" data-block-weight=\"18\" data-block-id=\"12\">\n<p class=\" content-text__container \" data-track-category=\"Link no Texto\" data-track-links=\"\" data-mrf-recirculation=\"Mat\u00e9ria - Links no Texto\">Por nota, o condom\u00ednio Reserva Raposo lamentou o ocorrido e afirmou que j\u00e1 cobrou respostas da construtora respons\u00e1vel.<\/p>\n<\/div>\n<\/div>\n<div id=\"chunk-fuisn\">\n<div class=\"mc-column content-text active-extra-styles \" data-block-type=\"unstyled\" data-block-weight=\"25\" data-block-id=\"13\">\n<p class=\" content-text__container \" data-track-category=\"Link no Texto\" data-track-links=\"\" data-mrf-recirculation=\"Mat\u00e9ria - Links no Texto\">&#8220;O Reserva Raposo est\u00e1 acompanhando de perto todas as provid\u00eancias e refor\u00e7a seu compromisso com a seguran\u00e7a, a transpar\u00eancia e o respeito \u00e0 vida&#8221;, disse.<\/p>\n<\/div>\n<\/div>\n<div id=\"chunk-8cb2d\">\n<div class=\"mc-column content-text active-extra-styles \" data-block-type=\"unstyled\" data-block-weight=\"34\" data-block-id=\"14\">\n<p class=\" content-text__container \" data-track-category=\"Link no Texto\" data-track-links=\"\" data-mrf-recirculation=\"Mat\u00e9ria - Links no Texto\">Procurada, a BRZ Construtora informou que as causas do acidente est\u00e3o sob investiga\u00e7\u00e3o e a per\u00edcia t\u00e9cnica da pol\u00edcia j\u00e1 foi acionada. &#8220;Nos solidarizamos com os familiares das v\u00edtimas neste momento de imensa dor&#8221;.<\/p>\n<\/div>\n<\/div>\n<div id=\"chunk-aqhf7\">\n<div class=\"mc-column content-text active-extra-styles \" data-block-type=\"unstyled\" data-block-weight=\"19\" data-block-id=\"15\">\n<p class=\" content-text__container \" data-track-category=\"Link no Texto\" data-track-links=\"\" data-mrf-recirculation=\"Mat\u00e9ria - Links no Texto\">A construtora disse ainda que est\u00e1 colaborando com as investiga\u00e7\u00f5es e prestando todos os esclarecimentos necess\u00e1rios \u00e0s autoridades.<\/p>\n<\/div>\n<\/div>\n<div id=\"chunk-5pqfe\">\n<div class=\"mc-column content-text active-extra-styles \" data-block-type=\"unstyled\" data-block-weight=\"17\" data-block-id=\"16\">\n<p class=\" content-text__container \" data-track-category=\"Link no Texto\" data-track-links=\"\" data-mrf-recirculation=\"Mat\u00e9ria - Links no Texto\">A Prefeitura de S\u00e3o Paulo lamentou as mortes e informou que a obra possui os alvar\u00e1s necess\u00e1rios.<\/p>\n<\/div>\n<\/div>\n<div id=\"chunk-98vca\">\n<div class=\"mc-column content-text active-extra-styles \" data-block-type=\"unstyled\" data-block-weight=\"19\" data-block-id=\"17\">\n<p class=\" content-text__container \" data-track-category=\"Link no Texto\" data-track-links=\"\" data-mrf-recirculation=\"Mat\u00e9ria - Links no Texto\">Equipes da subprefeitura do Butant\u00e3 e da Defesa Civil foram enviadas ao local do acidente para fazer uma vistoria.<\/p>\n<\/div>\n<\/div>\n<div id=\"chunk-9dmb2\">\n<div class=\"row medium-uncollapsed content-media content-photo\" data-block-type=\"backstage-photo\" data-block-id=\"18\">\n<div class=\" mc-column  content-media__container\">\n<div class=\"content-media-container glb-skeleton-box\">\n<figure class=\"content-media-figure\"><img decoding=\"async\" class=\"i-amphtml-fill-content i-amphtml-replaced-content\" src=\"https:\/\/s2-g1.glbimg.com\/EngyYckVFUs4Xx27sTCDlm8-W9I=\/0x0:1920x1080\/984x0\/smart\/filters:strip_icc()\/i.s3.glbimg.com\/v1\/AUTH_59edd422c0c84a879bd37670ae4f538a\/internal_photos\/bs\/2025\/J\/Y\/JcKgPxSEWysgFsbLOdOQ\/sp1-globocop-20250519-1103-frame-18184.jpeg\" sizes=\"(max-width: 1366px) 648px, 100vw\" srcset=\"https:\/\/s2-g1.glbimg.com\/BDKzPZwwYX8c_YDTYiL_VJmRxdU=\/0x0:1920x1080\/1000x0\/smart\/filters:strip_icc()\/i.s3.glbimg.com\/v1\/AUTH_59edd422c0c84a879bd37670ae4f538a\/internal_photos\/bs\/2025\/J\/Y\/JcKgPxSEWysgFsbLOdOQ\/sp1-globocop-20250519-1103-frame-18184.jpeg 1000w, https:\/\/s2-g1.glbimg.com\/EngyYckVFUs4Xx27sTCDlm8-W9I=\/0x0:1920x1080\/984x0\/smart\/filters:strip_icc()\/i.s3.glbimg.com\/v1\/AUTH_59edd422c0c84a879bd37670ae4f538a\/internal_photos\/bs\/2025\/J\/Y\/JcKgPxSEWysgFsbLOdOQ\/sp1-globocop-20250519-1103-frame-18184.jpeg 984w, https:\/\/s2-g1.glbimg.com\/CalIhNY6vBPEylK9SdUWSaVE4WM=\/0x0:1920x1080\/640x0\/smart\/filters:strip_icc()\/i.s3.glbimg.com\/v1\/AUTH_59edd422c0c84a879bd37670ae4f538a\/internal_photos\/bs\/2025\/J\/Y\/JcKgPxSEWysgFsbLOdOQ\/sp1-globocop-20250519-1103-frame-18184.jpeg 640w, https:\/\/s2-g1.glbimg.com\/bJn9fTAdjH0AwMVNfUU796CSX-s=\/0x0:1920x1080\/600x0\/smart\/filters:strip_icc()\/i.s3.glbimg.com\/v1\/AUTH_59edd422c0c84a879bd37670ae4f538a\/internal_photos\/bs\/2025\/J\/Y\/JcKgPxSEWysgFsbLOdOQ\/sp1-globocop-20250519-1103-frame-18184.jpeg 600w\" alt=\"Local do acidente que deixou mortos na Zona Oeste de SP \u2014 Foto: Reprodu\u00e7\u00e3o\/TV Globo\" \/><\/figure>\n<\/div>\n<p class=\"content-media__description  \">Local do acidente que deixou mortos na Zona Oeste de SP \u2014 Foto: Reprodu\u00e7\u00e3o\/TV Globo<\/p>\n<\/div>\n<\/div>\n<\/div>\n<div id=\"chunk-5l7oo\">\n<div class=\"content-ads content-ads--reveal\" data-block-type=\"ads\" data-block-id=\"19\"><\/div>\n<\/div>\n<div data-track-category=\"multicontent\" data-track-action=\"multicontent\" data-track-noninteraction=\"false\" data-track-scroll=\"ultimo chunk conteudo\" data-track-value=\"view\">\n<div id=\"chunk-7kkol\">\n<div class=\"block-podcast\"><\/div>\n<\/div>\n<\/div>\n<\/div>\n<\/div>\n<\/div>\n","protected":false},"excerpt":{"rendered":"<p>A queda de um elevador de carga deixou tr\u00eas oper\u00e1rios mortos na obra de um condom\u00ednio residencial no Butant\u00e3, na Zona Oeste de\u00a0S\u00e3o Paulo, nesta segunda-feira (19). Ainda n\u00e3o se sabe a causa do acidente. Segundo o Corpo de Bombeiros, o caso aconteceu na altura do km 18 da Rodovia Raposo Tavares. O equipamento que &hellip;<\/p>\n","protected":false},"author":3,"featured_media":77066,"comment_status":"closed","ping_status":"open","sticky":false,"template":"","format":"standard","meta":{"_exactmetrics_skip_tracking":false,"_exactmetrics_sitenote_active":false,"_exactmetrics_sitenote_note":"","_exactmetrics_sitenote_category":0,"footnotes":""},"categories":[4],"tags":[],"_links":{"self":[{"href":"https:\/\/goiasemtempo.com.br\/home\/wp-json\/wp\/v2\/posts\/77065"}],"collection":[{"href":"https:\/\/goiasemtempo.com.br\/home\/wp-json\/wp\/v2\/posts"}],"about":[{"href":"https:\/\/goiasemtempo.com.br\/home\/wp-json\/wp\/v2\/types\/post"}],"author":[{"embeddable":true,"href":"https:\/\/goiasemtempo.com.br\/home\/wp-json\/wp\/v2\/users\/3"}],"replies":[{"embeddable":true,"href":"https:\/\/goiasemtempo.com.br\/home\/wp-json\/wp\/v2\/comments?post=77065"}],"version-history":[{"count":1,"href":"https:\/\/goiasemtempo.com.br\/home\/wp-json\/wp\/v2\/posts\/77065\/revisions"}],"predecessor-version":[{"id":77067,"href":"https:\/\/goiasemtempo.com.br\/home\/wp-json\/wp\/v2\/posts\/77065\/revisions\/77067"}],"wp:featuredmedia":[{"embeddable":true,"href":"https:\/\/goiasemtempo.com.br\/home\/wp-json\/wp\/v2\/media\/77066"}],"wp:attachment":[{"href":"https:\/\/goiasemtempo.com.br\/home\/wp-json\/wp\/v2\/media?parent=77065"}],"wp:term":[{"taxonomy":"category","embeddable":true,"href":"https:\/\/goiasemtempo.com.br\/home\/wp-json\/wp\/v2\/categories?post=77065"},{"taxonomy":"post_tag","embeddable":true,"href":"https:\/\/goiasemtempo.com.br\/home\/wp-json\/wp\/v2\/tags?post=77065"}],"curies":[{"name":"wp","href":"https:\/\/api.w.org\/{rel}","templated":true}]}}