{"id":76994,"date":"2025-05-16T20:05:22","date_gmt":"2025-05-16T20:05:22","guid":{"rendered":"https:\/\/goiasemtempo.com.br\/home\/?p=76994"},"modified":"2025-05-16T20:06:10","modified_gmt":"2025-05-16T20:06:10","slug":"china-uniao-europeia-e-argentina-suspendem-compra-de-frango-do-brasil","status":"publish","type":"post","link":"https:\/\/goiasemtempo.com.br\/home\/china-uniao-europeia-e-argentina-suspendem-compra-de-frango-do-brasil\/","title":{"rendered":"China, Uni\u00e3o Europeia e Argentina suspendem compra de frango do Brasil"},"content":{"rendered":"<div id=\"chunk-2onjj\">\n<div class=\"mc-column content-text active-extra-styles \" data-block-type=\"unstyled\" data-block-weight=\"36\" data-block-id=\"2\">\n<p class=\" content-text__container \" data-track-category=\"Link no Texto\" data-track-links=\"\" data-mrf-recirculation=\"Mat\u00e9ria - Links no Texto\">Ap\u00f3s China , a Uni\u00e3o Europeia e a Argentina tamb\u00e9m interromperam importa\u00e7\u00f5es de carne de frango do Brasil, ap\u00f3s o registro do 1\u00ba caso de gripe avi\u00e1ria em granja comercial, nesta quinta-feira (15), em Montenegro (RS).<\/p>\n<\/div>\n<\/div>\n<div class=\"wall protected-content\">\n<div id=\"chunk-7sjqp\">\n<div class=\"mc-column content-text active-extra-styles \" data-block-type=\"unstyled\" data-block-weight=\"35\" data-block-id=\"4\">\n<p class=\" content-text__container \" data-track-category=\"Link no Texto\" data-track-links=\"\" data-mrf-recirculation=\"Mat\u00e9ria - Links no Texto\">o\u00a0 secret\u00e1rio-adjunto de Com\u00e9rcio e Rela\u00e7\u00f5es Internacionais do Minist\u00e9rio da Agricultura, Marcel Moreira, explicou em entrevista ao Site G1 que, para a China e Uni\u00e3o Europeia, as exporta\u00e7\u00f5es de todos os estados do Brasil est\u00e3o suspensas.<\/p>\n<\/div>\n<\/div>\n<div id=\"chunk-trh0\">\n<div class=\"mc-column content-text active-extra-styles \" data-block-type=\"unstyled\" data-block-weight=\"24\" data-block-id=\"5\">\n<p class=\" content-text__container \" data-track-category=\"Link no Texto\" data-track-links=\"\" data-mrf-recirculation=\"Mat\u00e9ria - Links no Texto\">E que a medida faz parte de acordos assinados com esses mercados que preveem bloqueios autom\u00e1ticos de exporta\u00e7\u00f5es, em caso de doen\u00e7as em granjas.<\/p>\n<\/div>\n<\/div>\n<div id=\"chunk-6g66b\">\n<div class=\"mc-column content-text active-extra-styles \" data-block-type=\"unstyled\" data-block-weight=\"20\" data-block-id=\"6\">\n<p class=\" content-text__container \" data-track-category=\"Link no Texto\" data-track-links=\"\" data-mrf-recirculation=\"Mat\u00e9ria - Links no Texto\">Moreira esclarece que, para os demais clientes do Brasil, h\u00e1 acordo regionalizados e que isso muda de pa\u00eds para pa\u00eds.<\/p>\n<\/div>\n<\/div>\n<div id=\"chunk-65e2m\">\n<div class=\"content-ads content-ads--reveal\" data-block-type=\"ads\" data-block-id=\"7\">\n<div id=\"banner_materia2\" class=\"tag-manager-publicidade-container mc-has-reveal mc-has-ad-lazyload tag-manager-publicidade-banner_materia2 tag-manager-publicidade-container--carregado tag-manager-publicidade-container--visivel\" data-id=\"banner_materia2\" data-google-query-id=\"CKW4rqfkqI0DFVtJuAQd24Yt3g\">\n<div id=\"google_ads_iframe_\/95377733\/tvg_G1\/Agronegocios_3__container__\">Para alguns, h\u00e1 suspens\u00f5es de vendas somente do local de foco da doen\u00e7a, ou do munic\u00edpio ou do estado.<\/div>\n<\/div>\n<\/div>\n<\/div>\n<div id=\"chunk-3ma6a\">\n<div class=\"mc-column content-text active-extra-styles \" data-block-type=\"unstyled\" data-block-weight=\"16\" data-block-id=\"9\">\n<p class=\" content-text__container \" data-track-category=\"Link no Texto\" data-track-links=\"\" data-mrf-recirculation=\"Mat\u00e9ria - Links no Texto\">H\u00e1, por exemplo, acordos regionalizados com Jap\u00e3o, Emirados \u00c1rabes, Reino Unido, Filipinas, Argentina e Ar\u00e1bia Saudita.<\/p>\n<\/div>\n<\/div>\n<div id=\"chunk-1o1st\">\n<div class=\"mc-column content-text active-extra-styles \" data-block-type=\"unstyled\" data-block-weight=\"15\" data-block-id=\"10\">\n<p class=\" content-text__container \" data-track-category=\"Link no Texto\" data-track-links=\"\" data-mrf-recirculation=\"Mat\u00e9ria - Links no Texto\">&#8220;Com o Jap\u00e3o, por exemplo, n\u00f3s temos um acordo por munic\u00edpio que negociamos recentemente&#8221;, exemplifica.<\/p>\n<\/div>\n<\/div>\n<div id=\"chunk-hmaq\">\n<div class=\"mc-column content-text active-extra-styles \" data-block-type=\"unstyled\" data-block-weight=\"33\" data-block-id=\"11\">\n<p class=\" content-text__container \" data-track-category=\"Link no Texto\" data-track-links=\"\" data-mrf-recirculation=\"Mat\u00e9ria - Links no Texto\">Moreira esclarece ainda que os acordos preveem que \u00e9 o pr\u00f3prio Brasil que suspende automaticamente as exporta\u00e7\u00f5es de frango, quando h\u00e1 detec\u00e7\u00e3o de doen\u00e7as em granjas. Antes mesmo de os pa\u00edses se pronunciarem.<\/p>\n<\/div>\n<\/div>\n<div id=\"chunk-5t9k2\">\n<div class=\"mc-column content-text active-extra-styles \" data-block-type=\"unstyled\" data-block-weight=\"18\" data-block-id=\"12\">\n<p class=\" content-text__container \" data-track-category=\"Link no Texto\" data-track-links=\"\" data-mrf-recirculation=\"Mat\u00e9ria - Links no Texto\">&#8220;\u00c9 um procedimento j\u00e1 acordado, pa\u00eds a pa\u00eds, para garantir a credibilidade do Brasil em mercados internacionais&#8221;, explica.<\/p>\n<\/div>\n<\/div>\n<div id=\"chunk-6cshd\">\n<div class=\"mc-column content-text active-extra-styles\" data-block-type=\"raw\" data-block-weight=\"4\" data-block-id=\"13\">\n<div class=\"content-intertitle\">\n<h2>Nota do governo argentino<\/h2>\n<\/div>\n<p>&nbsp;<\/p>\n<\/div>\n<\/div>\n<div id=\"chunk-blcs1\">\n<div class=\"mc-column content-text active-extra-styles \" data-block-type=\"unstyled\" data-block-weight=\"35\" data-block-id=\"14\">\n<p class=\" content-text__container \" data-track-category=\"Link no Texto\" data-track-links=\"\" data-mrf-recirculation=\"Mat\u00e9ria - Links no Texto\">A ag\u00eancia sanit\u00e1ria estatal a Argentina, Senasa, determinou nesta sexta-feira (16) a suspens\u00e3o das importa\u00e7\u00f5es de produtos e subprodutos de aves do Brasil, que confirmou o\u00a0<a class=\"\" href=\"https:\/\/g1.globo.com\/economia\/agronegocios\/noticia\/2025\/05\/16\/china-interrompe-compra-de-carne-de-frango-por-60-dias-apos-1o-caso-de-gripe-aviaria-em-granja-comercial-no-brasil.ghtml\" data-mrf-link=\"https:\/\/g1.globo.com\/economia\/agronegocios\/noticia\/2025\/05\/16\/china-interrompe-compra-de-carne-de-frango-por-60-dias-apos-1o-caso-de-gripe-aviaria-em-granja-comercial-no-brasil.ghtml\" target=\"_blank\" rel=\"noopener\">primeiro caso de gripe avi\u00e1ria em uma granja comercial<\/a>.<\/p>\n<\/div>\n<\/div>\n<div id=\"chunk-6jqvs\">\n<div class=\"mc-column content-text active-extra-styles \" data-block-type=\"unstyled\" data-block-weight=\"42\" data-block-id=\"15\">\n<p class=\" content-text__container \" data-track-category=\"Link no Texto\" data-track-links=\"\" data-mrf-recirculation=\"Mat\u00e9ria - Links no Texto\">Mais cedo, o ministro da Agricultura e Pecu\u00e1ria, Carlos F\u00e1varo, anunciou que a\u00a0<a class=\"\" href=\"https:\/\/g1.globo.com\/economia\/agronegocios\/noticia\/2025\/05\/16\/china-interrompe-compra-de-carne-de-frango-por-60-dias-apos-1o-caso-de-gripe-aviaria-em-granja-comercial-no-brasil.ghtml\" data-mrf-link=\"https:\/\/g1.globo.com\/economia\/agronegocios\/noticia\/2025\/05\/16\/china-interrompe-compra-de-carne-de-frango-por-60-dias-apos-1o-caso-de-gripe-aviaria-em-granja-comercial-no-brasil.ghtml\" target=\"_blank\" rel=\"noopener\">China iria interromper a compra da carne de frango por 60 dias<\/a>, conforme determina o protocolo do acordo comercial com o pa\u00eds asi\u00e1tico em um caso de gripe avi\u00e1ria.<\/p>\n<\/div>\n<\/div>\n<div id=\"chunk-6b9k8\">\n<div class=\"mc-column content-text active-extra-styles \" data-block-type=\"unstyled\" data-block-weight=\"28\" data-block-id=\"16\">\n<p class=\" content-text__container \" data-track-category=\"Link no Texto\" data-track-links=\"\" data-mrf-recirculation=\"Mat\u00e9ria - Links no Texto\">&#8220;Ap\u00f3s a confirma\u00e7\u00e3o das autoridades brasileiras, a Senasa solicitou ao setor produtivo o refor\u00e7o das medidas de biosseguran\u00e7a em seus estabelecimentos&#8221;, afirmou a ag\u00eancia argentina a em comunicado.<\/p>\n<\/div>\n<\/div>\n<div id=\"chunk-74ef0\">\n<div class=\"content-ads content-ads--reveal\" data-block-type=\"ads\" data-block-id=\"17\"><\/div>\n<\/div>\n<div data-track-category=\"multicontent\" data-track-action=\"multicontent\" data-track-noninteraction=\"false\" data-track-scroll=\"ultimo chunk conteudo\" data-track-value=\"view\">\n<div id=\"chunk-auv17\">\n<div class=\"mc-column content-text active-extra-styles \" data-block-type=\"unstyled\" data-block-weight=\"23\" data-block-id=\"18\">\n<p class=\" content-text__container \" data-track-category=\"Link no Texto\" data-track-links=\"\" data-mrf-recirculation=\"Mat\u00e9ria - Links no Texto\">Segundo a Reuters, a Senasa informou que as medidas permanecer\u00e3o em vigor at\u00e9 que o Brasil seja certificado como livre da gripe avi\u00e1ria.<\/p>\n<\/div>\n<\/div>\n<\/div>\n<\/div>\n","protected":false},"excerpt":{"rendered":"<p>Ap\u00f3s China , a Uni\u00e3o Europeia e a Argentina tamb\u00e9m interromperam importa\u00e7\u00f5es de carne de frango do Brasil, ap\u00f3s o registro do 1\u00ba caso de gripe avi\u00e1ria em granja comercial, nesta quinta-feira (15), em Montenegro (RS). o\u00a0 secret\u00e1rio-adjunto de Com\u00e9rcio e Rela\u00e7\u00f5es Internacionais do Minist\u00e9rio da Agricultura, Marcel Moreira, explicou em entrevista ao Site G1 &hellip;<\/p>\n","protected":false},"author":3,"featured_media":76995,"comment_status":"closed","ping_status":"open","sticky":false,"template":"","format":"standard","meta":{"footnotes":""},"categories":[19,8,4],"tags":[],"class_list":["post-76994","post","type-post","status-publish","format-standard","has-post-thumbnail","hentry","category-manchete","category-mundo","category-ultimas-noticias"],"_links":{"self":[{"href":"https:\/\/goiasemtempo.com.br\/home\/wp-json\/wp\/v2\/posts\/76994","targetHints":{"allow":["GET"]}}],"collection":[{"href":"https:\/\/goiasemtempo.com.br\/home\/wp-json\/wp\/v2\/posts"}],"about":[{"href":"https:\/\/goiasemtempo.com.br\/home\/wp-json\/wp\/v2\/types\/post"}],"author":[{"embeddable":true,"href":"https:\/\/goiasemtempo.com.br\/home\/wp-json\/wp\/v2\/users\/3"}],"replies":[{"embeddable":true,"href":"https:\/\/goiasemtempo.com.br\/home\/wp-json\/wp\/v2\/comments?post=76994"}],"version-history":[{"count":2,"href":"https:\/\/goiasemtempo.com.br\/home\/wp-json\/wp\/v2\/posts\/76994\/revisions"}],"predecessor-version":[{"id":76997,"href":"https:\/\/goiasemtempo.com.br\/home\/wp-json\/wp\/v2\/posts\/76994\/revisions\/76997"}],"wp:featuredmedia":[{"embeddable":true,"href":"https:\/\/goiasemtempo.com.br\/home\/wp-json\/wp\/v2\/media\/76995"}],"wp:attachment":[{"href":"https:\/\/goiasemtempo.com.br\/home\/wp-json\/wp\/v2\/media?parent=76994"}],"wp:term":[{"taxonomy":"category","embeddable":true,"href":"https:\/\/goiasemtempo.com.br\/home\/wp-json\/wp\/v2\/categories?post=76994"},{"taxonomy":"post_tag","embeddable":true,"href":"https:\/\/goiasemtempo.com.br\/home\/wp-json\/wp\/v2\/tags?post=76994"}],"curies":[{"name":"wp","href":"https:\/\/api.w.org\/{rel}","templated":true}]}}