{"id":76981,"date":"2025-05-16T19:30:51","date_gmt":"2025-05-16T19:30:51","guid":{"rendered":"https:\/\/goiasemtempo.com.br\/home\/?p=76981"},"modified":"2025-05-16T19:31:10","modified_gmt":"2025-05-16T19:31:10","slug":"ministerio-da-agricultura-e-pecuaria-confirma-primeiro-foco-de-gripe-aviaria-em-granja-comercial-no-brasil","status":"publish","type":"post","link":"https:\/\/goiasemtempo.com.br\/home\/ministerio-da-agricultura-e-pecuaria-confirma-primeiro-foco-de-gripe-aviaria-em-granja-comercial-no-brasil\/","title":{"rendered":"Minist\u00e9rio da Agricultura e Pecu\u00e1ria confirma primeiro foco de gripe avi\u00e1ria em granja comercial no Brasil"},"content":{"rendered":"<p>O Minist\u00e9rio da Agricultura e Pecu\u00e1ria (Mapa) confirmou nesta quinta-feira (15) a detec\u00e7\u00e3o do v\u00edrus da influenza avi\u00e1ria de alta patogenicidade (IAAP) em matrizeiro de aves comerciais. A detec\u00e7\u00e3o ocorreu no estado do Rio Grande do Sul, no munic\u00edpio de Montenegro.<br \/>\nEsse \u00e9 o primeiro foco de IAAP detectado em sistema de avicultura comercial no Brasil. Desde 2006, ocorre a circula\u00e7\u00e3o do v\u00edrus, principalmente na \u00c1sia, \u00c1frica e no norte da Europa.<br \/>\nO Mapa alerta que a doen\u00e7a n\u00e3o \u00e9 transmitida pelo consumo de carne de aves nem de ovos. A popula\u00e7\u00e3o brasileira e mundial pode se manter tranquila em rela\u00e7\u00e3o \u00e0 seguran\u00e7a dos produtos inspecionados, n\u00e3o havendo qualquer restri\u00e7\u00e3o ao seu consumo. O risco de infec\u00e7\u00f5es em humanos pelo v\u00edrus da gripe avi\u00e1ria \u00e9 baixo e, em sua maioria, ocorre entre tratadores ou profissionais com contato intenso com aves infectadas (vivas ou mortas).<br \/>\nAs medidas de conten\u00e7\u00e3o e erradica\u00e7\u00e3o do foco previstas no plano nacional de conting\u00eancia j\u00e1 foram iniciadas e visam n\u00e3o somente debelar a doen\u00e7a, mas tamb\u00e9m manter a capacidade produtiva do setor, garantindo o abastecimento e, assim, a seguran\u00e7a alimentar da popula\u00e7\u00e3o.<br \/>\nO Mapa tamb\u00e9m est\u00e1 realizando a comunica\u00e7\u00e3o oficial aos entes das cadeias produtivas envolvidas, \u00e0 Organiza\u00e7\u00e3o Mundial de Sa\u00fade Animal (OMSA), aos Minist\u00e9rios da Sa\u00fade e do Meio Ambiente, bem como aos parceiros comerciais do Brasil.<br \/>\nO Servi\u00e7o Veterin\u00e1rio brasileiro vem sendo treinado e equipado para o enfrentamento dessa doen\u00e7a desde a primeira d\u00e9cada dos anos 2000.<br \/>\nAo longo desses anos, para prevenir a entrada dessa doen\u00e7a no sistema de avicultura comercial brasileiro, v\u00e1rias a\u00e7\u00f5es v\u00eam sendo adotadas, como o monitoramento de aves silvestres, a vigil\u00e2ncia epidemiol\u00f3gica na avicultura comercial e de subsist\u00eancia, o treinamento constante de t\u00e9cnicos dos servi\u00e7os veterin\u00e1rios oficiais e privados, a\u00e7\u00f5es de educa\u00e7\u00e3o sanit\u00e1ria e a implementa\u00e7\u00e3o de atividades de vigil\u00e2ncia nos pontos de entrada de animais e seus produtos no Brasil.<br \/>\nTais medidas foram cruciais e se mostraram efetivas e eficientes para postergar a entrada da enfermidade na avicultura comercial brasileira ao longo desses quase 20 anos.<\/p>\n<p>&nbsp;<\/p>\n","protected":false},"excerpt":{"rendered":"<p>O Minist\u00e9rio da Agricultura e Pecu\u00e1ria (Mapa) confirmou nesta quinta-feira (15) a detec\u00e7\u00e3o do v\u00edrus da influenza avi\u00e1ria de alta patogenicidade (IAAP) em matrizeiro de aves comerciais. A detec\u00e7\u00e3o ocorreu no estado do Rio Grande do Sul, no munic\u00edpio de Montenegro. Esse \u00e9 o primeiro foco de IAAP detectado em sistema de avicultura comercial no &hellip;<\/p>\n","protected":false},"author":3,"featured_media":76982,"comment_status":"closed","ping_status":"open","sticky":false,"template":"","format":"standard","meta":{"footnotes":""},"categories":[6,19,16,4],"tags":[],"class_list":["post-76981","post","type-post","status-publish","format-standard","has-post-thumbnail","hentry","category-brasil","category-manchete","category-saude","category-ultimas-noticias"],"_links":{"self":[{"href":"https:\/\/goiasemtempo.com.br\/home\/wp-json\/wp\/v2\/posts\/76981","targetHints":{"allow":["GET"]}}],"collection":[{"href":"https:\/\/goiasemtempo.com.br\/home\/wp-json\/wp\/v2\/posts"}],"about":[{"href":"https:\/\/goiasemtempo.com.br\/home\/wp-json\/wp\/v2\/types\/post"}],"author":[{"embeddable":true,"href":"https:\/\/goiasemtempo.com.br\/home\/wp-json\/wp\/v2\/users\/3"}],"replies":[{"embeddable":true,"href":"https:\/\/goiasemtempo.com.br\/home\/wp-json\/wp\/v2\/comments?post=76981"}],"version-history":[{"count":1,"href":"https:\/\/goiasemtempo.com.br\/home\/wp-json\/wp\/v2\/posts\/76981\/revisions"}],"predecessor-version":[{"id":76983,"href":"https:\/\/goiasemtempo.com.br\/home\/wp-json\/wp\/v2\/posts\/76981\/revisions\/76983"}],"wp:featuredmedia":[{"embeddable":true,"href":"https:\/\/goiasemtempo.com.br\/home\/wp-json\/wp\/v2\/media\/76982"}],"wp:attachment":[{"href":"https:\/\/goiasemtempo.com.br\/home\/wp-json\/wp\/v2\/media?parent=76981"}],"wp:term":[{"taxonomy":"category","embeddable":true,"href":"https:\/\/goiasemtempo.com.br\/home\/wp-json\/wp\/v2\/categories?post=76981"},{"taxonomy":"post_tag","embeddable":true,"href":"https:\/\/goiasemtempo.com.br\/home\/wp-json\/wp\/v2\/tags?post=76981"}],"curies":[{"name":"wp","href":"https:\/\/api.w.org\/{rel}","templated":true}]}}