{"id":76959,"date":"2025-05-09T16:04:59","date_gmt":"2025-05-09T16:04:59","guid":{"rendered":"https:\/\/goiasemtempo.com.br\/home\/?p=76959"},"modified":"2025-05-09T16:04:59","modified_gmt":"2025-05-09T16:04:59","slug":"homem-e-preso-por-agredir-e-causar-temor-psicologico-contra-companheira-em-turvania","status":"publish","type":"post","link":"https:\/\/goiasemtempo.com.br\/home\/homem-e-preso-por-agredir-e-causar-temor-psicologico-contra-companheira-em-turvania\/","title":{"rendered":"Homem \u00e9 preso por agredir e causar temor psicol\u00f3gico contra companheira em Turv\u00e2nia"},"content":{"rendered":"<p>A Pol\u00edcia Civil de Goi\u00e1s, por meio da Delegacia de Turv\u00e2nia \u2013 7\u00aa DRP, prendeu em flagrante hoje (08) um homem pela pr\u00e1tica de viol\u00eancia dom\u00e9stica contra sua companheira: crimes de les\u00e3o corporal e viol\u00eancia psicol\u00f3gica contra a mulher. De acordo com o relato da v\u00edtima, os fatos ocorreram por volta das 7h, no Setor Campos Verdes, em Turv\u00e2nia, quando o autor, visivelmente embriagado, sem qualquer provoca\u00e7\u00e3o, passou a agredir fisicamente a companheira com socos na cabe\u00e7a e tapas no rosto, causando-lhe dor, abalo psicol\u00f3gico e profundo temor.<\/p>\n<p>Diante da gravidade dos fatos e do risco iminente \u00e0 integridade f\u00edsica e emocional da v\u00edtima, a autoridade policial determinou a imediata localiza\u00e7\u00e3o e condu\u00e7\u00e3o do autor \u00e0 delegacia, onde foi autuado em flagrante. A v\u00edtima requereu medidas protetivas de urg\u00eancia com base na Lei Maria da Penha.\u00a0O preso encontra-se custodiado e \u00e0 disposi\u00e7\u00e3o do Poder Judici\u00e1rio.<\/p>\n","protected":false},"excerpt":{"rendered":"<p>A Pol\u00edcia Civil de Goi\u00e1s, por meio da Delegacia de Turv\u00e2nia \u2013 7\u00aa DRP, prendeu em flagrante hoje (08) um homem pela pr\u00e1tica de viol\u00eancia dom\u00e9stica contra sua companheira: crimes de les\u00e3o corporal e viol\u00eancia psicol\u00f3gica contra a mulher. De acordo com o relato da v\u00edtima, os fatos ocorreram por volta das 7h, no Setor &hellip;<\/p>\n","protected":false},"author":3,"featured_media":76960,"comment_status":"closed","ping_status":"open","sticky":false,"template":"","format":"standard","meta":{"_exactmetrics_skip_tracking":false,"_exactmetrics_sitenote_active":false,"_exactmetrics_sitenote_note":"","_exactmetrics_sitenote_category":0,"footnotes":""},"categories":[4],"tags":[],"_links":{"self":[{"href":"https:\/\/goiasemtempo.com.br\/home\/wp-json\/wp\/v2\/posts\/76959"}],"collection":[{"href":"https:\/\/goiasemtempo.com.br\/home\/wp-json\/wp\/v2\/posts"}],"about":[{"href":"https:\/\/goiasemtempo.com.br\/home\/wp-json\/wp\/v2\/types\/post"}],"author":[{"embeddable":true,"href":"https:\/\/goiasemtempo.com.br\/home\/wp-json\/wp\/v2\/users\/3"}],"replies":[{"embeddable":true,"href":"https:\/\/goiasemtempo.com.br\/home\/wp-json\/wp\/v2\/comments?post=76959"}],"version-history":[{"count":1,"href":"https:\/\/goiasemtempo.com.br\/home\/wp-json\/wp\/v2\/posts\/76959\/revisions"}],"predecessor-version":[{"id":76961,"href":"https:\/\/goiasemtempo.com.br\/home\/wp-json\/wp\/v2\/posts\/76959\/revisions\/76961"}],"wp:featuredmedia":[{"embeddable":true,"href":"https:\/\/goiasemtempo.com.br\/home\/wp-json\/wp\/v2\/media\/76960"}],"wp:attachment":[{"href":"https:\/\/goiasemtempo.com.br\/home\/wp-json\/wp\/v2\/media?parent=76959"}],"wp:term":[{"taxonomy":"category","embeddable":true,"href":"https:\/\/goiasemtempo.com.br\/home\/wp-json\/wp\/v2\/categories?post=76959"},{"taxonomy":"post_tag","embeddable":true,"href":"https:\/\/goiasemtempo.com.br\/home\/wp-json\/wp\/v2\/tags?post=76959"}],"curies":[{"name":"wp","href":"https:\/\/api.w.org\/{rel}","templated":true}]}}